{"id":192076,"date":"2007-10-26T15:49:17","date_gmt":"2007-10-26T15:49:17","guid":{"rendered":"http:\/\/diariodominicano.ddns.net\/?p=192076"},"modified":"2007-10-26T15:49:17","modified_gmt":"2007-10-26T15:49:17","slug":"udc-respalda-posicion-del-cardenal-lopez-rodriguez-en-torno-a-rechazar-los-abortos","status":"publish","type":"post","link":"https:\/\/diariodominicano.com\/?p=192076","title":{"rendered":"UDC respalda posici\u00f3n del Cardenal L\u00f2pez Rodr\u00edguez, en torno a rechazar los abortos"},"content":{"rendered":"<p><body><\/p>\n<p align=\"justify\" class=\"titulogrande1\">UDC respalda posici\u00f3n del Cardenal L\u00f2pez Rodr\u00edguez, en torno a rechazar  los abortos<\/p>\n<p>&#13;<\/p>\n<p align=\"justify\" class=\"text1noticias\"><strong>Santo Domingo.-<\/strong> El presidente del Partido Uni\u00f2n  Dem\u00f3crata Cristiana (UDC)\u00a0 se solidariz\u00f2  hoy con los pronunciamientos del Arzobispo \u00a0Nicol\u00e0s de Jes\u00fas Cardenal L\u00f2pez Rodr\u00edguez en  torno al aborto y a la presencia de una misi\u00f2n de la Organizaci\u00f3n de las  Naciones Unidas (ONU), que investiga si hay xenofobia y racismo en contra de  los haitianos.<\/p>\n<p>&#13;<\/p>\n<p align=\"justify\" class=\"text1noticias\">Luis Acosta Moreta, Luis \u201cEl Gallo\u201d, presidente de la UDC,\u00a0 destac\u00f3 que los pronunciamientos del Cardenal  L\u00f2pez Rodr\u00ecguez deben ser apoyados por todos los sectores nacionales, que  rechazan la legalidad de los abortos, y desmienten\u00a0 que haya un golpeo contra los haitianos.<\/p>\n<p>&#13;<\/p>\n<p align=\"justify\" class=\"text1noticias\">Agreg\u00f2 que comparte el pronunciamiento del Cardenal en  el sentido de que no solamente es in\u00fatil, sino poco serio e irresponsable de  las Naciones Unidas, y de quien sea, mandar gente a investigar.<br \/>&#13;<br \/>\n\u00a0\u00a0\u00a0\u00a0\u00a0\u00a0\u00a0<br \/>&#13;<br \/>\nAcosta Moreta dijo que los dominicanos han dado  demostraciones de ser solidarios con todos los emigrantes, sean haitianos o de  cualquier nacionalidad, pero sin que haya menoscabo de nuestra nacionalidad.<\/p>\n<p>&#13;<\/p>\n<p align=\"justify\" class=\"text1noticias\">Apunt\u00f2 que los organismos internacionales, ligados a  las Naciones Unidas, son los que deben tomar las riendas de los problemas  haitianos, de buscar soluciones mancomunadas a los graves problemas de esa  naci\u00f3n, que no pueden estar sobre los hombros de los dominicanos.<\/p>\n<p>&#13;<\/p>\n<p align=\"justify\" class=\"text1noticias\">Enfatiz\u00f2 que\u00a0 no  es verdad que\u00a0 aqu\u00ed se maltrata a los  haitianos, como parte de una pol\u00ectica xenofoba o racista, como quieren hacer  aparecer funcionarios internacionales.<\/p>\n<p>&#13;<\/p>\n<p align=\"justify\" class=\"text1noticias\">Destac\u00f2 que apoyo los pronunciamientos que sobre el  particular han hecho los m\u00e0s\u00a0representativos voceros de las iglesias dominicanas, incluyendo al  Cardenal Nicol\u00e0s de Jes\u00fas L\u00f2pez Rodriguez.<\/p>\n<p>&#13;<\/p>\n<p align=\"justify\" class=\"text1noticias\">Luis \u201cEl Gallo\u201d tambi\u00e8n se\u00f1al\u00f2 que respalda plenamente  los pronunciamientos del Principe de la Iglesia Cat\u00f2lica Dominicana en  relaci\u00f2n con el rechazo al aborto.<\/p>\n<p>&#13;<\/p>\n<p align=\"justify\" class=\"text1noticias\">A\u00f1adi\u00f3 que como bien lo dice la Iglesia, debe ser rechazada cualquier acci\u00f2n que vaya  dirigida a eliminar la vida, en cualquiera de sus manifestaciones.<\/p>\n<p>&#13;<\/p>\n<p align=\"justify\" class=\"text1noticias\">Afirm\u00f2 que la   UDC marchar\u00e0 junto al Cardenal y la Iglesia Cat\u00f2lica, en cada una  de las acciones que realice en torno\u00a0 a  rechazar el aborto.<\/p>\n<p>&#13;<\/p>\n<h6> 2007-10-26 15:49:17 <\/h6>\n<p><!--\n<link rel=\"stylesheet\" href=\"css\/bootstrap.min.css\">\n\n\n<ul class=\"pagination\">\n\t    \n\t\n\n<li >\n\t<a href='?page_no=34823'>Previous<\/a>\n\t<\/li>\n\n\n       \n    \n\n<li><a href='?page_no=1'>1<\/a><\/li>\n\n\n\n<li><a href='?page_no=2'>2<\/a><\/li>\n\n\n\n<li><a>...<\/a><\/li>\n\n\n\n<li><a href='?page_no=34822'>34822<\/a><\/li>\n\n\n\n<li><a href='?page_no=34823'>34823<\/a><\/li>\n\n\n\n<li class='active'><a>34824<\/a><\/li>\n\n\n\n<li><a href='?page_no=34825'>34825<\/a><\/li>\n\n\n\n<li><a href='?page_no=34826'>34826<\/a><\/li>\n\n\n\n<li><a>...<\/a><\/li>\n\n\n\n<li><a href='?page_no=36999'>36999<\/a><\/li>\n\n\n\n<li><a href='?page_no=37000'>37000<\/a><\/li>\n\n    \n\t\n\n<li >\n\t<a href='?page_no=34825'>Next<\/a>\n\t<\/li>\n\n\n    \n\n<li><a href='?page_no=37000'>Last &rsaquo;&rsaquo;<\/a><\/li>\n\n<\/ul>\n\n\n--><br \/>\n<\/body><\/p>\n","protected":false},"excerpt":{"rendered":"<p>UDC respalda posici\u00f3n del Cardenal L\u00f2pez Rodr\u00edguez, en torno a rechazar los abortos &#13; Santo Domingo.- El presidente del Partido Uni\u00f2n Dem\u00f3crata Cristiana (UDC)\u00a0 se solidariz\u00f2 hoy con los pronunciamientos del Arzobispo \u00a0Nicol\u00e0s de Jes\u00fas Cardenal L\u00f2pez Rodr\u00edguez en torno al aborto y a la presencia de una misi\u00f2n de la Organizaci\u00f3n de las Naciones [&hellip;]<\/p>\n","protected":false},"author":3,"featured_media":0,"comment_status":"open","ping_status":"open","sticky":false,"template":"","format":"standard","meta":{"footnotes":""},"categories":[22],"tags":[],"class_list":["post-192076","post","type-post","status-publish","format-standard","hentry","category-politica"],"_links":{"self":[{"href":"https:\/\/diariodominicano.com\/index.php?rest_route=\/wp\/v2\/posts\/192076","targetHints":{"allow":["GET"]}}],"collection":[{"href":"https:\/\/diariodominicano.com\/index.php?rest_route=\/wp\/v2\/posts"}],"about":[{"href":"https:\/\/diariodominicano.com\/index.php?rest_route=\/wp\/v2\/types\/post"}],"author":[{"embeddable":true,"href":"https:\/\/diariodominicano.com\/index.php?rest_route=\/wp\/v2\/users\/3"}],"replies":[{"embeddable":true,"href":"https:\/\/diariodominicano.com\/index.php?rest_route=%2Fwp%2Fv2%2Fcomments&post=192076"}],"version-history":[{"count":0,"href":"https:\/\/diariodominicano.com\/index.php?rest_route=\/wp\/v2\/posts\/192076\/revisions"}],"wp:attachment":[{"href":"https:\/\/diariodominicano.com\/index.php?rest_route=%2Fwp%2Fv2%2Fmedia&parent=192076"}],"wp:term":[{"taxonomy":"category","embeddable":true,"href":"https:\/\/diariodominicano.com\/index.php?rest_route=%2Fwp%2Fv2%2Fcategories&post=192076"},{"taxonomy":"post_tag","embeddable":true,"href":"https:\/\/diariodominicano.com\/index.php?rest_route=%2Fwp%2Fv2%2Ftags&post=192076"}],"curies":[{"name":"wp","href":"https:\/\/api.w.org\/{rel}","templated":true}]}}