{"id":192075,"date":"2007-10-26T15:52:05","date_gmt":"2007-10-26T15:52:05","guid":{"rendered":"http:\/\/diariodominicano.ddns.net\/?p=192075"},"modified":"2007-10-26T15:52:05","modified_gmt":"2007-10-26T15:52:05","slug":"candelier-sera-proclamado-el-domingo-candidato-presidencial","status":"publish","type":"post","link":"https:\/\/diariodominicano.com\/?p=192075","title":{"rendered":"Candelier ser\u00e1 proclamado el domingo candidato presidencial"},"content":{"rendered":"<p><body><\/p>\n<p class=\"titulogrande1\">Candelier  ser\u00e1 proclamado el domingo candidato presidencial<\/p>\n<p>&#13;<\/p>\n<p align=\"justify\" class=\"text1noticias\"><strong>Santo Domingo.- <\/strong>El ex general  Pedro de Jes\u00fas Candelier ser\u00e1 proclamado\u00a0  este domingo candidato presidencial del Partido Alianza Popular (PAP) en  un acto que se efectuar\u00e1 en el hotel Dominican Fiesta, a partir de la 10:00  a.m.\u00a0 <\/p>\n<p>&#13;<\/p>\n<p align=\"justify\" class=\"text1noticias\">El PAP inform\u00f3 que al acto  asistir\u00e1n militantes y dirigentes de la organizaci\u00f3n e invitados especiales. El  evento ser\u00e1 transmitido por una cadena de radio-tv a todo el pa\u00eds. <br \/>&#13;<br \/>\n  \u00a0<br \/>&#13;<br \/>\n  La proclamaci\u00f3n de Candelier  completar\u00e1 la casi totalidad de los candidatos presidenciales que se espera  participen en los comicios del 2008. Candelier, ex jefe de la Polic\u00eda Nacional  ha desempe\u00f1ado varios cargos en la administraci\u00f3n p\u00fablica.<\/p>\n<p>&#13;<\/p>\n<h6> 2007-10-26 15:52:05 <\/h6>\n<p><!--\n<link rel=\"stylesheet\" href=\"css\/bootstrap.min.css\">\n\n\n<ul class=\"pagination\">\n\t    \n\t\n\n<li >\n\t<a href='?page_no=34822'>Previous<\/a>\n\t<\/li>\n\n\n       \n    \n\n<li><a href='?page_no=1'>1<\/a><\/li>\n\n\n\n<li><a href='?page_no=2'>2<\/a><\/li>\n\n\n\n<li><a>...<\/a><\/li>\n\n\n\n<li><a href='?page_no=34821'>34821<\/a><\/li>\n\n\n\n<li><a href='?page_no=34822'>34822<\/a><\/li>\n\n\n\n<li class='active'><a>34823<\/a><\/li>\n\n\n\n<li><a href='?page_no=34824'>34824<\/a><\/li>\n\n\n\n<li><a href='?page_no=34825'>34825<\/a><\/li>\n\n\n\n<li><a>...<\/a><\/li>\n\n\n\n<li><a href='?page_no=36999'>36999<\/a><\/li>\n\n\n\n<li><a href='?page_no=37000'>37000<\/a><\/li>\n\n    \n\t\n\n<li >\n\t<a href='?page_no=34824'>Next<\/a>\n\t<\/li>\n\n\n    \n\n<li><a href='?page_no=37000'>Last &rsaquo;&rsaquo;<\/a><\/li>\n\n<\/ul>\n\n\n--><br \/>\n<\/body><\/p>\n","protected":false},"excerpt":{"rendered":"<p>Candelier ser\u00e1 proclamado el domingo candidato presidencial &#13; Santo Domingo.- El ex general Pedro de Jes\u00fas Candelier ser\u00e1 proclamado\u00a0 este domingo candidato presidencial del Partido Alianza Popular (PAP) en un acto que se efectuar\u00e1 en el hotel Dominican Fiesta, a partir de la 10:00 a.m.\u00a0 &#13; El PAP inform\u00f3 que al acto asistir\u00e1n militantes y [&hellip;]<\/p>\n","protected":false},"author":3,"featured_media":0,"comment_status":"open","ping_status":"open","sticky":false,"template":"","format":"standard","meta":{"footnotes":""},"categories":[22],"tags":[],"class_list":["post-192075","post","type-post","status-publish","format-standard","hentry","category-politica"],"_links":{"self":[{"href":"https:\/\/diariodominicano.com\/index.php?rest_route=\/wp\/v2\/posts\/192075","targetHints":{"allow":["GET"]}}],"collection":[{"href":"https:\/\/diariodominicano.com\/index.php?rest_route=\/wp\/v2\/posts"}],"about":[{"href":"https:\/\/diariodominicano.com\/index.php?rest_route=\/wp\/v2\/types\/post"}],"author":[{"embeddable":true,"href":"https:\/\/diariodominicano.com\/index.php?rest_route=\/wp\/v2\/users\/3"}],"replies":[{"embeddable":true,"href":"https:\/\/diariodominicano.com\/index.php?rest_route=%2Fwp%2Fv2%2Fcomments&post=192075"}],"version-history":[{"count":0,"href":"https:\/\/diariodominicano.com\/index.php?rest_route=\/wp\/v2\/posts\/192075\/revisions"}],"wp:attachment":[{"href":"https:\/\/diariodominicano.com\/index.php?rest_route=%2Fwp%2Fv2%2Fmedia&parent=192075"}],"wp:term":[{"taxonomy":"category","embeddable":true,"href":"https:\/\/diariodominicano.com\/index.php?rest_route=%2Fwp%2Fv2%2Fcategories&post=192075"},{"taxonomy":"post_tag","embeddable":true,"href":"https:\/\/diariodominicano.com\/index.php?rest_route=%2Fwp%2Fv2%2Ftags&post=192075"}],"curies":[{"name":"wp","href":"https:\/\/api.w.org\/{rel}","templated":true}]}}