{"id":192073,"date":"2007-10-26T15:57:36","date_gmt":"2007-10-26T15:57:36","guid":{"rendered":"http:\/\/diariodominicano.ddns.net\/?p=192073"},"modified":"2007-10-26T15:57:36","modified_gmt":"2007-10-26T15:57:36","slug":"jaime-david-afirma-que-el-pais-recuerda-mal-gobierno-de-hipolito-mejia","status":"publish","type":"post","link":"https:\/\/diariodominicano.com\/?p=192073","title":{"rendered":"Jaime David afirma que el pa\u00eds recuerda mal Gobierno de Hip\u00f3lito Mej\u00eda"},"content":{"rendered":"<p><body><\/p>\n<p align=\"justify\" class=\"titulogrande1\">Jaime  David afirma que el pa\u00eds recuerda mal  Gobierno de Hip\u00f3lito Mej\u00eda <\/p>\n<p>&#13;<\/p>\n<p align=\"justify\" class=\"text1noticias\"><strong>Santo Domingo.-<\/strong> El ex  vicepresidente de la   Rep\u00fablica, Jaime David Fern\u00e1ndez Mirabal dijo \u00a0que se alegra de que sea Hip\u00f3lito Mej\u00eda quien  hable del Caso Baninter, porque as\u00ed la gente recuerda el desastre econ\u00f3mico que  represent\u00f3 su gobierno. <\/p>\n<p>&#13;<\/p>\n<p align=\"justify\" class=\"text1noticias\">Manifest\u00f3 que cuando Mej\u00eda  aparece en los medios de comunicaci\u00f3n la poblaci\u00f3n recuerda que encabez\u00f3 la  administraci\u00f3n del Proyecto Presidencial Hip\u00f3lito (PPH), \u201cel gobierno que le  gener\u00f3 m\u00e1s de un mill\u00f3n de pobres al pa\u00eds\u201d.<\/p>\n<p>&#13;<\/p>\n<p align=\"justify\" class=\"text1noticias\">Sostiene que con esos  antecedentes el ex mandatario est\u00e1 descalificado para opinar del Caso Baniter.  El ex vicepresidente fue entrevistado en el Palacio Nacional sobre las  declaraciones de Hip\u00f3lito Mej\u00eda en el sentido de que el presidente Leonel  Fern\u00e1ndez intervino en la sentencia de la quiebra bancaria.<\/p>\n<p>&#13;<\/p>\n<p align=\"justify\" class=\"text1noticias\">\u201cFue \u00e9l (Hip\u00f3lito Mej\u00eda), con  el manejo de la econom\u00eda de forma equivocada, el que nos llev\u00f3 al fondo de la  hoya y ah\u00ed tuvimos que acudir al Fondo Monetario Internacional\u201d, agreg\u00f3 el  dirigente del PLD.<\/p>\n<p>&#13;<\/p>\n<p align=\"justify\" class=\"text1noticias\">Afirm\u00f3 que el candidato  presidencial del Partido Revolucionario Dominicano (PRD), Miguel Vargas  Maldonado, usar\u00eda la expresi\u00f3n \u2013frente a Mej\u00eda\u2013\u00a0  \u201cno me defienda compadre\u201d.\u00a0\u00a0 <\/p>\n<p>&#13;<\/p>\n<p align=\"justify\" class=\"text1noticias\">Destac\u00f3 que \u201ces importante  para el pa\u00eds que el ex presidente Hip\u00f3lito Mej\u00eda siga siendo el vocero oficial  de la oposici\u00f3n para que la gente recuerde que ese fue el\u00a0 responsable del Gobierno del PPH\u201d.<\/p>\n<p>&#13;<\/p>\n<p align=\"justify\" class=\"text1noticias\">\u201cSon las declaraciones de un  pol\u00edtico y le deseamos suerte, creo que le har\u00eda bien al pa\u00eds de mantenerse en  la palestra p\u00fablica\u201d, indic\u00f3. <\/p>\n<p>&#13;<\/p>\n<h6> 2007-10-26 15:57:36 <\/h6>\n<p><!--\n<link rel=\"stylesheet\" href=\"css\/bootstrap.min.css\">\n\n\n<ul class=\"pagination\">\n\t    \n\t\n\n<li >\n\t<a href='?page_no=34820'>Previous<\/a>\n\t<\/li>\n\n\n       \n    \n\n<li><a href='?page_no=1'>1<\/a><\/li>\n\n\n\n<li><a href='?page_no=2'>2<\/a><\/li>\n\n\n\n<li><a>...<\/a><\/li>\n\n\n\n<li><a href='?page_no=34819'>34819<\/a><\/li>\n\n\n\n<li><a href='?page_no=34820'>34820<\/a><\/li>\n\n\n\n<li class='active'><a>34821<\/a><\/li>\n\n\n\n<li><a href='?page_no=34822'>34822<\/a><\/li>\n\n\n\n<li><a href='?page_no=34823'>34823<\/a><\/li>\n\n\n\n<li><a>...<\/a><\/li>\n\n\n\n<li><a href='?page_no=36999'>36999<\/a><\/li>\n\n\n\n<li><a href='?page_no=37000'>37000<\/a><\/li>\n\n    \n\t\n\n<li >\n\t<a href='?page_no=34822'>Next<\/a>\n\t<\/li>\n\n\n    \n\n<li><a href='?page_no=37000'>Last &rsaquo;&rsaquo;<\/a><\/li>\n\n<\/ul>\n\n\n--><br \/>\n<\/body><\/p>\n","protected":false},"excerpt":{"rendered":"<p>Jaime David afirma que el pa\u00eds recuerda mal Gobierno de Hip\u00f3lito Mej\u00eda &#13; Santo Domingo.- El ex vicepresidente de la Rep\u00fablica, Jaime David Fern\u00e1ndez Mirabal dijo \u00a0que se alegra de que sea Hip\u00f3lito Mej\u00eda quien hable del Caso Baninter, porque as\u00ed la gente recuerda el desastre econ\u00f3mico que represent\u00f3 su gobierno. &#13; Manifest\u00f3 que cuando [&hellip;]<\/p>\n","protected":false},"author":3,"featured_media":0,"comment_status":"open","ping_status":"open","sticky":false,"template":"","format":"standard","meta":{"footnotes":""},"categories":[22],"tags":[],"class_list":["post-192073","post","type-post","status-publish","format-standard","hentry","category-politica"],"_links":{"self":[{"href":"https:\/\/diariodominicano.com\/index.php?rest_route=\/wp\/v2\/posts\/192073","targetHints":{"allow":["GET"]}}],"collection":[{"href":"https:\/\/diariodominicano.com\/index.php?rest_route=\/wp\/v2\/posts"}],"about":[{"href":"https:\/\/diariodominicano.com\/index.php?rest_route=\/wp\/v2\/types\/post"}],"author":[{"embeddable":true,"href":"https:\/\/diariodominicano.com\/index.php?rest_route=\/wp\/v2\/users\/3"}],"replies":[{"embeddable":true,"href":"https:\/\/diariodominicano.com\/index.php?rest_route=%2Fwp%2Fv2%2Fcomments&post=192073"}],"version-history":[{"count":0,"href":"https:\/\/diariodominicano.com\/index.php?rest_route=\/wp\/v2\/posts\/192073\/revisions"}],"wp:attachment":[{"href":"https:\/\/diariodominicano.com\/index.php?rest_route=%2Fwp%2Fv2%2Fmedia&parent=192073"}],"wp:term":[{"taxonomy":"category","embeddable":true,"href":"https:\/\/diariodominicano.com\/index.php?rest_route=%2Fwp%2Fv2%2Fcategories&post=192073"},{"taxonomy":"post_tag","embeddable":true,"href":"https:\/\/diariodominicano.com\/index.php?rest_route=%2Fwp%2Fv2%2Ftags&post=192073"}],"curies":[{"name":"wp","href":"https:\/\/api.w.org\/{rel}","templated":true}]}}