{"id":192072,"date":"2007-10-26T20:28:42","date_gmt":"2007-10-26T20:28:42","guid":{"rendered":"http:\/\/diariodominicano.ddns.net\/?p=192072"},"modified":"2007-10-26T20:28:42","modified_gmt":"2007-10-26T20:28:42","slug":"mochi-fadul-dice-que-el-gobierno-no-debe-ser-interrumpido-para-el-bien-del-pais","status":"publish","type":"post","link":"https:\/\/diariodominicano.com\/?p=192072","title":{"rendered":"Mochi Fadul dice que el gobierno no debe ser interrumpido para el bien del pa\u00eds"},"content":{"rendered":"<p><body><\/p>\n<p align=\"justify\" class=\"titulogrande1\"><strong>Mochi Fadul dice que el gobierno no debe ser interrumpido para el bien  del pa\u00eds\u00a0 <\/strong><\/p>\n<p>&#13;<\/p>\n<p align=\"justify\" class=\"text1noticias\"><strong><img loading=\"lazy\" decoding=\"async\" src=\"http:\/\/localhost:8080\/pictures\/juramento.jpg\" width=\"269\" height=\"203\" hspace=\"4\" align=\"left\" \/>NUEVA YORK.- <\/strong>El miembro  del Comit\u00e9 Pol\u00edtico y del\u00a0 Equipo Nacional de Campa\u00f1a del candidato presidencial  del Partido de la   Liberaci\u00f3n Dominicana (PLD), \u00a0Ram\u00f3n Fadul (Monchi), declar\u00f3  el jueves que el\u00a0 gobierno que dirige el pa\u00eds no puede ser interrumpido  para el bien de la naci\u00f3n. <\/p>\n<p>&#13;<\/p>\n<p align=\"justify\" class=\"text1noticias\">\u00abEl pueblo  no puede cometer de \u00a0 nuevo el error que cometi\u00f3 cuando vot\u00f3 por Hip\u00f3lito  Mej\u00eda, ya\u00a0 que ese gobierno no sab\u00eda hacia que rumbo iba a dirigir el  pa\u00eds, lo que provoc\u00f3 un retroceso que le ha tocado al gobierno de Leonel  Fern\u00e1ndez tres a\u00f1os en recuperarse\u00bb, dijo Monchi Fadul. <\/p>\n<p>&#13;<\/p>\n<p align=\"justify\" class=\"text1noticias\">En sus  palabras resalt\u00f3 el estelar papel de la comunidad dominicana residente en  Estados Unidos, resaltando que los dominicanos que viven en el exterior han sido  determinantes en los procesos electorales en raz\u00f3n de la visi\u00f3n que tienen, lo  que seg\u00fan \u00e9l le permite apreciar con calidad lo que m\u00e1s le conviene al pa\u00eds. <\/p>\n<p>&#13;<\/p>\n<p align=\"justify\" class=\"text1noticias\">Fadul tom\u00f3\u00a0Juramento  \u00a0del Comit\u00e9 Estatal de Campa\u00f1a del Partido de la Liberaci\u00f3n Dominicana  en Nueva York \u00a0que promover\u00e1 la candidatura presidencial del doctor Leonel  Fern\u00e1ndez en esta ciudad. <\/p>\n<p>&#13;<\/p>\n<p align=\"justify\" class=\"text1noticias\">Un acto masivo  sirvi\u00f3 de escenario a la juramentaci\u00f3n del Comit\u00e9 de Campa\u00f1a que concentr\u00f3 a  miles de\u00a0miembros del PLD en el Estado de Nueva York \u00a0 <\/p>\n<p>&#13;<\/p>\n<p align=\"justify\" class=\"text1noticias\">Monchi Fadul,  estuvo acompa\u00f1ado de la diputada \u00a0Minou Tav\u00e1rez Mirabal, el encargado de  cultos de la campa\u00f1a Francisco Cruz Pascual, y el director de campa\u00f1a de  Boston, Dominico Cabral. <\/p>\n<p>&#13;<\/p>\n<p align=\"justify\" class=\"text1noticias\">Carlos Feliz,  coordinador general de campa\u00f1a del estado de Nueva York, agradeci\u00f3 a los medios  de la prensa por haber hecho acto de presencia en el lugar y los exhort\u00f3 a  \u00a0que divulguen a trav\u00e9s de los medios que representan, el apoyo que ha  dado la comunidad dominicana a Leonel Fern\u00e1ndez en el exterior. Expres\u00f3 que su  mayor inter\u00e9s era el de integrar a todos los miembros del PLD, en torno a la  candidatura de Fern\u00e1ndez. <\/p>\n<p>&#13;<\/p>\n<p align=\"justify\" class=\"text1noticias\">Asimismo, el director  de estrategia estatal del PLD, Frank Cortorreal, \u00a0dijo que el compromiso de los pelede\u00edstas es  evitar que la tragedia que represent\u00f3 el PRD, vuelva a dirigir el pa\u00eds. Asegur\u00f3 que la  direcci\u00f3n de campa\u00f1a en el estado de Nueva York del PLD no escatimar\u00e1 esfuerzos  para lograr que siga el progreso. <\/p>\n<p>&#13;<\/p>\n<p align=\"justify\" class=\"text1noticias\">El equipo  estatal est\u00e1 integrado por Carlos Feliz, coordinador general, y lo completan  Frank Cortorreal, Juan Isidro Mart\u00ednez, Lu\u00eds Lithgow, Ram\u00f3n Santana, Francisco  Fern\u00e1ndez, Juan Tapia Mendoza, Alfredo Rodr\u00edguez, Carmen Dean, Dar\u00edo Medina,  Gregorio Malena, Carlos S\u00e1nchez, Francisco Robles, V\u00edctor Compr\u00e9s, Gregorio  Morrobel, Yberth Rodr\u00edguez, David Cordero y Jos\u00e9 Bodr\u00e9. <\/p>\n<p>&#13;<\/p>\n<p align=\"justify\" class=\"text1noticias\">Tambi\u00e9n, por  \u00a0 Fausto de la Rosa,  Mariano Garc\u00eda, Baltazar Figuereo, Ernesto Gonz\u00e1lez, Nelson Encarnaci\u00f3n,  Emiliano P\u00e9rez Espinosa, Cruz Santana, Julio S\u00e1nchez, Jacqueline G\u00fc\u00edlamo,  Miguelina Echevarria, Francisco Garc\u00eda Valent\u00edn, Hilario Gonz\u00e1lez, Cecilia  B\u00e1ez, Sobeira Dur\u00e1n, Dionisio Ventura, entre otros. <\/p>\n<p>&#13;<\/p>\n<p align=\"justify\" class=\"text1noticias\">En un reporte de  Jos\u00e9 D. Batista, de la   Secretar\u00eda de Comunicaciones del PLD en Nueva York se destac\u00f3  que los\u00a0 partidos aliados estuvieron representados\u00a0 por \u00a0 Rafael  Batista Genaro, del ADP, Lu\u00eds Ferreira y Rafael Moreno, del BIS, Pablo Garc\u00eda  del PTD, y Alberto Mercado y Nelson Balcacer del Consejo Presidencial  Reformista. <br \/>&#13;<br \/>\n  \u00a0 <br \/>&#13;<br \/>\n  En el acto de  juramentaci\u00f3n del equipo de campa\u00f1a del PLD, en el estado de Nueva York,  tambi\u00e9n estuvieron presentes el asamble\u00edsta Adriano Espaillat y M\u00e1ximo Padilla,  director del Comit\u00e9 del Dominicanos en el Exterior, Lu\u00eds Bogaert, embajador  asistente del canciller Carlos Morales Troncoso; Rafael Montes de Oca,  presidente de uno de los movimientos externos, entre otros lideres. <\/p>\n<p>&#13;<\/p>\n<h6> 2007-10-26 20:28:42 <\/h6>\n<p><!--\n<link rel=\"stylesheet\" href=\"css\/bootstrap.min.css\">\n\n\n<ul class=\"pagination\">\n\t    \n\t\n\n<li >\n\t<a href='?page_no=34819'>Previous<\/a>\n\t<\/li>\n\n\n       \n    \n\n<li><a href='?page_no=1'>1<\/a><\/li>\n\n\n\n<li><a href='?page_no=2'>2<\/a><\/li>\n\n\n\n<li><a>...<\/a><\/li>\n\n\n\n<li><a href='?page_no=34818'>34818<\/a><\/li>\n\n\n\n<li><a href='?page_no=34819'>34819<\/a><\/li>\n\n\n\n<li class='active'><a>34820<\/a><\/li>\n\n\n\n<li><a href='?page_no=34821'>34821<\/a><\/li>\n\n\n\n<li><a href='?page_no=34822'>34822<\/a><\/li>\n\n\n\n<li><a>...<\/a><\/li>\n\n\n\n<li><a href='?page_no=36999'>36999<\/a><\/li>\n\n\n\n<li><a href='?page_no=37000'>37000<\/a><\/li>\n\n    \n\t\n\n<li >\n\t<a href='?page_no=34821'>Next<\/a>\n\t<\/li>\n\n\n    \n\n<li><a href='?page_no=37000'>Last &rsaquo;&rsaquo;<\/a><\/li>\n\n<\/ul>\n\n\n--><br \/>\n<\/body><\/p>\n","protected":false},"excerpt":{"rendered":"<p>Mochi Fadul dice que el gobierno no debe ser interrumpido para el bien del pa\u00eds\u00a0 &#13; NUEVA YORK.- El miembro del Comit\u00e9 Pol\u00edtico y del\u00a0 Equipo Nacional de Campa\u00f1a del candidato presidencial del Partido de la Liberaci\u00f3n Dominicana (PLD), \u00a0Ram\u00f3n Fadul (Monchi), declar\u00f3 el jueves que el\u00a0 gobierno que dirige el pa\u00eds no puede ser [&hellip;]<\/p>\n","protected":false},"author":3,"featured_media":0,"comment_status":"open","ping_status":"open","sticky":false,"template":"","format":"standard","meta":{"footnotes":""},"categories":[22],"tags":[],"class_list":["post-192072","post","type-post","status-publish","format-standard","hentry","category-politica"],"_links":{"self":[{"href":"https:\/\/diariodominicano.com\/index.php?rest_route=\/wp\/v2\/posts\/192072","targetHints":{"allow":["GET"]}}],"collection":[{"href":"https:\/\/diariodominicano.com\/index.php?rest_route=\/wp\/v2\/posts"}],"about":[{"href":"https:\/\/diariodominicano.com\/index.php?rest_route=\/wp\/v2\/types\/post"}],"author":[{"embeddable":true,"href":"https:\/\/diariodominicano.com\/index.php?rest_route=\/wp\/v2\/users\/3"}],"replies":[{"embeddable":true,"href":"https:\/\/diariodominicano.com\/index.php?rest_route=%2Fwp%2Fv2%2Fcomments&post=192072"}],"version-history":[{"count":0,"href":"https:\/\/diariodominicano.com\/index.php?rest_route=\/wp\/v2\/posts\/192072\/revisions"}],"wp:attachment":[{"href":"https:\/\/diariodominicano.com\/index.php?rest_route=%2Fwp%2Fv2%2Fmedia&parent=192072"}],"wp:term":[{"taxonomy":"category","embeddable":true,"href":"https:\/\/diariodominicano.com\/index.php?rest_route=%2Fwp%2Fv2%2Fcategories&post=192072"},{"taxonomy":"post_tag","embeddable":true,"href":"https:\/\/diariodominicano.com\/index.php?rest_route=%2Fwp%2Fv2%2Ftags&post=192072"}],"curies":[{"name":"wp","href":"https:\/\/api.w.org\/{rel}","templated":true}]}}