{"id":192070,"date":"2007-10-27T04:14:27","date_gmt":"2007-10-27T04:14:27","guid":{"rendered":"http:\/\/diariodominicano.ddns.net\/?p=192070"},"modified":"2007-10-27T04:14:27","modified_gmt":"2007-10-27T04:14:27","slug":"tras-gran-apoyo-en-spm-leonel-prosigue-agenda-politica-este-fin-de-semana","status":"publish","type":"post","link":"https:\/\/diariodominicano.com\/?p=192070","title":{"rendered":"Tras gran apoyo en SPM Leonel prosigue agenda pol\u00edtica este fin de semana"},"content":{"rendered":"<p><body><\/p>\n<p align=\"justify\" class=\"titulogrande1\">Tras gran apoyo en SPM Leonel  prosigue agenda pol\u00edtica este fin de semana <\/p>\n<p>&#13;<\/p>\n<p align=\"justify\" class=\"text1noticias\"><strong><img loading=\"lazy\" decoding=\"async\" src=\"http:\/\/localhost:8080\/pictures\/leonel macoris.jpg\" width=\"269\" height=\"545\" hspace=\"4\" align=\"left\" \/>Santo Domingo.-<\/strong> Tras haber  realizado un exitoso recorrido el pasado jueves en la Provincia de San Pedro  de Macor\u00eds, el candidato a la presidencia por el Partido de la Liberaci\u00f3n Dominicana,  doctor Leonel Fern\u00e1ndez, continuar\u00e1 con una extensa agenda pol\u00edtica durante  este fin de semana.\u00a0 <\/p>\n<p>&#13;<\/p>\n<p align=\"justify\" class=\"text1noticias\">Este s\u00e1bado el mandatario,  recorrer\u00e1 municipios y sectores populares de la Provincia de Monse\u00f1or  Nouel, iniciando su recorrido a las 10:00 de la ma\u00f1ana en el municipio  cabecera, Bonao. Ese mismo d\u00eda, visitar\u00e1 la Provincia de S\u00e1nchez  Ram\u00edrez, en donde iniciar\u00e1 su recorrido a las 03:00 de la tarde en Cotu\u00ed,  municipio de la citada provincia.\u00a0 <\/p>\n<p>&#13;<\/p>\n<p align=\"justify\" class=\"text1noticias\">El domingo el doctor  Fern\u00e1ndez prosigue su visita en la provincia Salcedo a partir de las 11:00 de la  ma\u00f1ana, en donde sostendr\u00e1 encuentros con las figuras hist\u00f3ricas del partido  fundado por el profesor Juan Bosh. Ese mismo d\u00eda el mandatario estar\u00e1 en  distintos municipios de la Provincia Espaillat, iniciando a la 01:30 de la  tarde en el municipio de Moca.\u00a0\u00a0 <\/p>\n<p>&#13;<\/p>\n<p align=\"justify\" class=\"text1noticias\">En los recorridos que  realiza el candidato a la presidencia del partido morado, se siente el gran  apoyo y la gran aceptaci\u00f3n que ponderan los dominicanos a que contin\u00fae el  progreso para el bienestar de la naci\u00f3n y de las futuras generaciones. <\/p>\n<p>&#13;<\/p>\n<h6> 2007-10-27 04:14:27 <\/h6>\n<p><!--\n<link rel=\"stylesheet\" href=\"css\/bootstrap.min.css\">\n\n\n<ul class=\"pagination\">\n\t    \n\t\n\n<li >\n\t<a href='?page_no=34817'>Previous<\/a>\n\t<\/li>\n\n\n       \n    \n\n<li><a href='?page_no=1'>1<\/a><\/li>\n\n\n\n<li><a href='?page_no=2'>2<\/a><\/li>\n\n\n\n<li><a>...<\/a><\/li>\n\n\n\n<li><a href='?page_no=34816'>34816<\/a><\/li>\n\n\n\n<li><a href='?page_no=34817'>34817<\/a><\/li>\n\n\n\n<li class='active'><a>34818<\/a><\/li>\n\n\n\n<li><a href='?page_no=34819'>34819<\/a><\/li>\n\n\n\n<li><a href='?page_no=34820'>34820<\/a><\/li>\n\n\n\n<li><a>...<\/a><\/li>\n\n\n\n<li><a href='?page_no=36999'>36999<\/a><\/li>\n\n\n\n<li><a href='?page_no=37000'>37000<\/a><\/li>\n\n    \n\t\n\n<li >\n\t<a href='?page_no=34819'>Next<\/a>\n\t<\/li>\n\n\n    \n\n<li><a href='?page_no=37000'>Last &rsaquo;&rsaquo;<\/a><\/li>\n\n<\/ul>\n\n\n--><br \/>\n<\/body><\/p>\n","protected":false},"excerpt":{"rendered":"<p>Tras gran apoyo en SPM Leonel prosigue agenda pol\u00edtica este fin de semana &#13; Santo Domingo.- Tras haber realizado un exitoso recorrido el pasado jueves en la Provincia de San Pedro de Macor\u00eds, el candidato a la presidencia por el Partido de la Liberaci\u00f3n Dominicana, doctor Leonel Fern\u00e1ndez, continuar\u00e1 con una extensa agenda pol\u00edtica durante [&hellip;]<\/p>\n","protected":false},"author":3,"featured_media":0,"comment_status":"open","ping_status":"open","sticky":false,"template":"","format":"standard","meta":{"footnotes":""},"categories":[22],"tags":[],"class_list":["post-192070","post","type-post","status-publish","format-standard","hentry","category-politica"],"_links":{"self":[{"href":"https:\/\/diariodominicano.com\/index.php?rest_route=\/wp\/v2\/posts\/192070","targetHints":{"allow":["GET"]}}],"collection":[{"href":"https:\/\/diariodominicano.com\/index.php?rest_route=\/wp\/v2\/posts"}],"about":[{"href":"https:\/\/diariodominicano.com\/index.php?rest_route=\/wp\/v2\/types\/post"}],"author":[{"embeddable":true,"href":"https:\/\/diariodominicano.com\/index.php?rest_route=\/wp\/v2\/users\/3"}],"replies":[{"embeddable":true,"href":"https:\/\/diariodominicano.com\/index.php?rest_route=%2Fwp%2Fv2%2Fcomments&post=192070"}],"version-history":[{"count":0,"href":"https:\/\/diariodominicano.com\/index.php?rest_route=\/wp\/v2\/posts\/192070\/revisions"}],"wp:attachment":[{"href":"https:\/\/diariodominicano.com\/index.php?rest_route=%2Fwp%2Fv2%2Fmedia&parent=192070"}],"wp:term":[{"taxonomy":"category","embeddable":true,"href":"https:\/\/diariodominicano.com\/index.php?rest_route=%2Fwp%2Fv2%2Fcategories&post=192070"},{"taxonomy":"post_tag","embeddable":true,"href":"https:\/\/diariodominicano.com\/index.php?rest_route=%2Fwp%2Fv2%2Ftags&post=192070"}],"curies":[{"name":"wp","href":"https:\/\/api.w.org\/{rel}","templated":true}]}}