{"id":192069,"date":"2007-10-28T14:32:19","date_gmt":"2007-10-28T14:32:19","guid":{"rendered":"http:\/\/diariodominicano.ddns.net\/?p=192069"},"modified":"2007-10-28T14:32:19","modified_gmt":"2007-10-28T14:32:19","slug":"leonel-fernandez-el-16-de-mayo-de-2008-los-electores-tendran-la-responsabilidad-de-definir-el-futuro-de-la-republica-dominicana","status":"publish","type":"post","link":"https:\/\/diariodominicano.com\/?p=192069","title":{"rendered":"Leonel Fern\u00e1ndez: el 16 de mayo de 2008 los electores tendr\u00e1n la responsabilidad de definir el futuro de la Rep\u00fablica Dominicana"},"content":{"rendered":"<p><body><\/p>\n<p align=\"justify\" class=\"titulogrande1\">Leonel Fern\u00e1ndez:  el 16 de mayo de 2008 los electores tendr\u00e1n la responsabilidad de definir el  futuro de la   Rep\u00fablica Dominicana<\/p>\n<p>&#13;<\/p>\n<p align=\"justify\" class=\"text1noticias\"><strong><img loading=\"lazy\" decoding=\"async\" src=\"http:\/\/localhost:8080\/pictures\/leonel cotui.jpg\" width=\"269\" height=\"360\" hspace=\"4\" align=\"left\" \/>COTUI, provincia S\u00e1nchez Ram\u00edrez.-<\/strong> En las venideras elecciones  presidenciales a celebrarse el 16 de mayo del 2008 los electores tendr\u00e1n la  responsabilidad de definir el futuro de la Rep\u00fablica Dominicana,  sostuvo este s\u00e1bado el doctor Leonel Fern\u00e1ndez, presidente de la Rep\u00fablica, y candidato  presidencial del Partido de Liberaci\u00f3n Dominicana y veinte fuerzas aliadas. <\/p>\n<p>&#13;<\/p>\n<p align=\"justify\" class=\"text1noticias\">  \u00abAqu\u00ed de lo que  se trata es, en ocasi\u00f3n del pr\u00f3ximo torneo electoral, de definir el futuro de la Rep\u00fablica Dominicana.\u00a0\u00a0 Hemos visto repetirse una y otras vez en la  historia contempor\u00e1nea de la Rep\u00fablica Dominicana que cuando el PRD llega al  poder la miseria se entroniza en todo el territorio nacional\u00bb, proclam\u00f3  Fern\u00e1ndez a su llegada al municipio de Cotu\u00ed, en su recorrido del s\u00e1bado por  las provincias Monse\u00f1or Nouel y S\u00e1nchez Ram\u00edrez. <\/p>\n<p>&#13;<\/p>\n<p align=\"justify\" class=\"text1noticias\">En su arenga ante miles de peledeistas, balagueristas y ex reformistas  que le esperaron, el candidato del PLD y aliados\u00a0 record\u00f3 que cuando esas fuerzas han actuado  mancomunadamente en los procesos electorales,\u00a0  el pa\u00eds sale beneficiado porque progresa. <\/p>\n<p>&#13;<\/p>\n<p align=\"justify\" class=\"text1noticias\">\u00abAvanza hacia la modernizaci\u00f3n y combate con eficacia la pobreza\u00bb,  acot\u00f3 Fern\u00e1ndez mencionando a Machanito Agramonte y su hija Deysi, que en ese  momento le acompa\u00f1aban en representaci\u00f3n del Partido Popular Reformista a  quienes calific\u00f3 como \u00abs\u00edmbolos hist\u00f3ricos de la causa del  Balaguerismo\u00bb. <\/p>\n<p>&#13;<\/p>\n<p align=\"justify\" class=\"text1noticias\">El presidente Leonel Fern\u00e1ndez dijo que el accionar de respaldo de  significativas fuerzas pol\u00edticas tradicionales aseguran su tradicional arenga  de campa\u00f1a de que \u00abE\u00b4palante que vamos\u00bb. <br \/>&#13;<br \/>\n\u00a0\u00a0\u00a0\u00a0\u00a0\u00a0\u00a0\u00a0 <br \/>&#13;<br \/>\nA su llegada a la   Cotu\u00ed, el presidente Leonel Fern\u00e1ndez fue recibido por una  comitiva de dirigentes pelede\u00edstas y de agrupaciones aliadas que encabez\u00f3  Carlos Amarante Baret, como responsable pol\u00edtico de la campa\u00f1a en esa  demarcaci\u00f3n y el miembro del Comit\u00e9 Central y coordinador provincial de campa\u00f1a  Alejandro Jerez. <\/p>\n<p>&#13;<\/p>\n<p align=\"justify\" class=\"text1noticias\">En el trayecto desde Bonao a Cotu\u00ed la comitiva presidencial redujo  la marcha en las comunidades de Rinc\u00f3n, El Caser\u00edo,\u00a0\u00a0 Fantino, Angelina,\u00a0 Los Corozos y Las Matas para saludar a  cientos de militantes y simpatizantes del PLD que salieron a su encuentro a su  paso por la comunidad. <\/p>\n<p>&#13;<\/p>\n<p align=\"justify\" class=\"text1noticias\">El recorrido por la provincia S\u00e1nchez Ram\u00edrez se inici\u00f3 por el  barrio Los Tocones, donde el doctor Leonel Fern\u00e1ndez visit\u00f3 al dirigente  pelede\u00edsta Librado Reyes y\u00a0 sucesivamente  a la profesora Leida Brito, en el barrio Pueblo Nuevo y en el barrio Libertad  visit\u00f3 al dirigente comunitario Andr\u00e9s Bel\u00e9n, as\u00ed como\u00a0\u00a0 a Emiliano Le\u00f3n, en la calle Central del  Barrio Libertad. <\/p>\n<p>&#13;<\/p>\n<p align=\"justify\" class=\"text1noticias\">Su \u00faltima parada fue en la calle\u00a0\u00a0  San Jos\u00e9 en donde inaugur\u00f3 y jurament\u00f3 la direcci\u00f3n del Movimiento  Primera vuelta. <\/p>\n<p>&#13;<\/p>\n<p align=\"justify\" class=\"text1noticias\">Acompa\u00f1aron al  presidente Leonel Fern\u00e1ndez en su recorrido Francisco Javier Garc\u00eda,  Alejandrina Germ\u00e1n, F\u00e9lix Bautista, Salvador Jim\u00e9nez, Lu\u00eds Manuel Bonnetti,  V\u00edctor D\u00edaz Rua, Sim\u00f3n Lizardo, Emigdio Sosa, Ram\u00f3n Rivas y Paino Abreu, entre  otros dirigentes peledeistas integrantes del Comit\u00e9 de Campa\u00f1a. En Cotui\u00a0\u00a0 les esperaron entre otros, Carlos Amarante Baret, miembro del Comit\u00e9  Pol\u00edtico y supervisor Pol\u00edtico de la Provincia, Alejandro Jerez, Coordinador  Provincial y Victoriano Santos del Comit\u00e9 Municipal de Campa\u00f1a y Jos\u00e9 de la Cruz, gobernador provincial. <\/p>\n<p>&#13;<\/p>\n<h6> 2007-10-28 14:32:19 <\/h6>\n<p><!--\n<link rel=\"stylesheet\" href=\"css\/bootstrap.min.css\">\n\n\n<ul class=\"pagination\">\n\t    \n\t\n\n<li >\n\t<a href='?page_no=34816'>Previous<\/a>\n\t<\/li>\n\n\n       \n    \n\n<li><a href='?page_no=1'>1<\/a><\/li>\n\n\n\n<li><a href='?page_no=2'>2<\/a><\/li>\n\n\n\n<li><a>...<\/a><\/li>\n\n\n\n<li><a href='?page_no=34815'>34815<\/a><\/li>\n\n\n\n<li><a href='?page_no=34816'>34816<\/a><\/li>\n\n\n\n<li class='active'><a>34817<\/a><\/li>\n\n\n\n<li><a href='?page_no=34818'>34818<\/a><\/li>\n\n\n\n<li><a href='?page_no=34819'>34819<\/a><\/li>\n\n\n\n<li><a>...<\/a><\/li>\n\n\n\n<li><a href='?page_no=36999'>36999<\/a><\/li>\n\n\n\n<li><a href='?page_no=37000'>37000<\/a><\/li>\n\n    \n\t\n\n<li >\n\t<a href='?page_no=34818'>Next<\/a>\n\t<\/li>\n\n\n    \n\n<li><a href='?page_no=37000'>Last &rsaquo;&rsaquo;<\/a><\/li>\n\n<\/ul>\n\n\n--><br \/>\n<\/body><\/p>\n","protected":false},"excerpt":{"rendered":"<p>Leonel Fern\u00e1ndez: el 16 de mayo de 2008 los electores tendr\u00e1n la responsabilidad de definir el futuro de la Rep\u00fablica Dominicana &#13; COTUI, provincia S\u00e1nchez Ram\u00edrez.- En las venideras elecciones presidenciales a celebrarse el 16 de mayo del 2008 los electores tendr\u00e1n la responsabilidad de definir el futuro de la Rep\u00fablica Dominicana, sostuvo este s\u00e1bado [&hellip;]<\/p>\n","protected":false},"author":3,"featured_media":0,"comment_status":"open","ping_status":"open","sticky":false,"template":"","format":"standard","meta":{"footnotes":""},"categories":[22],"tags":[],"class_list":["post-192069","post","type-post","status-publish","format-standard","hentry","category-politica"],"_links":{"self":[{"href":"https:\/\/diariodominicano.com\/index.php?rest_route=\/wp\/v2\/posts\/192069","targetHints":{"allow":["GET"]}}],"collection":[{"href":"https:\/\/diariodominicano.com\/index.php?rest_route=\/wp\/v2\/posts"}],"about":[{"href":"https:\/\/diariodominicano.com\/index.php?rest_route=\/wp\/v2\/types\/post"}],"author":[{"embeddable":true,"href":"https:\/\/diariodominicano.com\/index.php?rest_route=\/wp\/v2\/users\/3"}],"replies":[{"embeddable":true,"href":"https:\/\/diariodominicano.com\/index.php?rest_route=%2Fwp%2Fv2%2Fcomments&post=192069"}],"version-history":[{"count":0,"href":"https:\/\/diariodominicano.com\/index.php?rest_route=\/wp\/v2\/posts\/192069\/revisions"}],"wp:attachment":[{"href":"https:\/\/diariodominicano.com\/index.php?rest_route=%2Fwp%2Fv2%2Fmedia&parent=192069"}],"wp:term":[{"taxonomy":"category","embeddable":true,"href":"https:\/\/diariodominicano.com\/index.php?rest_route=%2Fwp%2Fv2%2Fcategories&post=192069"},{"taxonomy":"post_tag","embeddable":true,"href":"https:\/\/diariodominicano.com\/index.php?rest_route=%2Fwp%2Fv2%2Ftags&post=192069"}],"curies":[{"name":"wp","href":"https:\/\/api.w.org\/{rel}","templated":true}]}}