{"id":192068,"date":"2007-10-28T15:03:44","date_gmt":"2007-10-28T15:03:44","guid":{"rendered":"http:\/\/diariodominicano.ddns.net\/?p=192068"},"modified":"2007-10-28T15:03:44","modified_gmt":"2007-10-28T15:03:44","slug":"dice-los-perredeistas-afuera-estan-y-afuera-se-quedaran","status":"publish","type":"post","link":"https:\/\/diariodominicano.com\/?p=192068","title":{"rendered":"Dice los perrede\u00edstas \u00abAfuera est\u00e1n y afuera se quedar\u00e1n\u00bb"},"content":{"rendered":"<p><body><\/p>\n<p class=\"titulogrande1\">Dice los  perrede\u00edstas \u00abAfuera est\u00e1n y afuera se quedar\u00e1n\u00bb<\/p>\n<p>&#13;<\/p>\n<p align=\"justify\" class=\"text1noticias\">Las lluvias \u00a0desde las  primeras horas de la ma\u00f1ana en Bonao,\u00a0 no  impidieron que miles militantes del Partido de la Liberaci\u00f3n Dominicana  y fuerzas aliadas se concentraran en la calle 12 de julio, esquina la antigua  autopista Duarte para dar un caluroso recibimiento al Presidente Leonel  Fern\u00e1ndez\u00a0\u00a0 y los integrantes del Comit\u00e9  Nacional de Campa\u00f1a que llegaron all\u00ed para continuar los contactos populares y  las actividades de calentamiento previo al acto de proclamaci\u00f3n de la  candidatura programado para noviembre pr\u00f3ximo. <\/p>\n<p>&#13;<\/p>\n<p align=\"justify\" class=\"text1noticias\"><strong><img loading=\"lazy\" decoding=\"async\" src=\"http:\/\/localhost:8080\/pictures\/leonel cotui 2.jpg\" width=\"269\" height=\"181\" hspace=\"4\" align=\"left\" \/>BONAO.- <\/strong>\u00abAfuera est\u00e1n y afuera se quedar\u00e1n\u00bb la sentencia  es del Presidente Leonel Fern\u00e1ndez candidato presidencial del Partido de la Liberaci\u00f3n Dominicana  en el breve acto de inauguraci\u00f3n de un local del movimiento pol\u00edtico  \u00abPrimera Vuelta\u00bb en Bonao, Provincia Monse\u00f1or Nouel, municipio que el  mandatario recorri\u00f3 en la continuaci\u00f3n de las jornadas denominadas de contactos  populares. <\/p>\n<p>&#13;<\/p>\n<p align=\"justify\" class=\"text1noticias\">Se hizo un alto en el camino para dejar inaugurado el local\u00a0\u00a0 de los dirigentes balagueristas\u00a0 en donde hicieron uso de la palabra H\u00e9ctor  Rodr\u00edguez Pimentel, Taty Santos y el ex Senador Salvador G\u00f3mez Gil <\/p>\n<p>&#13;<\/p>\n<p align=\"justify\" class=\"text1noticias\">El Presidente destac\u00f3 la militancia de la poblaci\u00f3n de Bonao y el  contundente respaldo\u00a0 a su candidatura  que le llev\u00f3 a desafiar las condiciones del tiempo con una presencia coherente  y compacta en las actividades en el municipio.<\/p>\n<p>&#13;<\/p>\n<p align=\"justify\" class=\"text1noticias\">\u00abMe doy cuenta que para haber tenido que soportar todo lo que  han hecho en el d\u00eda de hoy se requiere tener una profunda convicci\u00f3n, una fe en  el futuro, un determinismo en el sentido de que solamente esta opci\u00f3n pol\u00edtica  ofrece un porvenir venturoso a la mayor\u00eda de los dominicanos\u00bb.<\/p>\n<p>&#13;<\/p>\n<p align=\"justify\" class=\"text1noticias\">Destac\u00f3 que la presencia de miles de personas de Bonao respaldando  al PLD y sus aliados, es una expresi\u00f3n del compromiso que se tiene con el  progreso, la modernizaci\u00f3n y el bienestar para el pa\u00eds. <\/p>\n<p>&#13;<\/p>\n<p align=\"justify\" class=\"text1noticias\">Resalt\u00f3 en sus palabras\u00a0 que  los compromisos contra\u00eddos entre las fuerzas del PLD y las balagueristas  \u00abcristalizar\u00e1 en un triunfo arrollador en primera vuelta el pr\u00f3ximo 16 de  mayor\u00bb A seguidas la sentencia que declara fuera del control del gobierno  al PRD y su candidato presidencial: \u00abafuera est\u00e1n y afuera se quedaran. Ni  un paso atr\u00e1s. E palante que vamos a pasos de vencedores\u00bb\u00a0 \u00a0exclam\u00f3  el candidato del PLD concitando el aplauso de la multitud que a pesar del  aguacero escuch\u00f3 sus palabras y la de los oradores que le antecedieron. <\/p>\n<p>&#13;<\/p>\n<p align=\"justify\" class=\"text1noticias\">Las lluvias \u00a0desde las  primeras horas de la ma\u00f1ana en Bonao,\u00a0 no  impidieron que miles militantes del Partido de la Liberaci\u00f3n Dominicana  y fuerzas aliadas se concentraran en la calle 12 de julio, esquina la antigua  autopista Duarte para dar un caluroso recibimiento al Presidente Leonel  Fern\u00e1ndez\u00a0\u00a0 y los integrantes del Comit\u00e9  Nacional de Campa\u00f1a que llegaron all\u00ed para continuar los contactos populares y  las actividades de calentamiento previo al acto de proclamaci\u00f3n de la  candidatura programado para noviembre pr\u00f3ximo. <\/p>\n<p>&#13;<\/p>\n<p align=\"justify\" class=\"text1noticias\">El presidente lleg\u00f3 al lugar donde se le esperaba minutos antes de  las doce del mediod\u00eda mientras ca\u00eda un ligera llovizna la que no impidi\u00f3 que se  iniciara el recorrido programado en la \u00a0Villa de  las Hortensias. <\/p>\n<p>&#13;<\/p>\n<p align=\"justify\" class=\"text1noticias\">Desde el vehiculo en marcha el Presidente y candidato presidencial  del PLD y una veintena de Fuerzas aliadas salud\u00f3 la multitud que le esperaba y  vitoreaba consignas\u00a0\u00a0 a favor de su  triunfo en las elecciones de mayo venidero.<\/p>\n<p>&#13;<\/p>\n<p align=\"justify\" class=\"text1noticias\">Con alto parlante y los denominados Disco Light\u00a0 se escuchaban temas\u00a0 musicales de la campa\u00f1a a cargo de grupos de  merengue y bachatas los que eran coreados por la multitud que ondeaba las  banderas del PLD y los partidos aliados en el Bloque Progresista.\u00a0\u00a0 Desde el lugar del encuentro se inici\u00f3 el  recorrido por los barrios populares de Bonao en donde el Presidente Leonel  Fern\u00e1ndez encontr\u00f3 un c\u00e1lido respaldo expresado en los moradores que sal\u00edan a  las galer\u00edas, azoteas y callejones ondeando telas de color morado y presentando  los afiches del nuevamente candidato presidencial. <\/p>\n<p>&#13;<\/p>\n<p align=\"justify\" class=\"text1noticias\">En el trayecto hizo una primera parada en la casa de Manuel  Antonio Solano, de los fundadores del PLD en Bonao, ubicada\u00a0 en la calle Pedro Santana, pas\u00f3 luego al  barrio\u00a0 Las Mercedes y se detuvo en la Casa de Alberto Grull\u00f3n, un  antiguo militante pelede\u00edsta. <\/p>\n<p>&#13;<\/p>\n<p align=\"justify\" class=\"text1noticias\">Una tercera parada la hizo el Presidente Leonel Fern\u00e1ndez con los  integrantes del Comit\u00e9 de Campa\u00f1a en la casa de Nereyda Rosario, dirigente del  PLD, residente en la calle Mauricio B\u00e1ez, en el Barrio Prosperidad. De ah\u00ed se  pas\u00f3 al barrio M\u00e1ximo G\u00f3mez a la calle Cayo B\u00e1ez, en la Casa\u00a0\u00a0 de Nelson Jos\u00e9 S\u00e1nchez, dirigente del PLD,  pas\u00f3 luego a la Zona Sur  visitando la casa de Pedro Su\u00e1rez, en la calle Privada en donde almorz\u00f3. Luego  del almuerzo se traslado al acto de Inauguraci\u00f3n del local Leonel en Primera  vuelta ubicado en la calle Duarte a la salida del municipio <\/p>\n<p>&#13;<\/p>\n<p align=\"justify\" class=\"text1noticias\">Acompa\u00f1aron al presidente Leonel Fern\u00e1ndez en su recorrido  Francisco Javier Garc\u00eda, Alejandrina Germ\u00e1n, F\u00e9lix Bautista, Salvador Jim\u00e9nez,  Ignacio Ditr\u00e9n, Sim\u00f3n Lizardo , Emigdio Sosa , Ram\u00f3n Rivas y Paino Abreu, entre  otros dirigentes peledeistas, integrantes del Comit\u00e9 de Campa\u00f1a. En Bonao les  esperaron entre otros,\u00a0 los diputados  Jos\u00e9 Antonio Fabi\u00e1n, Casimiro Ramos, el Senador F\u00e9lix Nova y otros quienes  integran el comit\u00e9 de campa\u00f1a peledeista en la urbe <\/p>\n<p>&#13;<\/p>\n<p align=\"justify\" class=\"text1noticias\">El trayecto se hizo bajo fuertes lluvias que motivaron la salida  de los moradores con paraguas y capotas a expresar apoyo al PLD y al Presidente  Leonel Fern\u00e1ndez para un nuevo periodo de gobierno. <\/p>\n<p>&#13;<\/p>\n<p align=\"justify\" class=\"text1noticias\">La presencia de los partidos aliados fue notoria en el recorrido,  ellos tambi\u00e9n llevaron sus banderas, los antiguos reformistas, el Partido de  los Trabajadores Dominicanos, Quisqueyano Dem\u00f3crata Cristiano, Uni\u00f3n Dem\u00f3crata  Cristiana, y el Partido Liberal entre otros.\u00a0\u00a0  De Bonao el Presidente y el Comit\u00e9 de Campa\u00f1a salieron \u00a0rumbo a la Provincia S\u00e1nchez  Ram\u00edrez para realizar all\u00ed similares actividades.<\/p>\n<p>&#13;<\/p>\n<h6> 2007-10-28 15:03:44 <\/h6>\n<p><!--\n<link rel=\"stylesheet\" href=\"css\/bootstrap.min.css\">\n\n\n<ul class=\"pagination\">\n\t    \n\t\n\n<li >\n\t<a href='?page_no=34815'>Previous<\/a>\n\t<\/li>\n\n\n       \n    \n\n<li><a href='?page_no=1'>1<\/a><\/li>\n\n\n\n<li><a href='?page_no=2'>2<\/a><\/li>\n\n\n\n<li><a>...<\/a><\/li>\n\n\n\n<li><a href='?page_no=34814'>34814<\/a><\/li>\n\n\n\n<li><a href='?page_no=34815'>34815<\/a><\/li>\n\n\n\n<li class='active'><a>34816<\/a><\/li>\n\n\n\n<li><a href='?page_no=34817'>34817<\/a><\/li>\n\n\n\n<li><a href='?page_no=34818'>34818<\/a><\/li>\n\n\n\n<li><a>...<\/a><\/li>\n\n\n\n<li><a href='?page_no=36999'>36999<\/a><\/li>\n\n\n\n<li><a href='?page_no=37000'>37000<\/a><\/li>\n\n    \n\t\n\n<li >\n\t<a href='?page_no=34817'>Next<\/a>\n\t<\/li>\n\n\n    \n\n<li><a href='?page_no=37000'>Last &rsaquo;&rsaquo;<\/a><\/li>\n\n<\/ul>\n\n\n--><br \/>\n<\/body><\/p>\n","protected":false},"excerpt":{"rendered":"<p>Dice los perrede\u00edstas \u00abAfuera est\u00e1n y afuera se quedar\u00e1n\u00bb &#13; Las lluvias \u00a0desde las primeras horas de la ma\u00f1ana en Bonao,\u00a0 no impidieron que miles militantes del Partido de la Liberaci\u00f3n Dominicana y fuerzas aliadas se concentraran en la calle 12 de julio, esquina la antigua autopista Duarte para dar un caluroso recibimiento al Presidente [&hellip;]<\/p>\n","protected":false},"author":3,"featured_media":0,"comment_status":"open","ping_status":"open","sticky":false,"template":"","format":"standard","meta":{"footnotes":""},"categories":[22],"tags":[],"class_list":["post-192068","post","type-post","status-publish","format-standard","hentry","category-politica"],"_links":{"self":[{"href":"https:\/\/diariodominicano.com\/index.php?rest_route=\/wp\/v2\/posts\/192068","targetHints":{"allow":["GET"]}}],"collection":[{"href":"https:\/\/diariodominicano.com\/index.php?rest_route=\/wp\/v2\/posts"}],"about":[{"href":"https:\/\/diariodominicano.com\/index.php?rest_route=\/wp\/v2\/types\/post"}],"author":[{"embeddable":true,"href":"https:\/\/diariodominicano.com\/index.php?rest_route=\/wp\/v2\/users\/3"}],"replies":[{"embeddable":true,"href":"https:\/\/diariodominicano.com\/index.php?rest_route=%2Fwp%2Fv2%2Fcomments&post=192068"}],"version-history":[{"count":0,"href":"https:\/\/diariodominicano.com\/index.php?rest_route=\/wp\/v2\/posts\/192068\/revisions"}],"wp:attachment":[{"href":"https:\/\/diariodominicano.com\/index.php?rest_route=%2Fwp%2Fv2%2Fmedia&parent=192068"}],"wp:term":[{"taxonomy":"category","embeddable":true,"href":"https:\/\/diariodominicano.com\/index.php?rest_route=%2Fwp%2Fv2%2Fcategories&post=192068"},{"taxonomy":"post_tag","embeddable":true,"href":"https:\/\/diariodominicano.com\/index.php?rest_route=%2Fwp%2Fv2%2Ftags&post=192068"}],"curies":[{"name":"wp","href":"https:\/\/api.w.org\/{rel}","templated":true}]}}