{"id":192067,"date":"2007-10-28T15:14:55","date_gmt":"2007-10-28T15:14:55","guid":{"rendered":"http:\/\/diariodominicano.ddns.net\/?p=192067"},"modified":"2007-10-28T15:14:55","modified_gmt":"2007-10-28T15:14:55","slug":"miguel-vargas-dice-leonel-fernandez-ha-creado-una-maquinaria-destructora-de-empleos-y-creadora-de-pobreza","status":"publish","type":"post","link":"https:\/\/diariodominicano.com\/?p=192067","title":{"rendered":"Miguel Vargas dice   Leonel Fern\u00e1ndez ha creado una maquinaria destructora de empleos y creadora de pobreza"},"content":{"rendered":"<p><body><\/p>\n<p align=\"justify\" class=\"titulogrande1\">Miguel Vargas dice Leonel Fern\u00e1ndez  ha creado una maquinaria destructora de empleos y creadora de pobreza <\/p>\n<p>&#13;<\/p>\n<p align=\"justify\"><span class=\"text1noticias\"><strong><img loading=\"lazy\" decoding=\"async\" src=\"http:\/\/localhost:8080\/pictures\/miguel vargas santiago.jpg\" width=\"269\" height=\"312\" hspace=\"4\" align=\"left\" \/>SANTIAGO.- <\/strong>El candidato presidencial del Partido Revolucionario  Dominicano, \u00a0Miguel Vargas Maldonado,  responsabiliz\u00f3 ayer al presidente Leonel Fern\u00e1ndez de haber creado desde el  gobierno \u201cuna maquinaria destructora de empleos y creadora de pobreza\u201d.<br \/>&#13;<br \/>\n  <br \/>&#13;<br \/>\nAtribuy\u00f3 al candidato del PLD de traicionar a las futuras  generaciones del pa\u00eds que confiaron en sus promesas de respeto a las leyes y a \u00a0la Constituci\u00f3n de la Rep\u00fablica\u201d.<br \/>&#13;<br \/>\n<br \/>&#13;<br \/>\n\u201cLa juventud dominicana se ha desenga\u00f1ado de un candidato  presidente que se present\u00f3 como moderno, como progresista, como dem\u00f3crata y ha  dado muestras de todo lo contrario\u201d.<br \/>&#13;<br \/>\n<br \/>&#13;<br \/>\nVargas Maldonado, quien cumple un amplio programa proselitista de  dos d\u00edas por esta provincia, signific\u00f3 que \u201cel ejemplo que Leonel Fern\u00e1ndez le  est\u00e1 dando a la juventud en estos momentos, es el peor ejemplo que se le puede  dar para su presente y para su futuro, como lo es la compra de consciencias con  el dinero del pueblo\u201d.<br \/>&#13;<br \/>\n<br \/>&#13;<br \/>\n  Dijo que el gobierno tampoco ha correspondido con lo que es su discurso  de modernidad que practica el Presidente, pero que no lo cumple.<br \/>&#13;<br \/>\n  <br \/>&#13;<br \/>\n\u201cNosotros vemos entonces que tenemos a un Presidente candidato  reeleccionista que tiene un discurso y una ret\u00f3rica y en la realidad  tiene una gesti\u00f3n divorciada totalmente de ese discurso\u201d, acot\u00f3 Vargas  Maldonado al hablar en un desayuno-encuentro con empresarios productores  agropecuarios, comerciantes y agentes de cambio, en la residencia del  empresario Basilio Gonz\u00e1lez, en el sector Canabacoa, Dijo que la juventud le ha ofrecido un importante respaldo a su  candidatura porque entiende que su oferta de Gobierno se corresponde con las  necesidades y realidades actuales y futuras del pa\u00eds.<\/span><\/p>\n<p>&#13;<\/p>\n<p align=\"justify\" class=\"text1noticias\">Vargas Maldonado expres\u00f3 que Fern\u00e1ndez \u201chace campa\u00f1a en poes\u00edas y  ejecuta un Gobierno en prosas\u201d porque, seg\u00fan afirm\u00f3, \u201cest\u00e1n completamente  divorciadas una de la otra y donde no cabe ning\u00fan tipo de comparaci\u00f3n\u201d.<br \/>&#13;<br \/>\n  <br \/>&#13;<br \/>\nEl candidato presidencial del PRD sostuvo que en medio de esa  situaci\u00f3n el pueblo observa c\u00f3mo el pa\u00eds retrocede en todos los aspectos.\u00a0<br \/>&#13;<br \/>\n<br \/>&#13;<br \/>\n\u201cPrecisamente, nosotros, dentro de lo que es el primer plan de nuestra  propuesta para la creaci\u00f3n de fuentes importantes generadoras de empleos, lo  hemos concebido con acciones factibles y viables, donde el 80 por ciento de las  mismas dependen de la voluntad pol\u00edtica de un Gobierno, nosotros la tenemos y  la vamos a implementar a partir del 16 de agosto pr\u00f3ximo\u201d.<br \/>&#13;<br \/>\n<br \/>&#13;<br \/>\nDurante su estadia en esta ciudad, a Vargas Maldonado le  acompa\u00f1an los dirigentes Alfredo Pacheco, Ulises Rodriguez, Bernardo Col\u00f3n,  Papo de Le\u00f3n, Andr\u00e9s Santos, Victor M\u00e9ndez, julio Mari\u00f1ez, C\u00e9sar Alvares, \u00a0y Rafel -Papy- P\u00e9rez, entre otros.<br \/>&#13;<br \/>\n<br \/>&#13;<br \/>\nEl candidato presidencial del PRD concluye hoy domingo su jornada  proselitista en Santiago con encuentros e inauguraciones de los comandos de  Crecimiento, Unidas con Miguel, Sociedad Civil con Miguel, Visi\u00f3n Futura.,  Amigos con Miguel y otros grupos externos que se han sumado a su respaldo.<\/p>\n<p>&#13;<\/p>\n<h6> 2007-10-28 15:14:55 <\/h6>\n<p><!--\n<link rel=\"stylesheet\" href=\"css\/bootstrap.min.css\">\n\n\n<ul class=\"pagination\">\n\t    \n\t\n\n<li >\n\t<a href='?page_no=34814'>Previous<\/a>\n\t<\/li>\n\n\n       \n    \n\n<li><a href='?page_no=1'>1<\/a><\/li>\n\n\n\n<li><a href='?page_no=2'>2<\/a><\/li>\n\n\n\n<li><a>...<\/a><\/li>\n\n\n\n<li><a href='?page_no=34813'>34813<\/a><\/li>\n\n\n\n<li><a href='?page_no=34814'>34814<\/a><\/li>\n\n\n\n<li class='active'><a>34815<\/a><\/li>\n\n\n\n<li><a href='?page_no=34816'>34816<\/a><\/li>\n\n\n\n<li><a href='?page_no=34817'>34817<\/a><\/li>\n\n\n\n<li><a>...<\/a><\/li>\n\n\n\n<li><a href='?page_no=36999'>36999<\/a><\/li>\n\n\n\n<li><a href='?page_no=37000'>37000<\/a><\/li>\n\n    \n\t\n\n<li >\n\t<a href='?page_no=34816'>Next<\/a>\n\t<\/li>\n\n\n    \n\n<li><a href='?page_no=37000'>Last &rsaquo;&rsaquo;<\/a><\/li>\n\n<\/ul>\n\n\n--><br \/>\n<\/body><\/p>\n","protected":false},"excerpt":{"rendered":"<p>Miguel Vargas dice Leonel Fern\u00e1ndez ha creado una maquinaria destructora de empleos y creadora de pobreza &#13; SANTIAGO.- El candidato presidencial del Partido Revolucionario Dominicano, \u00a0Miguel Vargas Maldonado, responsabiliz\u00f3 ayer al presidente Leonel Fern\u00e1ndez de haber creado desde el gobierno \u201cuna maquinaria destructora de empleos y creadora de pobreza\u201d.&#13; &#13; Atribuy\u00f3 al candidato del PLD [&hellip;]<\/p>\n","protected":false},"author":3,"featured_media":0,"comment_status":"open","ping_status":"open","sticky":false,"template":"","format":"standard","meta":{"footnotes":""},"categories":[22],"tags":[],"class_list":["post-192067","post","type-post","status-publish","format-standard","hentry","category-politica"],"_links":{"self":[{"href":"https:\/\/diariodominicano.com\/index.php?rest_route=\/wp\/v2\/posts\/192067","targetHints":{"allow":["GET"]}}],"collection":[{"href":"https:\/\/diariodominicano.com\/index.php?rest_route=\/wp\/v2\/posts"}],"about":[{"href":"https:\/\/diariodominicano.com\/index.php?rest_route=\/wp\/v2\/types\/post"}],"author":[{"embeddable":true,"href":"https:\/\/diariodominicano.com\/index.php?rest_route=\/wp\/v2\/users\/3"}],"replies":[{"embeddable":true,"href":"https:\/\/diariodominicano.com\/index.php?rest_route=%2Fwp%2Fv2%2Fcomments&post=192067"}],"version-history":[{"count":0,"href":"https:\/\/diariodominicano.com\/index.php?rest_route=\/wp\/v2\/posts\/192067\/revisions"}],"wp:attachment":[{"href":"https:\/\/diariodominicano.com\/index.php?rest_route=%2Fwp%2Fv2%2Fmedia&parent=192067"}],"wp:term":[{"taxonomy":"category","embeddable":true,"href":"https:\/\/diariodominicano.com\/index.php?rest_route=%2Fwp%2Fv2%2Fcategories&post=192067"},{"taxonomy":"post_tag","embeddable":true,"href":"https:\/\/diariodominicano.com\/index.php?rest_route=%2Fwp%2Fv2%2Ftags&post=192067"}],"curies":[{"name":"wp","href":"https:\/\/api.w.org\/{rel}","templated":true}]}}