{"id":192065,"date":"2007-10-28T15:48:10","date_gmt":"2007-10-28T15:48:10","guid":{"rendered":"http:\/\/diariodominicano.ddns.net\/?p=192065"},"modified":"2007-10-28T15:48:10","modified_gmt":"2007-10-28T15:48:10","slug":"vicepresidente-alburquerque-cree-el-pueblo-dominicano-no-se-dejara-engatusar-por-el-candidato-presidencial-del-prd","status":"publish","type":"post","link":"https:\/\/diariodominicano.com\/?p=192065","title":{"rendered":"Vicepresidente Alburquerque cree el pueblo dominicano no se dejar\u00e1 engatusar por el candidato presidencial del PRD"},"content":{"rendered":"<p><body><\/p>\n<p align=\"justify\" class=\"titulogrande1\">Vicepresidente  Alburquerque cree el pueblo dominicano no se dejar\u00e1 engatusar por el candidato  presidencial del PRD<\/p>\n<p>&#13;<\/p>\n<p align=\"justify\" class=\"text1noticias\"><strong><img loading=\"lazy\" decoding=\"async\" src=\"http:\/\/localhost:8080\/pictures\/rafael sabana perdida.jpg\" width=\"269\" height=\"330\" hspace=\"4\" align=\"left\" \/>SABANA PERDIDA, Santo Domingo Norte.- <\/strong>El  Vicepresidente\u00a0 Rafael Alburquerque al  destacar la condici\u00f3n de pueblo \u00a0inteligente y trabajador que es el  dominicano, \u00a0dijo que el mismo \u00a0no se dejar\u00e1 engatusar por los  cantos de sirena del Partido Revolucionario Dominicano y su candidato  Presidencial. <\/p>\n<p>&#13;<\/p>\n<p align=\"justify\" class=\"text1noticias\">\u00aby como conoce lo que sufri\u00f3 en el gobierno  anterior del PRD \u00a0rechazar\u00e1 aunque venga disfrazao al bacalao\u00bb\u00a0  dijo al arengar ante miles de militantes y dirigentes del Partido de la Liberaci\u00f3n Dominicana  que abarrotaron la tarde de este s\u00e1bado las instalaciones del Multiuso de  Sabana Perdida en el acto de Juramentaci\u00f3n de los comit\u00e9s de campa\u00f1a de las  circunscripciones de la   Provincia Santo Domingo y de los municipios\u00a0 Guerra y Boca Chica. <\/p>\n<p>&#13;<\/p>\n<p align=\"justify\" class=\"text1noticias\">Calific\u00f3 de mentira y enga\u00f1os las promesas  del PRD de \u00a0que crear\u00edan empleos cuando se tiene el antecedente de tirar a  las calles a m\u00e1s de 600 mil trabajadores en la pasada gesti\u00f3n. <\/p>\n<p>&#13;<\/p>\n<p align=\"justify\" class=\"text1noticias\">\u00abNadie en su sano juicio va a creerse esos  cantos de sirena del candidato del Partido Revolucionario Dominicano\u00bb de  quien dijo, \u00a0no hizo absolutamente nada por las comunidades de la joven  provincia. <\/p>\n<p>&#13;<\/p>\n<p align=\"justify\" class=\"text1noticias\">Al tomar el juramento de cada uno de los comit\u00e9s de  campa\u00f1a, cuyos integrantes estuvieron presentes, \u00a0los exhort\u00f3\u00a0 a  trabajar todos los d\u00edas, \u00a0sin descanso hasta la conquista del triunfo del  PLD y aliados en la primera vuelta. <\/p>\n<p>&#13;<\/p>\n<p align=\"justify\" class=\"text1noticias\">\u00abNo podemos permitir que el pa\u00eds retroceda, que  se vuelva a la \u00e9poca de la zozobra, del caos, a la \u00e9poca del desprestigio a que  nos ten\u00eda sometido el gobierno del PRD\u00bb dijo Alburquerque destacando que  como pa\u00eds seguir\u00e1 hacia delante, progresando. <\/p>\n<p>&#13;<\/p>\n<p align=\"justify\" class=\"text1noticias\">Dijo que los cuatro a\u00f1os del gobierno catastr\u00f3fico del  Partido Revolucionario Dominicano se tiene bien presente y nadie quiere volver  atr\u00e1s. <\/p>\n<p>&#13;<\/p>\n<p align=\"justify\" class=\"text1noticias\">Indic\u00f3 que ese periodo en donde predomin\u00f3 la  incertidumbre, la inflaci\u00f3n, la quiebra de empresas y se gener\u00f3  \u00a0desempleos es tristemente recordado por la poblaci\u00f3n. <\/p>\n<p>&#13;<\/p>\n<p align=\"justify\" class=\"text1noticias\">\u00abHoy que el pa\u00eds se ha recuperado, que el pa\u00eds ha  generado empleos, que ha ido poco a poco avanzando, tenemos que  trabajar\u00a0todos unidos en un solo prop\u00f3sito: el triunfo del PLD y del  compa\u00f1ero Leonel Fern\u00e1ndez\u00bb aclam\u00f3 seg\u00fan se lo rese\u00f1\u00f3 la Secretar\u00eda de  Comunicaciones del PLD en un despacho period\u00edstico. <\/p>\n<p>&#13;<\/p>\n<p align=\"justify\" class=\"text1noticias\">El vicepresidente Alburquerque al reconocer el  liderazgo de los pelede\u00edstas en los municipios de la Provincia de Santo  Domingo \u00a0dijo que no le cabe la menor duda de que el triunfo el 16 de mayo  est\u00e1 asegurado. <\/p>\n<p>&#13;<\/p>\n<p align=\"justify\" class=\"text1noticias\">Los coordinadores de los Comit\u00e9s de Campa\u00f1a del PLD en  la Provincia  son Lu\u00eds Hern\u00e1ndez, en la   Circunscripci\u00f3n numero 1, Domingo Jim\u00e9nez, en la 2, Fernando  C\u00e1ceres, en la 3, Clodomiro Ch\u00e1vez ,en la 4, Frank Feliz, en la 5, Leddy V\u00e1squez,  en la 6, Agapito Silverio en Guerra y Miguel P\u00e9rez, en Boca Chica. <\/p>\n<p>&#13;<\/p>\n<p align=\"justify\" class=\"text1noticias\">Expres\u00f3 palabras de elogios a s\u00edndicos del municipio  Santo Domingo Este Juan de los Santos, del Santo Norte, Jes\u00fas Feliz, de Frank  Feliz, s\u00edndico de Pedro Brand, y de \u00a0de Guerra,\u00a0 Juan  \u00a0Silverio\u00a0\u00a0(Agapito) <\/p>\n<p>&#13;<\/p>\n<p align=\"justify\" class=\"text1noticias\">Por igual destac\u00f3 el s\u00f3lido liderazgo de los diputados  y diputadas de la Provincia  a la cabeza de los cuales hizo alusi\u00f3n a la Senadora de la Provincia, Cristina  Lizardo. <\/p>\n<p>&#13;<\/p>\n<p align=\"justify\" class=\"text1noticias\">\u00abEste liderazgo\u00a0 de seguro \u00a0dar\u00e1 el  triunfo en la primera vuelta \u00a0al compa\u00f1ero Leonel Fern\u00e1ndez\u00bb dijo  Alburquerque concitando\u00a0 el aplauso del p\u00fablico que abarrot\u00f3 el centro  deportivo de Sabana Perdida. <\/p>\n<p>&#13;<\/p>\n<p align=\"justify\" class=\"text1noticias\">Alburquerque cerr\u00f3 el acto con sus palabras, le  antecedieron en el podium el sindico Jes\u00fas Feliz, quien dio la bienvenida y  Leddy V\u00e1squez, coordinadora de campa\u00f1a del municipio Santo Domingo Norte.<\/p>\n<p>&#13;<\/p>\n<h6> 2007-10-28 15:48:10 <\/h6>\n<p><!--\n<link rel=\"stylesheet\" href=\"css\/bootstrap.min.css\">\n\n\n<ul class=\"pagination\">\n\t    \n\t\n\n<li >\n\t<a href='?page_no=34812'>Previous<\/a>\n\t<\/li>\n\n\n       \n    \n\n<li><a href='?page_no=1'>1<\/a><\/li>\n\n\n\n<li><a href='?page_no=2'>2<\/a><\/li>\n\n\n\n<li><a>...<\/a><\/li>\n\n\n\n<li><a href='?page_no=34811'>34811<\/a><\/li>\n\n\n\n<li><a href='?page_no=34812'>34812<\/a><\/li>\n\n\n\n<li class='active'><a>34813<\/a><\/li>\n\n\n\n<li><a href='?page_no=34814'>34814<\/a><\/li>\n\n\n\n<li><a href='?page_no=34815'>34815<\/a><\/li>\n\n\n\n<li><a>...<\/a><\/li>\n\n\n\n<li><a href='?page_no=36999'>36999<\/a><\/li>\n\n\n\n<li><a href='?page_no=37000'>37000<\/a><\/li>\n\n    \n\t\n\n<li >\n\t<a href='?page_no=34814'>Next<\/a>\n\t<\/li>\n\n\n    \n\n<li><a href='?page_no=37000'>Last &rsaquo;&rsaquo;<\/a><\/li>\n\n<\/ul>\n\n\n--><br \/>\n<\/body><\/p>\n","protected":false},"excerpt":{"rendered":"<p>Vicepresidente Alburquerque cree el pueblo dominicano no se dejar\u00e1 engatusar por el candidato presidencial del PRD &#13; SABANA PERDIDA, Santo Domingo Norte.- El Vicepresidente\u00a0 Rafael Alburquerque al destacar la condici\u00f3n de pueblo \u00a0inteligente y trabajador que es el dominicano, \u00a0dijo que el mismo \u00a0no se dejar\u00e1 engatusar por los cantos de sirena del Partido Revolucionario [&hellip;]<\/p>\n","protected":false},"author":3,"featured_media":0,"comment_status":"open","ping_status":"open","sticky":false,"template":"","format":"standard","meta":{"footnotes":""},"categories":[22],"tags":[],"class_list":["post-192065","post","type-post","status-publish","format-standard","hentry","category-politica"],"_links":{"self":[{"href":"https:\/\/diariodominicano.com\/index.php?rest_route=\/wp\/v2\/posts\/192065","targetHints":{"allow":["GET"]}}],"collection":[{"href":"https:\/\/diariodominicano.com\/index.php?rest_route=\/wp\/v2\/posts"}],"about":[{"href":"https:\/\/diariodominicano.com\/index.php?rest_route=\/wp\/v2\/types\/post"}],"author":[{"embeddable":true,"href":"https:\/\/diariodominicano.com\/index.php?rest_route=\/wp\/v2\/users\/3"}],"replies":[{"embeddable":true,"href":"https:\/\/diariodominicano.com\/index.php?rest_route=%2Fwp%2Fv2%2Fcomments&post=192065"}],"version-history":[{"count":0,"href":"https:\/\/diariodominicano.com\/index.php?rest_route=\/wp\/v2\/posts\/192065\/revisions"}],"wp:attachment":[{"href":"https:\/\/diariodominicano.com\/index.php?rest_route=%2Fwp%2Fv2%2Fmedia&parent=192065"}],"wp:term":[{"taxonomy":"category","embeddable":true,"href":"https:\/\/diariodominicano.com\/index.php?rest_route=%2Fwp%2Fv2%2Fcategories&post=192065"},{"taxonomy":"post_tag","embeddable":true,"href":"https:\/\/diariodominicano.com\/index.php?rest_route=%2Fwp%2Fv2%2Ftags&post=192065"}],"curies":[{"name":"wp","href":"https:\/\/api.w.org\/{rel}","templated":true}]}}