{"id":192064,"date":"2007-10-28T18:49:00","date_gmt":"2007-10-28T18:49:00","guid":{"rendered":"http:\/\/diariodominicano.ddns.net\/?p=192064"},"modified":"2007-10-28T18:49:00","modified_gmt":"2007-10-28T18:49:00","slug":"juramenta-comite-de-campana-sd-alburquerque-asegura-que-el-prd-representa-el-caos-y-el-desorden","status":"publish","type":"post","link":"https:\/\/diariodominicano.com\/?p=192064","title":{"rendered":"Juramenta comit\u00e9 de campa\u00f1a SD; Alburquerque asegura que el PRD representa el caos y el desorden"},"content":{"rendered":"<p><body><\/p>\n<p align=\"justify\" class=\"titulogrande1\">Juramenta  comit\u00e9 de campa\u00f1a SD; Alburquerque  asegura que el PRD representa el caos y el desorden<\/p>\n<p>&#13;<\/p>\n<p align=\"justify\" class=\"text1noticias\">Rafael  Alburquerque dijo que gracias a la acertada pol\u00edtica econ\u00f3mica implementada por  el presidente Fern\u00e1ndez hoy la econom\u00eda se ha recuperado, pero se requiere la  continuaci\u00f3n del mandatario en la direcci\u00f3n del Gobierno para consolidar los  logros obtenidos. <\/p>\n<p>&#13;<\/p>\n<p align=\"justify\" class=\"text1noticias\"><strong>SANTO  DOMINGO.-<\/strong> El vicepresidente Rafael Alburquerque, proclam\u00f3 este s\u00e1bado que el PRD  y su candidato presidencial representan el caos, la miseria y el desorden, por  lo que la poblaci\u00f3n votar\u00e1 masivamente en las elecciones de mayo por el  presidente Leonel Fern\u00e1ndez. <\/p>\n<p>&#13;<\/p>\n<p align=\"justify\" class=\"text1noticias\">En  su condici\u00f3n de \u00a0coordinador de los  trabajos pol\u00edticos en la provincia Santo Domingo, refiri\u00f3 que en el cuatrienio  pasado el Gobierno del PRD \u00a0sumi\u00f3 a m\u00e1s  de un mill\u00f3n de dominicanos en la miseria, propici\u00f3 el desempleo a m\u00e1s de 600  mil \u00a0 personas y produjo una inflaci\u00f3n sin precedentes en la historia de  la\u00a0 Rep\u00fablica Dominicana.<\/p>\n<p>&#13;<\/p>\n<p align=\"justify\" class=\"text1noticias\">Sostuvo  que nuevamente tratan de confundir a los dominicanos con \u00abcantos de  sirena\u00bb, pero el pueblo dominicano es sabio e inteligente y tiene bien  presente el desasosiego vivido en el desgobierno del PRD. <\/p>\n<p>&#13;<\/p>\n<p align=\"justify\" class=\"text1noticias\">\u00abNosotros  tenemos que seguir adelante, nosotros tenemos que seguir en el progreso y la  justicia social y eso s\u00f3lo lo representa el presidente Leonel Fern\u00e1ndez\u00bb, \u00a0tras juramentar el equipo de campa\u00f1a del  Partido de la   Liberaci\u00f3n Dominicana en la provincia Santo Domingo. <\/p>\n<p>&#13;<\/p>\n<p align=\"justify\" class=\"text1noticias\">Rafael  Alburquerque dijo que gracias a la acertada pol\u00edtica econ\u00f3mica implementada por  el presidente Fern\u00e1ndez hoy la econom\u00eda se ha recuperado, pero se requiere la  continuaci\u00f3n del mandatario en la direcci\u00f3n del Gobierno para consolidar los  logros obtenidos. <\/p>\n<p>&#13;<\/p>\n<p align=\"justify\" class=\"text1noticias\">En  la actividad celebrada en el multiuso del sector de Sabana Perdida, del  municipio de Santo Domingo Norte; \u00a0tambi\u00e9n habl\u00f3 el s\u00edndico de ese municipio,  Jes\u00fas F\u00e9lix, quien asegur\u00f3 que la unidad del PLD a nivel nacional garantiza el  triunfo electoral en la primera vuelta. <\/p>\n<p>&#13;<\/p>\n<p align=\"justify\" class=\"text1noticias\">Destac\u00f3  la buena gesti\u00f3n gubernamental emprendida por el jefe de Estado, situaci\u00f3n que  ha sido reconocida por los organismos internacionales y que permiti\u00f3 la  recuperaci\u00f3n del Estado tras el caos generado por el PRD. <\/p>\n<p>&#13;<\/p>\n<p align=\"justify\" class=\"text1noticias\">El  equipo de campa\u00f1a en la provincia lo integran Luis Hern\u00e1ndez, Domingo Jim\u00e9nez,  Fernando C\u00e1ceres, Clodomiro Ch\u00e1vez, Frank F\u00e9lix y Leydi V\u00e1squez, por las  circunscripci\u00f3n 1, 2, 3, 4, 5 y 6, respectivamente, del PLD en la provincia  Santo Domingo. Los enlaces son Cristina Lizardo y Radham\u00e9s Segura, miembros del  Comit\u00e9 Pol\u00edtico del PLD. <\/p>\n<p>&#13;<\/p>\n<p align=\"justify\" class=\"text1noticias\">Pese  a la intensa lluvia que se registr\u00f3 toda la tarde del s\u00e1bado, miles de  entusiastas peledeistas se dieron cita al multiuso de Sabana Perdida que estuvo  lleno.<\/p>\n<p>&#13;<\/p>\n<h6> 2007-10-28 18:49:00 <\/h6>\n<p><!--\n<link rel=\"stylesheet\" href=\"css\/bootstrap.min.css\">\n\n\n<ul class=\"pagination\">\n\t    \n\t\n\n<li >\n\t<a href='?page_no=34811'>Previous<\/a>\n\t<\/li>\n\n\n       \n    \n\n<li><a href='?page_no=1'>1<\/a><\/li>\n\n\n\n<li><a href='?page_no=2'>2<\/a><\/li>\n\n\n\n<li><a>...<\/a><\/li>\n\n\n\n<li><a href='?page_no=34810'>34810<\/a><\/li>\n\n\n\n<li><a href='?page_no=34811'>34811<\/a><\/li>\n\n\n\n<li class='active'><a>34812<\/a><\/li>\n\n\n\n<li><a href='?page_no=34813'>34813<\/a><\/li>\n\n\n\n<li><a href='?page_no=34814'>34814<\/a><\/li>\n\n\n\n<li><a>...<\/a><\/li>\n\n\n\n<li><a href='?page_no=36999'>36999<\/a><\/li>\n\n\n\n<li><a href='?page_no=37000'>37000<\/a><\/li>\n\n    \n\t\n\n<li >\n\t<a href='?page_no=34813'>Next<\/a>\n\t<\/li>\n\n\n    \n\n<li><a href='?page_no=37000'>Last &rsaquo;&rsaquo;<\/a><\/li>\n\n<\/ul>\n\n\n--><br \/>\n<\/body><\/p>\n","protected":false},"excerpt":{"rendered":"<p>Juramenta comit\u00e9 de campa\u00f1a SD; Alburquerque asegura que el PRD representa el caos y el desorden &#13; Rafael Alburquerque dijo que gracias a la acertada pol\u00edtica econ\u00f3mica implementada por el presidente Fern\u00e1ndez hoy la econom\u00eda se ha recuperado, pero se requiere la continuaci\u00f3n del mandatario en la direcci\u00f3n del Gobierno para consolidar los logros obtenidos. [&hellip;]<\/p>\n","protected":false},"author":3,"featured_media":0,"comment_status":"open","ping_status":"open","sticky":false,"template":"","format":"standard","meta":{"footnotes":""},"categories":[22],"tags":[],"class_list":["post-192064","post","type-post","status-publish","format-standard","hentry","category-politica"],"_links":{"self":[{"href":"https:\/\/diariodominicano.com\/index.php?rest_route=\/wp\/v2\/posts\/192064","targetHints":{"allow":["GET"]}}],"collection":[{"href":"https:\/\/diariodominicano.com\/index.php?rest_route=\/wp\/v2\/posts"}],"about":[{"href":"https:\/\/diariodominicano.com\/index.php?rest_route=\/wp\/v2\/types\/post"}],"author":[{"embeddable":true,"href":"https:\/\/diariodominicano.com\/index.php?rest_route=\/wp\/v2\/users\/3"}],"replies":[{"embeddable":true,"href":"https:\/\/diariodominicano.com\/index.php?rest_route=%2Fwp%2Fv2%2Fcomments&post=192064"}],"version-history":[{"count":0,"href":"https:\/\/diariodominicano.com\/index.php?rest_route=\/wp\/v2\/posts\/192064\/revisions"}],"wp:attachment":[{"href":"https:\/\/diariodominicano.com\/index.php?rest_route=%2Fwp%2Fv2%2Fmedia&parent=192064"}],"wp:term":[{"taxonomy":"category","embeddable":true,"href":"https:\/\/diariodominicano.com\/index.php?rest_route=%2Fwp%2Fv2%2Fcategories&post=192064"},{"taxonomy":"post_tag","embeddable":true,"href":"https:\/\/diariodominicano.com\/index.php?rest_route=%2Fwp%2Fv2%2Ftags&post=192064"}],"curies":[{"name":"wp","href":"https:\/\/api.w.org\/{rel}","templated":true}]}}