{"id":192063,"date":"2007-10-28T18:54:12","date_gmt":"2007-10-28T18:54:12","guid":{"rendered":"http:\/\/diariodominicano.ddns.net\/?p=192063"},"modified":"2007-10-28T18:54:12","modified_gmt":"2007-10-28T18:54:12","slug":"leonel-fernandez-logra-apoyo-en-recorrido-por-cotui","status":"publish","type":"post","link":"https:\/\/diariodominicano.com\/?p=192063","title":{"rendered":"Leonel Fern\u00e1ndez logra apoyo en recorrido por Cotu\u00ed"},"content":{"rendered":"<p><body><\/p>\n<style type=\"text\/css\"><![CDATA[\n<!--\n.style18 {\n\tfont-style: italic;\n\tfont-weight: bold;\n}\n.style31 {text-transform: none; font-style: normal; line-height: normal;}\n-->\n]]><\/style>\n<p>&#13;<\/p>\n<p class=\"titulogrande1\">Leonel Fern\u00e1ndez logra apoyo en recorrido por Cotu\u00ed<\/p>\n<p>&#13;<\/p>\n<p align=\"justify\"><strong>COTU\u00cd. &#8211; <\/strong><span class=\"text1noticias\">El  presidente Leonel Fern\u00e1ndez recibi\u00f3 un gran apoyo de los residentes de este  municipio donde en medio de las fuertes lluvias la gente sali\u00f3 a las calles a  respaldar la presencia del Jefe del Estado \u00a0y candidato presidencial del Partido de la Liberaci\u00f3n Dominicana. <\/span><\/p>\n<p>&#13;<\/p>\n<p align=\"justify\" class=\"text1noticias\">Francisco  Javier Garc\u00eda, jefe de campa\u00f1a, solicit\u00f3 a Miguel Vargas Maldonado retirarse de  la competencia por la candidatura presidencial debido a la baja popularidad con  que cuenta. <\/p>\n<p>&#13;<\/p>\n<p align=\"justify\" class=\"text1noticias\">Durante  su recorrido, el gobernante inaugur\u00f3 dos locales del Movimiento Primera Vuelta,  que dirige H\u00e9ctor Rodr\u00edguez Pimentel, donde manifest\u00f3 que el porvenir del pa\u00eds  se observa positivo con el triunfo electoral del partido morado con la  colaboraci\u00f3n de las fuerzas aliadas, destacando el aporte que vienen realizando  los seguidores del Partido Reformista Social Cristiano, que han decidido apoyar  su repostulaci\u00f3n presidencial para que siga la fiesta del progreso. <\/p>\n<p>&#13;<\/p>\n<p align=\"justify\" class=\"text1noticias\">En  este municipio visit\u00f3 la casa de Librado Reyes, en el barrio los Tocones; la de Reina Brito, en  el sector Pueblo Nuevo; mientras que en los sectores San Mart\u00edn, La Altagracia y Libertad  visit\u00f3 las viviendas de Mateo Rodr\u00edguez y\u00a0  Andr\u00e9s Bel\u00e9n, entre otros.<\/p>\n<p>&#13;<\/p>\n<p align=\"justify\" class=\"text1noticias\">La provincia S\u00e1nchez Ram\u00edrez est\u00e1 bajo la  coordinaci\u00f3n de Carlos Amarante Baret,  miembro del Comit\u00e9 Pol\u00edtico del PLD. Fue notoria la presencia de los  principales dirigentes reformistas como es el caso del ex diputado Carlitos  Rodr\u00edguez, Gerardo Bogaert, quien es diputado. Al paso de la caravana, era  notaria la presencia de seguidores del partido morado y de los grupos aliados,  portando banderas y vociferando consignas a favor de la repostulaci\u00f3n del  gobernante en la primera vuelta para que siga el progreso.<\/p>\n<p>&#13;<\/p>\n<p align=\"justify\" class=\"text1noticias\">El  coordinador nacional del  Comit\u00e9 Nacional de Campa\u00f1a   del PLD, Francisco    Javier Garc\u00eda, destac\u00f3 que con el apoyo  recibido durante el recorrido por los municipios de Bonao y Cotu\u00ed qued\u00f3  demostrado que el partido morado es la organizaci\u00f3n pol\u00edtica m\u00e1s grande que ha tenido la historia del  pa\u00eds. <br \/>&#13;<br \/>\n  <br \/>&#13;<br \/>\n  Expres\u00f3  que la presencia del candidato presidencial por los principales barrios de la  capital y de las provincias \u00a0est\u00e1  demostrando que el triunfo ser\u00e1 convincente en la primera vuelta.\u00a0 \u00a0Sugiri\u00f3  al candidato presidencial del Partido Revolucionario Dominicano, Miguel Vargas  Maldonado, que luego de las manifestaciones de apoyo que est\u00e1 recibiendo el  doctor Fern\u00e1ndez debe tomar la decisi\u00f3n de retirar su candidatura y cederle el  puesto a otro candidato, tras asegurar que \u00a8ser\u00e1 una pela electoral\u00a8 la que  recibir\u00e1 en el pr\u00f3ximo torneo electoral. <\/p>\n<p>&#13;<\/p>\n<p align=\"justify\" class=\"text1noticias\">Dijo  que el partido morado es una fuerza indetenible, simpat\u00eda que queda demostrada  en cada recorrido, y que la victoria en la primera vuelta ser\u00e1 con un  porcentaje superior al 55%. Explic\u00f3 que los recorridos por toda la geograf\u00eda  nacional es s\u00f3lo un calentamiento de la maquinaria electoral con que cuenta el  partido oficialista y que la verdadera campa\u00f1a a\u00fan no ha comenzado. <\/p>\n<p>&#13;<\/p>\n<p align=\"justify\" class=\"text1noticias\">Al  ser interrogado sobre el compa\u00f1ero de boleta del doctor Fern\u00e1ndez para las  pr\u00f3ximas elecciones, inform\u00f3 que ser\u00e1 en el mes de marzo del pr\u00f3ximo a\u00f1o cuando  se escoger\u00e1. <\/p>\n<p>&#13;<\/p>\n<p align=\"justify\" class=\"text1noticias\">De  su lado, Carlos Amarante Baret,  coordinador de la campa\u00f1a en la provincia S\u00e1nchez   Ram\u00edrez, manifest\u00f3 que toda la alta dirigencia y militancia  del partido fundado por Juan Bosch est\u00e1 integrada 24 horas al d\u00eda a favor de la  repostulaci\u00f3n presidencial del doctor Fern\u00e1ndez.<\/p>\n<p>&#13;<\/p>\n<p align=\"justify\" class=\"text1noticias\">Asegur\u00f3 que \u00a0Danilo Medina   ha solicitado a sus seguidores que se integran a las  actividades proselitistas a favor del mandatario. Entiende que el objetivo de  los pelede\u00edstas es retener el poder m\u00e1s all\u00e1 del pr\u00f3ximo a\u00f1o.<\/p>\n<p>&#13;<\/p>\n<p align=\"justify\" class=\"text1noticias\">Acompa\u00f1aron al presidente Fern\u00e1ndez \u00a0en su recorrido por Bonao y Cotu\u00ed , Alejadrina  Germ\u00e1n, miembro del Comit\u00e9 Pol\u00edtico y los integrantes del Comit\u00e9 Central y del  equipo nacional de campa\u00f1a del partido morado: Sim\u00f3n Lizardo, V\u00edctor D\u00edaz R\u00faa, F\u00e9lix  Bautista,\u00a0 Salvador Jim\u00e9nez, Ram\u00f3n Rivas y  Luis Manuel Bonetti, entre otros dirigentes del partido fundado por el profesor Juan  Bosch.<\/p>\n<p>&#13;<\/p>\n<p align=\"justify\" class=\"text1noticias\">\u00a0Este domingo el presidente Fern\u00e1ndez \u00a0recorrer\u00e1 los municipios de Salcedo y Moca. <\/p>\n<p>&#13;<\/p>\n<h6> 2007-10-28 18:54:12 <\/h6>\n<p><!--\n<link rel=\"stylesheet\" href=\"css\/bootstrap.min.css\">\n\n\n<ul class=\"pagination\">\n\t    \n\t\n\n<li >\n\t<a href='?page_no=34810'>Previous<\/a>\n\t<\/li>\n\n\n       \n    \n\n<li><a href='?page_no=1'>1<\/a><\/li>\n\n\n\n<li><a href='?page_no=2'>2<\/a><\/li>\n\n\n\n<li><a>...<\/a><\/li>\n\n\n\n<li><a href='?page_no=34809'>34809<\/a><\/li>\n\n\n\n<li><a href='?page_no=34810'>34810<\/a><\/li>\n\n\n\n<li class='active'><a>34811<\/a><\/li>\n\n\n\n<li><a href='?page_no=34812'>34812<\/a><\/li>\n\n\n\n<li><a href='?page_no=34813'>34813<\/a><\/li>\n\n\n\n<li><a>...<\/a><\/li>\n\n\n\n<li><a href='?page_no=36999'>36999<\/a><\/li>\n\n\n\n<li><a href='?page_no=37000'>37000<\/a><\/li>\n\n    \n\t\n\n<li >\n\t<a href='?page_no=34812'>Next<\/a>\n\t<\/li>\n\n\n    \n\n<li><a href='?page_no=37000'>Last &rsaquo;&rsaquo;<\/a><\/li>\n\n<\/ul>\n\n\n--><br \/>\n<\/body><\/p>\n","protected":false},"excerpt":{"rendered":"<p>&#13; Leonel Fern\u00e1ndez logra apoyo en recorrido por Cotu\u00ed &#13; COTU\u00cd. &#8211; El presidente Leonel Fern\u00e1ndez recibi\u00f3 un gran apoyo de los residentes de este municipio donde en medio de las fuertes lluvias la gente sali\u00f3 a las calles a respaldar la presencia del Jefe del Estado \u00a0y candidato presidencial del Partido de la Liberaci\u00f3n [&hellip;]<\/p>\n","protected":false},"author":3,"featured_media":0,"comment_status":"open","ping_status":"open","sticky":false,"template":"","format":"standard","meta":{"footnotes":""},"categories":[22],"tags":[],"class_list":["post-192063","post","type-post","status-publish","format-standard","hentry","category-politica"],"_links":{"self":[{"href":"https:\/\/diariodominicano.com\/index.php?rest_route=\/wp\/v2\/posts\/192063","targetHints":{"allow":["GET"]}}],"collection":[{"href":"https:\/\/diariodominicano.com\/index.php?rest_route=\/wp\/v2\/posts"}],"about":[{"href":"https:\/\/diariodominicano.com\/index.php?rest_route=\/wp\/v2\/types\/post"}],"author":[{"embeddable":true,"href":"https:\/\/diariodominicano.com\/index.php?rest_route=\/wp\/v2\/users\/3"}],"replies":[{"embeddable":true,"href":"https:\/\/diariodominicano.com\/index.php?rest_route=%2Fwp%2Fv2%2Fcomments&post=192063"}],"version-history":[{"count":0,"href":"https:\/\/diariodominicano.com\/index.php?rest_route=\/wp\/v2\/posts\/192063\/revisions"}],"wp:attachment":[{"href":"https:\/\/diariodominicano.com\/index.php?rest_route=%2Fwp%2Fv2%2Fmedia&parent=192063"}],"wp:term":[{"taxonomy":"category","embeddable":true,"href":"https:\/\/diariodominicano.com\/index.php?rest_route=%2Fwp%2Fv2%2Fcategories&post=192063"},{"taxonomy":"post_tag","embeddable":true,"href":"https:\/\/diariodominicano.com\/index.php?rest_route=%2Fwp%2Fv2%2Ftags&post=192063"}],"curies":[{"name":"wp","href":"https:\/\/api.w.org\/{rel}","templated":true}]}}