{"id":192062,"date":"2007-10-28T23:35:49","date_gmt":"2007-10-28T23:35:49","guid":{"rendered":"http:\/\/diariodominicano.ddns.net\/?p=192062"},"modified":"2007-10-28T23:35:49","modified_gmt":"2007-10-28T23:35:49","slug":"presidente-leoner-fernandez-entrega-cheque-de-rd126-millones-para-terminar-elevado-alerta-sobre-peligro-que-representa-retorno-del-prd","status":"publish","type":"post","link":"https:\/\/diariodominicano.com\/?p=192062","title":{"rendered":"Presidente Leoner Fern\u00e1ndez entrega  cheque de RD$126 millones para terminar elevado;  Alerta sobre peligro que representa retorno del PRD"},"content":{"rendered":"<p><body><\/p>\n<p align=\"justify\" class=\"titulogrande1\">Presidente Leoner Fern\u00e1ndez entrega \u00a0cheque de RD$126 millones para terminar  elevado; Alerta  sobre peligro que representa retorno del PRD <\/p>\n<p>&#13;<\/p>\n<p align=\"justify\" class=\"text1noticias\">Al encabezar la inauguraci\u00f3n del movimiento Primera  Vuelta, que lidera H\u00e9ctor Rodr\u00edguez Pimentel, en Salcedo, proclam\u00f3  que cada vez que los balagueristas y pelede\u00edstas rigen los destinos del pa\u00eds  Rep\u00fablica Dominicana registra un bienestar y progreso para la mayor\u00eda de los  dominicanos. <\/p>\n<p>&#13;<\/p>\n<p align=\"justify\" class=\"text1noticias\"><strong><img loading=\"lazy\" decoding=\"async\" src=\"http:\/\/localhost:8080\/pictures\/leonel moca y salcedo.jpg\" width=\"269\" height=\"545\" hspace=\"4\" align=\"left\" \/>SALCEDO.-<\/strong> El  candidato presidencial \u00a0del Partido de la Liberaci\u00f3n Dominicana  (PLD), Leonel Fern\u00e1ndez, alert\u00f3 sobre lo peligroso que ser\u00eda que el PRD  volviera al poder, porque cuando ese partido ha dirigido el estado lo ha  colocado en un panorama de sombra, de anarqu\u00eda, de desasosiego, de pobreza y en  el retroceso. <\/p>\n<p>&#13;<\/p>\n<p align=\"justify\" class=\"text1noticias\">Es por esa raz\u00f3n que la mayor\u00eda de los dominicanos que  desean que el pa\u00eds contin\u00fae por los caminos del progreso, de desarrollo y  modernidad se abrazan al PLD porque es el \u00fanico que garantiza continuar por el  camino del progreso, aseguro Fern\u00e1ndez. <\/p>\n<p>&#13;<\/p>\n<p align=\"justify\" class=\"text1noticias\">Asimismo, durante su recorrido, el gobernante  entreg\u00f3 un cheque de RD$126 millones al Grupo Modesto para la terminaci\u00f3n del  elevado que conectar\u00e1 la ciudad de Moca con la Autopista Duarte.  El cheque fue recibido por \u00a0Jos\u00e9 Roberto  Modesto.&#13;<br \/>\n  <!--  D([\"mb\",\"u003cspan>&nbsp; u003c\/span>u003c\/b>u003c\/font>u003c\/span>u003c\/p>nu003cp styleu003d\"margin:0cm 0cm 0pt;text-align:justify\">u003cb>u003cspan styleu003d\"font-size:9.5pt;font-family:Arial\">&nbsp;u003c\/span>u003c\/b>u003c\/p>nu003cp styleu003d\"margin:0cm 0cm 0pt;text-align:justify\">u003cfont faceu003d\"Times New Roman\">u003cspan styleu003d\"font-size:9.5pt\">Al encabezar la inauguraci&oacute;n del movimiento Primera Vuelta, que lidera H&eacute;ctor Rodr&iacute;guez Pimentel, en Salcedo, nu003cspan>&nbsp;u003c\/span>&nbsp; proclam&oacute; que cada vez que los balagueristas y pelede&iacute;stas rigen los destinos del pa&iacute;s Rep&uacute;blica Dominicana registra un bienestar y progreso para la mayor&iacute;a de los dominicanos.u003c\/span>nu003cspan styleu003d\"font-size:9.5pt;font-family:Arial\">u003c\/span>u003c\/font>u003c\/p>nu003cp styleu003d\"margin:0cm 0cm 0pt;text-align:justify\">u003cfont faceu003d\"Times New Roman\">u003cspan styleu003d\"font-size:9.5pt\">&nbsp;u003c\/span>u003cspan styleu003d\"font-size:9.5pt;font-family:Arial\">u003c\/span>u003c\/font>u003c\/p>nu003cp styleu003d\"margin:0cm 0cm 0pt;text-align:justify\">u003cfont faceu003d\"Times New Roman\">u003cspan styleu003d\"font-size:9.5pt\">De su lado el dirigente H&eacute;ctor Rodr&iacute;guez Pimentel critic&oacute; al candidato&nbsp; Miguel Vargas quien acus&oacute; al doctor Fern&aacute;ndez de sonsacar los reformistas, &eacute;l dice que contrario a eso son las fuerzas conservadoras del reformismo que est&aacute;n sellando una alianza con las fuerzas liberales que representa el PLD para que Leonel Fern&aacute;ndez siga gobernando el pa&iacute;s con estabilidad y progreso, &quot;las fuerzas sociales de Joaqu&iacute;n Balaguer est&aacute;n cerrando filas en torno a Leonel&quot; puntualiz&oacute;. nu003c\/span>u003cspan styleu003d\"font-size:9.5pt;font-family:Arial\">u003c\/span>u003c\/font>u003c\/p>nu003cp styleu003d\"margin:0cm 0cm 0pt;text-align:justify\">u003cspan styleu003d\"font-size:9.5pt;font-family:Arial\">u003cspan>u003c\/span>u003c\/span>u003cfont faceu003d\"Times New Roman\">u003cspan styleu003d\"font-size:9.5pt\">&nbsp;u003c\/span>u003cspan styleu003d\"font-size:9.5pt;font-family:Arial\">nu003c\/span>u003c\/font>u003c\/p>nu003cp styleu003d\"margin:0cm 0cm 0pt;text-align:justify\">u003cfont faceu003d\"Times New Roman\">u003cspan styleu003d\"font-size:9.5pt\">El mandatario inici&oacute; su recorrido en Salcedo ,en la calle Manolo Tav&aacute;rez Justo, donde fue recibido por cientos de personas, con saludos y consignas a su favor, &eacute;l visit&oacute; a dirigentes del partido morado y figuras emblem&aacute;ticas de esta provincia, por ejemplo al profesor Francisco Brito en el sector San Lorenzo; n\",1]  );    \/\/-->&#13;<br \/>\n  \u00a0 <\/p>\n<p>&#13;<\/p>\n<p align=\"justify\" class=\"text1noticias\">Al encabezar la inauguraci\u00f3n del movimiento Primera  Vuelta, que lidera H\u00e9ctor Rodr\u00edguez Pimentel, en Salcedo, proclam\u00f3  que cada vez que los balagueristas y pelede\u00edstas rigen los destinos del pa\u00eds  Rep\u00fablica Dominicana registra un bienestar y progreso para la mayor\u00eda de los  dominicanos. <\/p>\n<p>&#13;<\/p>\n<p align=\"justify\" class=\"text1noticias\">De su lado el dirigente H\u00e9ctor Rodr\u00edguez Pimentel  critic\u00f3 al candidato\u00a0 Miguel Vargas, quien acus\u00f3 al doctor Fern\u00e1ndez de  sonsacar a los reformistas, \u00e9l dice que contrario a eso son las fuerzas  conservadoras del reformismo que est\u00e1n sellando una alianza con las fuerzas  liberales que representa el PLD para que Leonel Fern\u00e1ndez siga gobernando el  pa\u00eds con estabilidad y progreso, \u00ablas fuerzas sociales de Joaqu\u00edn Balaguer  est\u00e1n cerrando filas en torno a Leonel\u00bb. <br \/>&#13;<br \/>\n  \u00a0 <br \/>&#13;<br \/>\n  Leonel Fern\u00e1ndez\u00a0  inici\u00f3 su recorrido en Salcedo, en la calle Manolo Tav\u00e1rez Justo, donde  fue recibido por cientos de personas, con saludos y consignas a su favor, \u00e9l  visit\u00f3 a dirigentes del partido morado y figuras emblem\u00e1ticas de esta  provincia, por ejemplo al profesor Francisco Brito en el sector San Lorenzo;&#13;<br \/>\n  <!--  D([\"mb\",\"u003cspan>&nbsp;u003c\/span>quien es l&iacute;der de la iglesia cat&oacute;lica, Carlos Rodr&iacute;guez en el sector los mangos, V&iacute;ctor Toribio, quien se encuentra muy enfermo de problemas card&iacute;aco, Ana Antonia Germ&aacute;n, y a Josefina Rojas, en el sector Altos de los Rojas. nu003c\/span>u003cspan styleu003d\"font-size:9.5pt;font-family:Arial\">u003c\/span>u003c\/font>u003c\/p>nu003cp styleu003d\"margin:0cm 0cm 0pt;text-align:justify\">u003cfont faceu003d\"Times New Roman\">u003cspan styleu003d\"font-size:9.5pt\">&nbsp;u003c\/span>u003cspan styleu003d\"font-size:9.5pt;font-family:Arial\">u003c\/span>u003c\/font>u003c\/p>nu003cp styleu003d\"margin:0cm 0cm 0pt;text-align:justify\">u003cspan styleu003d\"font-size:9.5pt\">u003cfont faceu003d\"Times New Roman\">En cada visita hecha por Fern&aacute;ndez en los diferentes sector de esta provincia a la entrada era esperado por nu003cspan>&nbsp;u003c\/span>cientos de personas que formaban una especie de cord&oacute;nu003cspan>&nbsp; u003c\/span>humano, a ambos lados de las calles, quienes exhib&iacute;an banderas, afiches, gorras y adem&aacute;s vociferaban consignasnu003cspan>&nbsp; u003c\/span>a favor de la repostulaci&oacute;n presidencial para que contin&uacute;e el progreso y el bienestar en el pa&iacute;s.u003c\/font>u003c\/span>u003c\/p>nu003cp styleu003d\"margin:0cm 0cm 0pt;text-align:justify\">u003cfont faceu003d\"Times New Roman\">u003cspan styleu003d\"font-size:9.5pt\">&nbsp;&nbsp;u003c\/span>u003cspan styleu003d\"font-size:9.5pt;font-family:Arial\">u003c\/span>u003c\/font>u003c\/p>nu003cp styleu003d\"margin:0cm 0cm 0pt;text-align:justify\">u003cspan styleu003d\"font-size:9.5pt\">u003cfont faceu003d\"Times New Roman\">En su recorrido Fern&aacute;ndez&nbsp; ha sido acompa&ntilde;ado por el ex vicepresidente Jaime David Fern&aacute;ndez Mirabal, Bautista Rojas G&oacute;mez, Alejandrina Germ&aacute;n, miembros del Comit&eacute; Pol&iacute;tico del PLD, entre otros importantes dirigentes nacionales, regionales y locales. nu003c\/font>u003c\/span>u003c\/p>nu003cp styleu003d\"margin:0cm 0cm 0pt;text-align:justify\">u003cspan styleu003d\"font-size:9.5pt\">u003cfont faceu003d\"Times New Roman\">&nbsp;u003c\/font>u003c\/span>u003c\/p>nu003cp styleu003d\"margin:0cm 0cm 0pt;text-align:justify\">u003cspan styleu003d\"font-size:9.5pt\">u003cfont faceu003d\"Times New Roman\">De ah&iacute; el presidente Fern&aacute;ndez se traslad&oacute; a la provincia Espaillat, al municipio de Moca, all&iacute; dej&oacute; inaugurado un local del movimiento Primera Vuelta, que tiene como representante al contralmirante Antonio Nazir Camilo Tejada, quien dijo que las condiciones est&aacute;n dadas para que el doctor Fern&aacute;ndez retenga el poder en la primera vuelta, que los aut&eacute;nticos reformistas trabajar&aacute;n sin descanso para lograr ese objetivo. n\",1]  );    \/\/-->&#13;<br \/>\n\u00a0quien es l\u00edder de la iglesia cat\u00f3lica, Carlos Rodr\u00edguez en el  sector los Mangos, V\u00edctor Toribio, quien se encuentra muy enfermo de problemas  card\u00edaco, Ana Antonia Germ\u00e1n, y a Josefina Rojas, en el sector Altos de los  Rojas. <\/p>\n<p>&#13;<\/p>\n<p align=\"justify\" class=\"text1noticias\">En cada visita hecha por Fern\u00e1ndez en los diferentes  sectores de esta provincia a la entrada era esperado por \u00a0cientos de  personas que formaban una especie de cord\u00f3n humano, a ambos lados de las  calles, quienes exhib\u00edan banderas, afiches, gorras y adem\u00e1s vociferaban  consignas  a favor de la repostulaci\u00f3n presidencial para que contin\u00fae el  progreso y el bienestar en el pa\u00eds.<br \/>&#13;<br \/>\n\u00a0\u00a0<br \/>&#13;<br \/>\nEn su recorrido Fern\u00e1ndez\u00a0 ha sido acompa\u00f1ado por  el ex vicepresidente Jaime David Fern\u00e1ndez Mirabal, Bautista Rojas G\u00f3mez,  Alejandrina Germ\u00e1n, miembros del Comit\u00e9 Pol\u00edtico del PLD, entre otros  importantes dirigentes nacionales, regionales y locales. <\/p>\n<p>&#13;<\/p>\n<p align=\"justify\" class=\"text1noticias\">De ah\u00ed el presidente Fern\u00e1ndez se traslad\u00f3 a la  provincia Espaillat, al municipio de Moca, all\u00ed dej\u00f3 inaugurado un local del  movimiento Primera Vuelta, que tiene como representante al contralmirante  Antonio Nazir Camilo Tejada, quien dijo que las condiciones est\u00e1n dadas para  que el doctor Fern\u00e1ndez retenga el poder en la primera vuelta, que los  aut\u00e9nticos reformistas trabajar\u00e1n sin descanso para lograr ese objetivo.&#13;<br \/>\n  <!--  D([\"mb\",\"u003c\/font>u003c\/span>u003c\/p>nu003cp styleu003d\"margin:0cm 0cm 0pt;text-align:justify\">u003cfont faceu003d\"Times New Roman\">u003cspan styleu003d\"font-size:9.5pt\">Asimismo, el mandatario fue declarado por el Ayuntamiento de Moca como Visitante Distinguido. u003c\/span>u003cspan styleu003d\"font-size:9.5pt;font-family:Arial\">nu003c\/span>u003c\/font>u003c\/p>nu003cp styleu003d\"margin:0cm 0cm 0pt\">u003cfont faceu003d\"Times New Roman\">&nbsp;u003c\/font>u003c\/p>n\",0]  );  D([\"ce\"]);    \/\/-->&#13;<br \/>\n  <br \/>&#13;<br \/>\n  <br \/>&#13;<br \/>\n  Asimismo, el Jefe del Estado \u00a0fue declarado por el Ayuntamiento de Moca como  Visitante Distinguido. <\/p>\n<p>&#13;<\/p>\n<h6> 2007-10-28 23:35:49 <\/h6>\n<p><!--\n<link rel=\"stylesheet\" href=\"css\/bootstrap.min.css\">\n\n\n<ul class=\"pagination\">\n\t    \n\t\n\n<li >\n\t<a href='?page_no=34809'>Previous<\/a>\n\t<\/li>\n\n\n       \n    \n\n<li><a href='?page_no=1'>1<\/a><\/li>\n\n\n\n<li><a href='?page_no=2'>2<\/a><\/li>\n\n\n\n<li><a>...<\/a><\/li>\n\n\n\n<li><a href='?page_no=34808'>34808<\/a><\/li>\n\n\n\n<li><a href='?page_no=34809'>34809<\/a><\/li>\n\n\n\n<li class='active'><a>34810<\/a><\/li>\n\n\n\n<li><a href='?page_no=34811'>34811<\/a><\/li>\n\n\n\n<li><a href='?page_no=34812'>34812<\/a><\/li>\n\n\n\n<li><a>...<\/a><\/li>\n\n\n\n<li><a href='?page_no=36999'>36999<\/a><\/li>\n\n\n\n<li><a href='?page_no=37000'>37000<\/a><\/li>\n\n    \n\t\n\n<li >\n\t<a href='?page_no=34811'>Next<\/a>\n\t<\/li>\n\n\n    \n\n<li><a href='?page_no=37000'>Last &rsaquo;&rsaquo;<\/a><\/li>\n\n<\/ul>\n\n\n--><br \/>\n<\/body><\/p>\n","protected":false},"excerpt":{"rendered":"<p>Presidente Leoner Fern\u00e1ndez entrega \u00a0cheque de RD$126 millones para terminar elevado; Alerta sobre peligro que representa retorno del PRD &#13; Al encabezar la inauguraci\u00f3n del movimiento Primera Vuelta, que lidera H\u00e9ctor Rodr\u00edguez Pimentel, en Salcedo, proclam\u00f3 que cada vez que los balagueristas y pelede\u00edstas rigen los destinos del pa\u00eds Rep\u00fablica Dominicana registra un bienestar y [&hellip;]<\/p>\n","protected":false},"author":3,"featured_media":0,"comment_status":"open","ping_status":"open","sticky":false,"template":"","format":"standard","meta":{"footnotes":""},"categories":[22],"tags":[],"class_list":["post-192062","post","type-post","status-publish","format-standard","hentry","category-politica"],"_links":{"self":[{"href":"https:\/\/diariodominicano.com\/index.php?rest_route=\/wp\/v2\/posts\/192062","targetHints":{"allow":["GET"]}}],"collection":[{"href":"https:\/\/diariodominicano.com\/index.php?rest_route=\/wp\/v2\/posts"}],"about":[{"href":"https:\/\/diariodominicano.com\/index.php?rest_route=\/wp\/v2\/types\/post"}],"author":[{"embeddable":true,"href":"https:\/\/diariodominicano.com\/index.php?rest_route=\/wp\/v2\/users\/3"}],"replies":[{"embeddable":true,"href":"https:\/\/diariodominicano.com\/index.php?rest_route=%2Fwp%2Fv2%2Fcomments&post=192062"}],"version-history":[{"count":0,"href":"https:\/\/diariodominicano.com\/index.php?rest_route=\/wp\/v2\/posts\/192062\/revisions"}],"wp:attachment":[{"href":"https:\/\/diariodominicano.com\/index.php?rest_route=%2Fwp%2Fv2%2Fmedia&parent=192062"}],"wp:term":[{"taxonomy":"category","embeddable":true,"href":"https:\/\/diariodominicano.com\/index.php?rest_route=%2Fwp%2Fv2%2Fcategories&post=192062"},{"taxonomy":"post_tag","embeddable":true,"href":"https:\/\/diariodominicano.com\/index.php?rest_route=%2Fwp%2Fv2%2Ftags&post=192062"}],"curies":[{"name":"wp","href":"https:\/\/api.w.org\/{rel}","templated":true}]}}