{"id":192061,"date":"2007-10-28T23:51:45","date_gmt":"2007-10-28T23:51:45","guid":{"rendered":"http:\/\/diariodominicano.ddns.net\/?p=192061"},"modified":"2007-10-28T23:51:45","modified_gmt":"2007-10-28T23:51:45","slug":"encabeza-recorrido-en-moca-a-pesar-de-los-aguaceros","status":"publish","type":"post","link":"https:\/\/diariodominicano.com\/?p=192061","title":{"rendered":"Encabeza recorrido en Moca a pesar de los aguaceros"},"content":{"rendered":"<p><body><\/p>\n<p class=\"titulogrande1\">Encabeza recorrido en Moca a pesar de los aguaceros<\/p>\n<p>&#13;<\/p>\n<p align=\"justify\" class=\"text1noticias\">Los moradores de  La Laguna, Guays\u00cd, Las Flores, Roque, Juan Lopito, Viejo Puerto Rico, Sal si puedes,  Pueblo Abajo, entre otros\u00a0 sectores  mocanos,\u00a0\u00a0 brindaron total apoyo al paso  de la comitiva del PLD sacando banderas y afiches del presidente y levantando  las manos marcado la se\u00f1al del triunfo peledeista <\/p>\n<p>&#13;<\/p>\n<p align=\"justify\" class=\"text1noticias\"><strong><img loading=\"lazy\" decoding=\"async\" src=\"http:\/\/localhost:8080\/pictures\/leonel moca y salcedo 2.jpg\" width=\"269\" height=\"182\" hspace=\"4\" align=\"left\" \/>MOCA.-<\/strong> En medio  de fuertes aguaceros el Presidente Leonel Fern\u00e1ndez, candidato presidencial del  PLD, recorri\u00f3 los sectores populares de  Moca, municipio cabecera de la provincia Espaillat en donde concit\u00f3 el apoyo de  la poblaci\u00f3n. <\/p>\n<p>&#13;<\/p>\n<p align=\"justify\" class=\"text1noticias\">Los moradores de  La Laguna,  Guays\u00cd, Las Flores, Roque, Juan Lopito, Viejo Puerto Rico, Sal si puedes,  Pueblo Abajo, entre otros\u00a0 sectores  mocanos,\u00a0\u00a0 brindaron total apoyo al paso  de la comitiva del PLD sacando banderas y afiches del presidente y levantando  las manos marcado la se\u00f1al del triunfo peledeista <\/p>\n<p>&#13;<\/p>\n<p align=\"justify\" class=\"text1noticias\">Al dirigir unas  palabras en la casa de Juan Carlos Salas del Movimiento \u00abPrimera  Vuelta\u00bb agradeci\u00f3 el respaldo brindado y reiter\u00f3 sus compromisos con un  gobierno que estimule el crecimiento econ\u00f3mico y el progreso. <\/p>\n<p>&#13;<\/p>\n<p align=\"justify\" class=\"text1noticias\">Dijo\u00a0 comprender que en la esperanza de un mejor  futuro se encuentran las razones para\u00a0que los residentes en los sectores populares de Moca, provincia  Espaillat, desafiaran la inclemencia del  tiempo y los torrenciales aguaceros ca\u00eddos para promover la candidatura del PLD  y aliados. Argument\u00f3 que en el venidero  proceso electoral la poblaci\u00f3n votante\u00a0  dir\u00e1 No al retroceso. <\/p>\n<p>&#13;<\/p>\n<p align=\"justify\" class=\"text1noticias\">De ejemplo de  retroceso el candidato presidencial del PLD mencion\u00f3 la devaluaci\u00f3n del peso,  el alto costo\u00a0\u00a0 de la vida, el incremento  del desempleo, desorden institucional, anarqu\u00eda en el pa\u00eds, irrespeto desde el  poder a la ciudadan\u00eda, que sin mencionarlo, caracteriz\u00f3 la pasada gesti\u00f3n  administrativa <\/p>\n<p>&#13;<\/p>\n<p align=\"justify\" class=\"text1noticias\">\u00abLo que  queremos\u00a0\u00a0 es construir de manera  permanente el progreso para la Republica Dominicana\u00bb\u00a0 areng\u00f3 el tambi\u00e9n presidente del Partido de la Liberaci\u00f3n Dominicana  tal y como se rese\u00f1a en una nota de su Secretar\u00eda de Comunicaciones. <\/p>\n<p>&#13;<\/p>\n<p align=\"justify\" class=\"text1noticias\"> Reiter\u00f3 que la alianza del pueblo  dominicano, con el PLD y las fuerzas hist\u00f3ricas del balaguerismo es  \u00abfuerza invencible, fuerza indetenible\u00bb repitiendo entonces lo que ha  convertido en una consigna dirigida al PRD y su candidato: \u00abAfuera est\u00e1n y  afuera se quedar\u00e1n\u00bb <\/p>\n<p>&#13;<\/p>\n<p align=\"justify\" class=\"text1noticias\"> Antes de llegar al municipio cabecera  el presidente Leonel Fern\u00e1ndez y la comitiva del Comit\u00e9 de Campa\u00f1a, hizo una  parada en La Laguna  en la residencia de Rafael Estrella, comerciante y dirigente del PLD en donde  departi\u00f3 con sus familiares y la dirigencia del partido en esa comunidad. <\/p>\n<p>&#13;<\/p>\n<p align=\"justify\" class=\"text1noticias\"> Se traslad\u00f3 luego al casco urbano al  barrio Guays\u00ed visitando la casa de Gladys Reynoso, tambi\u00e9n estuvo en la casa de  Juan Carlos Salas dirigente del Movimiento Primera Vuelta dirigido por el ex  general Camilo Nazir Tejada. <\/p>\n<p>&#13;<\/p>\n<p align=\"justify\" class=\"text1noticias\"> En un breve encuentro realizado en la  residencia de Ana Miriam Santos\u00a0\u00a0 en el  barrio Jos\u00e9 Maria Rodr\u00edguez, el Jefe del Estado hizo entrega de un cheque por  el monto de 130 millones de pesos para la culminaci\u00f3n del elevado de entrada a  la autopista Duarte y la culminaci\u00f3n de la avenida Ram\u00f3n C\u00e1ceres. El monto fue  recibido por el Ingeniero Roberto Modesto, del Grupo Constructor Modesto quien  realiza las obras viales. <\/p>\n<p>&#13;<\/p>\n<p align=\"justify\" class=\"text1noticias\"> A nombre de la comunidad, Jos\u00e9 Rafael  Vargas, presidente del INDOTEL. Agradeci\u00f3 al presidente la entrega de los  recursos destacando que esas obras son esperadas por lo mocanos. <\/p>\n<p>&#13;<\/p>\n<p align=\"justify\" class=\"text1noticias\">El  Presidente arrib\u00f3 a Moca por la Distrito Municipal de la Laguna\u00a0\u00a0 pr\u00f3ximo a\u00a0  las cuatro\u00a0 la tarde en compa\u00f1\u00eda  de Francisco Javier Garc\u00eda, Jaime David Fern\u00e1ndez Mirabal, F\u00e9lix Bautista,  Alejandrina Germ\u00e1n, Lu\u00eds Manuel Bonetti, Rafael Camilo, V\u00edctor D\u00edaz Rua,  Quilvio Cabrera, Emigdio Sosa y Richard Mart\u00ednez entre otros. <\/p>\n<p>&#13;<\/p>\n<p align=\"justify\" class=\"text1noticias\">Los  integrantes del Comit\u00e9 de Campa\u00f1a de la provincia y municipio dieron la  bienvenida al candidato presidencial y le acompa\u00f1aron en su recorrido por los  barrios populares hasta entrada la noche cuando concluy\u00f3 con la visita en el  sector Pueblo Abajo visitando la casa de Juan Chia. <\/p>\n<p>&#13;<\/p>\n<h6> 2007-10-28 23:51:45 <\/h6>\n<p><!--\n<link rel=\"stylesheet\" href=\"css\/bootstrap.min.css\">\n\n\n<ul class=\"pagination\">\n\t    \n\t\n\n<li >\n\t<a href='?page_no=34808'>Previous<\/a>\n\t<\/li>\n\n\n       \n    \n\n<li><a href='?page_no=1'>1<\/a><\/li>\n\n\n\n<li><a href='?page_no=2'>2<\/a><\/li>\n\n\n\n<li><a>...<\/a><\/li>\n\n\n\n<li><a href='?page_no=34807'>34807<\/a><\/li>\n\n\n\n<li><a href='?page_no=34808'>34808<\/a><\/li>\n\n\n\n<li class='active'><a>34809<\/a><\/li>\n\n\n\n<li><a href='?page_no=34810'>34810<\/a><\/li>\n\n\n\n<li><a href='?page_no=34811'>34811<\/a><\/li>\n\n\n\n<li><a>...<\/a><\/li>\n\n\n\n<li><a href='?page_no=36999'>36999<\/a><\/li>\n\n\n\n<li><a href='?page_no=37000'>37000<\/a><\/li>\n\n    \n\t\n\n<li >\n\t<a href='?page_no=34810'>Next<\/a>\n\t<\/li>\n\n\n    \n\n<li><a href='?page_no=37000'>Last &rsaquo;&rsaquo;<\/a><\/li>\n\n<\/ul>\n\n\n--><br \/>\n<\/body><\/p>\n","protected":false},"excerpt":{"rendered":"<p>Encabeza recorrido en Moca a pesar de los aguaceros &#13; Los moradores de La Laguna, Guays\u00cd, Las Flores, Roque, Juan Lopito, Viejo Puerto Rico, Sal si puedes, Pueblo Abajo, entre otros\u00a0 sectores mocanos,\u00a0\u00a0 brindaron total apoyo al paso de la comitiva del PLD sacando banderas y afiches del presidente y levantando las manos marcado la [&hellip;]<\/p>\n","protected":false},"author":3,"featured_media":0,"comment_status":"open","ping_status":"open","sticky":false,"template":"","format":"standard","meta":{"footnotes":""},"categories":[22],"tags":[],"class_list":["post-192061","post","type-post","status-publish","format-standard","hentry","category-politica"],"_links":{"self":[{"href":"https:\/\/diariodominicano.com\/index.php?rest_route=\/wp\/v2\/posts\/192061","targetHints":{"allow":["GET"]}}],"collection":[{"href":"https:\/\/diariodominicano.com\/index.php?rest_route=\/wp\/v2\/posts"}],"about":[{"href":"https:\/\/diariodominicano.com\/index.php?rest_route=\/wp\/v2\/types\/post"}],"author":[{"embeddable":true,"href":"https:\/\/diariodominicano.com\/index.php?rest_route=\/wp\/v2\/users\/3"}],"replies":[{"embeddable":true,"href":"https:\/\/diariodominicano.com\/index.php?rest_route=%2Fwp%2Fv2%2Fcomments&post=192061"}],"version-history":[{"count":0,"href":"https:\/\/diariodominicano.com\/index.php?rest_route=\/wp\/v2\/posts\/192061\/revisions"}],"wp:attachment":[{"href":"https:\/\/diariodominicano.com\/index.php?rest_route=%2Fwp%2Fv2%2Fmedia&parent=192061"}],"wp:term":[{"taxonomy":"category","embeddable":true,"href":"https:\/\/diariodominicano.com\/index.php?rest_route=%2Fwp%2Fv2%2Fcategories&post=192061"},{"taxonomy":"post_tag","embeddable":true,"href":"https:\/\/diariodominicano.com\/index.php?rest_route=%2Fwp%2Fv2%2Ftags&post=192061"}],"curies":[{"name":"wp","href":"https:\/\/api.w.org\/{rel}","templated":true}]}}