{"id":192060,"date":"2007-10-28T23:59:10","date_gmt":"2007-10-28T23:59:10","guid":{"rendered":"http:\/\/diariodominicano.ddns.net\/?p=192060"},"modified":"2007-10-28T23:59:10","modified_gmt":"2007-10-28T23:59:10","slug":"vargas-maldonado-promete-que-un-gobierno-suyo-haria-distribucion-equitativa-de-los-ingresos-del-estado","status":"publish","type":"post","link":"https:\/\/diariodominicano.com\/?p=192060","title":{"rendered":"Vargas Maldonado promete que un gobierno suyo har\u00eda distribuci\u00f3n equitativa de los ingresos del Estado"},"content":{"rendered":"<p><body><\/p>\n<p align=\"justify\" class=\"titulogrande1\"><strong>Vargas Maldonado  promete\u00a0 que un gobierno suyo har\u00eda  distribuci\u00f3n equitativa de los ingresos  del Estado<\/strong> <\/p>\n<p>&#13;<\/p>\n<p align=\"justify\" class=\"text1noticias\"><strong><img loading=\"lazy\" decoding=\"async\" src=\"http:\/\/localhost:8080\/pictures\/miguel en villa.jpg\" width=\"269\" height=\"182\" hspace=\"4\" align=\"left\" \/>VILLA GONZ\u00c1LEZ, Santiago.- <\/strong>El candidato  presidencial del Partido Revolucionario Dominicano, \u00a0Miguel Vargas Maldonado, prometi\u00f3 \u00a0aqu\u00ed que de resultar\u00a0 electo el 16 de  mayo pr\u00f3ximo, no s\u00f3lo mantendr\u00eda la estabilidad econ\u00f3mica del pa\u00eds \u201csino que  tambi\u00e9n estamos comprometidos con una distribuci\u00f3n equitativa de los ingresos  del Estado, con lo que habr\u00e1n de beneficiarse los cosecheros de tabaco\u201d. <br \/>&#13;<br \/>\n  <br \/>&#13;<br \/>\n  Sostuvo\u00a0\u00a0 que el Gobierno s\u00f3lo se ocupa de los  intereses y los beneficios personales de sus funcionarios, y que por esa raz\u00f3n  ha abandonado a sectores productivos, como el tabacalero y otras \u00e1reas  productivas prioritarias para esta provincia y la regi\u00f3n del Cibao.<br \/>&#13;<br \/>\n  <br \/>&#13;<br \/>\nA  su juicio, los intereses personales de los dirigentes del Partido de la Liberaci\u00f3n Dominicana  que ocupan funciones en el Gobierno \u201cson puestos por encima de los intereses  del pa\u00eds, de las prioridades de la naci\u00f3n, de la producci\u00f3n nacional, de  nuestros hermanos del campo dominicano y de las necesidades del pueblo en  sentido general\u201d.<br \/>&#13;<br \/>\n<br \/>&#13;<br \/>\nUn  bolet\u00edn de su Direcci\u00f3n de Comunicaciones resalta que hablando ante centenares  de productores, procesadores y exportadores de tabaco de esta provincia, en un  concurrido acto celebrado en el Champion Palace, Vargas Maldonado dijo que en  una gesti\u00f3n suya \u201ca partir del 16 de agosto las necesidades de la gente, las  necesidades del pueblo ser\u00e1n siempre nuestras prioridades\u201d.<br \/>&#13;<br \/>\n<br \/>&#13;<br \/>\nPrometi\u00f3  \u00a0que una vez alcance la primera  magistratura de la naci\u00f3n tiene un compromiso con el sector tabacalero para  establecer \u201cpol\u00edticas que beneficien con financiamiento y con asistencia  t\u00e9cnica y otros aspectos que est\u00e1n consignados en ocho puntos que ser\u00e1n  anunciados pr\u00f3ximamente al pa\u00eds.<br \/>&#13;<br \/>\n<br \/>&#13;<br \/>\n\u201cCon  los tabacaleros, con todos los sectores que nos hemos y nos estamos reuniendo,  no hacemos promesas, sino que buscamos pactos y compromisos, sobre las  soluciones viables, como las facilidades y acceso al financiamiento, asistencia  tecnol\u00f3gica de la mano amiga del Gobierno\u201d, a\u00f1adi\u00f3.<br \/>&#13;<br \/>\n<br \/>&#13;<br \/>\nVargas  Maldonado consider\u00f3 \u00a0que una demostraci\u00f3n  clara de que al Presidente de la   Rep\u00fablica y candidato reeleccionista por el Partido de la Liberaci\u00f3n Dominicana  no le interesan las necesidades y las dificultades de las diferentes  comunidades de pa\u00eds, y que solamente a la provincia de Santiago les fueron  desviado m\u00e1s de RD$3,600 millones en inversiones para ser destinados a la obra  del metro de Santo Domingo.<br \/>&#13;<br \/>\n<br \/>&#13;<br \/>\nEl candidato  presidencial del PRD hizo estos se\u00f1alamientos al encabezar una concentraci\u00f3n  realizada al mediod\u00eda de hoy en la discoteca \u201cChampions Palace\u201d, organizada por  el movimiento \u201cTabacaleros con Miguel\u201d, a cuya actividad asisti\u00f3 un p\u00fablico que  abarrot\u00f3 el espacioso centro de diversi\u00f3n santiaguense. <br \/>&#13;<br \/>\n<br \/>&#13;<br \/>\nEn el acto,  cosecheros de tabaco con muchos a\u00f1os dedicados a ese negocio le entregaron a  Vargas Maldonado un pliego de sugerencias, para que lo ponga en ejecuci\u00f3n en  caso de ser electo presidente de la Rep\u00fablica, prometiendo en su discurso que estas  ser\u00e1n atendidas por sus t\u00e9cnicos cuando se presente la oportunidad. <br \/>&#13;<br \/>\n<br \/>&#13;<br \/>\nEntre estos  cit\u00f3 que dar\u00eda mayor facilidad al acceso de financiamientos para la cosecha de  ese producto, as\u00ed como la asistencia de tecnolog\u00edas que tiendan a producir  mejores siembras, que redunden en beneficio econ\u00f3mico de los tabacaleros  nacionales. <br \/>&#13;<br \/>\n<br \/>&#13;<br \/>\n\u201cEstamos  sumamente conscientes de la importancia social y econ\u00f3mica del sector que  ustedes representan, por lo que vamos a responder desde el gobierno a sus  necesidades con pol\u00edticas p\u00fablicas adecuadas, a fin de establecer ese rengl\u00f3n  agr\u00edcola, para que genere mayor cantidad de divisas y, de ese modo, un pa\u00eds m\u00e1s  pr\u00f3spero\u201d, enfatiz\u00f3 Vargas Maldonado. <br \/>&#13;<br \/>\n<br \/>&#13;<br \/>\nA su juicio, el  sector tabacalero nacional ha sido abandonado por el presidente Leonel  Fern\u00e1ndez \u201cy estamos aqu\u00ed para hacer el compromiso de que vamos a rescatar los  sectores olvidados y abandonados por esta gesti\u00f3n p\u00fablica, que solo le interesa  los beneficios de los funcionarios p\u00fablicos\u201d. <br \/>&#13;<br \/>\n<br \/>&#13;<br \/>\nEn la actividad  tambi\u00e9n hablaron Emilio Reyes, coordinador del movimiento \u201cTabacalero con  Miguel\u201d; Domingo Col\u00f3n, representante de los medianos y peque\u00f1os productores de  tabaco; Pr\u00f3spero Jim\u00e9nez, dirigente regional agropecuario de la candidatura  perrede\u00edsta y el diputado Papo de Le\u00f3n. <br \/>&#13;<br \/>\n<br \/>&#13;<br \/>\nAntes de ese encuentro, Vargas Maldonado encabez\u00f3  varias actividades, entre ellas una caminata por La Placita, uno de los  principales centros de ventas de frutas, vegetales y carnes de esta ciudad,  recorriendo luego los sectores de Los Ciruelitos y Gurabito, donde se puso en  evidencia el gran respaldo que tiene en esos sectores populares de la ciudad  coraz\u00f3n. <\/p>\n<p>&#13;<\/p>\n<h6> 2007-10-28 23:59:10 <\/h6>\n<p><!--\n<link rel=\"stylesheet\" href=\"css\/bootstrap.min.css\">\n\n\n<ul class=\"pagination\">\n\t    \n\t\n\n<li >\n\t<a href='?page_no=34807'>Previous<\/a>\n\t<\/li>\n\n\n       \n    \n\n<li><a href='?page_no=1'>1<\/a><\/li>\n\n\n\n<li><a href='?page_no=2'>2<\/a><\/li>\n\n\n\n<li><a>...<\/a><\/li>\n\n\n\n<li><a href='?page_no=34806'>34806<\/a><\/li>\n\n\n\n<li><a href='?page_no=34807'>34807<\/a><\/li>\n\n\n\n<li class='active'><a>34808<\/a><\/li>\n\n\n\n<li><a href='?page_no=34809'>34809<\/a><\/li>\n\n\n\n<li><a href='?page_no=34810'>34810<\/a><\/li>\n\n\n\n<li><a>...<\/a><\/li>\n\n\n\n<li><a href='?page_no=36999'>36999<\/a><\/li>\n\n\n\n<li><a href='?page_no=37000'>37000<\/a><\/li>\n\n    \n\t\n\n<li >\n\t<a href='?page_no=34809'>Next<\/a>\n\t<\/li>\n\n\n    \n\n<li><a href='?page_no=37000'>Last &rsaquo;&rsaquo;<\/a><\/li>\n\n<\/ul>\n\n\n--><br \/>\n<\/body><\/p>\n","protected":false},"excerpt":{"rendered":"<p>Vargas Maldonado promete\u00a0 que un gobierno suyo har\u00eda distribuci\u00f3n equitativa de los ingresos del Estado &#13; VILLA GONZ\u00c1LEZ, Santiago.- El candidato presidencial del Partido Revolucionario Dominicano, \u00a0Miguel Vargas Maldonado, prometi\u00f3 \u00a0aqu\u00ed que de resultar\u00a0 electo el 16 de mayo pr\u00f3ximo, no s\u00f3lo mantendr\u00eda la estabilidad econ\u00f3mica del pa\u00eds \u201csino que tambi\u00e9n estamos comprometidos con una [&hellip;]<\/p>\n","protected":false},"author":3,"featured_media":0,"comment_status":"open","ping_status":"open","sticky":false,"template":"","format":"standard","meta":{"footnotes":""},"categories":[22],"tags":[],"class_list":["post-192060","post","type-post","status-publish","format-standard","hentry","category-politica"],"_links":{"self":[{"href":"https:\/\/diariodominicano.com\/index.php?rest_route=\/wp\/v2\/posts\/192060","targetHints":{"allow":["GET"]}}],"collection":[{"href":"https:\/\/diariodominicano.com\/index.php?rest_route=\/wp\/v2\/posts"}],"about":[{"href":"https:\/\/diariodominicano.com\/index.php?rest_route=\/wp\/v2\/types\/post"}],"author":[{"embeddable":true,"href":"https:\/\/diariodominicano.com\/index.php?rest_route=\/wp\/v2\/users\/3"}],"replies":[{"embeddable":true,"href":"https:\/\/diariodominicano.com\/index.php?rest_route=%2Fwp%2Fv2%2Fcomments&post=192060"}],"version-history":[{"count":0,"href":"https:\/\/diariodominicano.com\/index.php?rest_route=\/wp\/v2\/posts\/192060\/revisions"}],"wp:attachment":[{"href":"https:\/\/diariodominicano.com\/index.php?rest_route=%2Fwp%2Fv2%2Fmedia&parent=192060"}],"wp:term":[{"taxonomy":"category","embeddable":true,"href":"https:\/\/diariodominicano.com\/index.php?rest_route=%2Fwp%2Fv2%2Fcategories&post=192060"},{"taxonomy":"post_tag","embeddable":true,"href":"https:\/\/diariodominicano.com\/index.php?rest_route=%2Fwp%2Fv2%2Ftags&post=192060"}],"curies":[{"name":"wp","href":"https:\/\/api.w.org\/{rel}","templated":true}]}}