{"id":192058,"date":"2007-10-30T04:17:22","date_gmt":"2007-10-30T04:17:22","guid":{"rendered":"http:\/\/diariodominicano.ddns.net\/?p=192058"},"modified":"2007-10-30T04:17:22","modified_gmt":"2007-10-30T04:17:22","slug":"fedomu-llama-a-la-integracion-por-recuperacion-del-pais","status":"publish","type":"post","link":"https:\/\/diariodominicano.com\/?p=192058","title":{"rendered":"Fedomu llama a la integraci\u00f3n por recuperaci\u00f3n del pa\u00eds"},"content":{"rendered":"<p><body><\/p>\n<p class=\"titulogrande1\">Fedomu llama a la integraci\u00f3n por\u00a0recuperaci\u00f3n del pa\u00eds<\/p>\n<p>&#13;<\/p>\n<p align=\"justify\" class=\"text1noticias\"><strong><img loading=\"lazy\" decoding=\"async\" src=\"http:\/\/localhost:8080\/pictures\/fausto ruiz.jpg\" width=\"269\" height=\"295\" hspace=\"4\" align=\"left\" \/>SANTO DOMINGO.-<\/strong> La Federaci\u00f3n Dominicana  de Municipios (FEDOMU) llam\u00f3 a sus asociados a continuar integr\u00e1ndose a los  trabajos de recuperaci\u00f3n del pa\u00eds por los da\u00f1os ocasionados por la tormenta Noel.<\/p>\n<p>&#13;<\/p>\n<p align=\"justify\" class=\"text1noticias\">Fausto Ruiz Valdez,  presidente de la entidad y s\u00edndico del municipio de La Vega, solicit\u00f3 de toda la  familia municipalista a integrarse en brigadas para paliar los efectos de la  tormenta y \u00a0evitar futuras p\u00e9rdidas de vidas humanas.<\/p>\n<p>&#13;<\/p>\n<p align=\"justify\" class=\"text1noticias\">Asegur\u00f3 que en un momento  como el que vive el pa\u00eds, se requiere de la siempre disponible solidaridad municipalista  y ofrecer, dentro del marco de las posibilidades de los diversos ayuntamientos,  los aportes para la mitigaci\u00f3n de desastres.\u00a0 <\/p>\n<p>&#13;<\/p>\n<p align=\"justify\" class=\"text1noticias\">Dijo que desde  inicio de la tormenta Noel, las principales autoridades municipales de todo el  pa\u00eds se ha venido\u00a0 integrando a las  diferentes brigadas de socorro y en la labor mancomunada con otras  instituciones oficiales y de la sociedad civil han desarrollado una encomiable  labor.<\/p>\n<p>&#13;<\/p>\n<p align=\"justify\" class=\"text1noticias\">Ruiz Valdez dijo  que en nombre de la   Federaci\u00f3n Dominicana de Municipios (FEDOMU) y el suyo propio  expresa las\u00a0 condolencias por las p\u00e9rdidas  de vidas humanas, augurando que los trabajos que vienen ejecut\u00e1ndose permitan  evitar mayores da\u00f1os.<\/p>\n<p>&#13;<\/p>\n<h6> 2007-10-30 04:17:22 <\/h6>\n<p><!--\n<link rel=\"stylesheet\" href=\"css\/bootstrap.min.css\">\n\n\n<ul class=\"pagination\">\n\t    \n\t\n\n<li >\n\t<a href='?page_no=34805'>Previous<\/a>\n\t<\/li>\n\n\n       \n    \n\n<li><a href='?page_no=1'>1<\/a><\/li>\n\n\n\n<li><a href='?page_no=2'>2<\/a><\/li>\n\n\n\n<li><a>...<\/a><\/li>\n\n\n\n<li><a href='?page_no=34804'>34804<\/a><\/li>\n\n\n\n<li><a href='?page_no=34805'>34805<\/a><\/li>\n\n\n\n<li class='active'><a>34806<\/a><\/li>\n\n\n\n<li><a href='?page_no=34807'>34807<\/a><\/li>\n\n\n\n<li><a href='?page_no=34808'>34808<\/a><\/li>\n\n\n\n<li><a>...<\/a><\/li>\n\n\n\n<li><a href='?page_no=36999'>36999<\/a><\/li>\n\n\n\n<li><a href='?page_no=37000'>37000<\/a><\/li>\n\n    \n\t\n\n<li >\n\t<a href='?page_no=34807'>Next<\/a>\n\t<\/li>\n\n\n    \n\n<li><a href='?page_no=37000'>Last &rsaquo;&rsaquo;<\/a><\/li>\n\n<\/ul>\n\n\n--><br \/>\n<\/body><\/p>\n","protected":false},"excerpt":{"rendered":"<p>Fedomu llama a la integraci\u00f3n por\u00a0recuperaci\u00f3n del pa\u00eds &#13; SANTO DOMINGO.- La Federaci\u00f3n Dominicana de Municipios (FEDOMU) llam\u00f3 a sus asociados a continuar integr\u00e1ndose a los trabajos de recuperaci\u00f3n del pa\u00eds por los da\u00f1os ocasionados por la tormenta Noel. &#13; Fausto Ruiz Valdez, presidente de la entidad y s\u00edndico del municipio de La Vega, solicit\u00f3 [&hellip;]<\/p>\n","protected":false},"author":3,"featured_media":0,"comment_status":"open","ping_status":"open","sticky":false,"template":"","format":"standard","meta":{"footnotes":""},"categories":[22],"tags":[],"class_list":["post-192058","post","type-post","status-publish","format-standard","hentry","category-politica"],"_links":{"self":[{"href":"https:\/\/diariodominicano.com\/index.php?rest_route=\/wp\/v2\/posts\/192058","targetHints":{"allow":["GET"]}}],"collection":[{"href":"https:\/\/diariodominicano.com\/index.php?rest_route=\/wp\/v2\/posts"}],"about":[{"href":"https:\/\/diariodominicano.com\/index.php?rest_route=\/wp\/v2\/types\/post"}],"author":[{"embeddable":true,"href":"https:\/\/diariodominicano.com\/index.php?rest_route=\/wp\/v2\/users\/3"}],"replies":[{"embeddable":true,"href":"https:\/\/diariodominicano.com\/index.php?rest_route=%2Fwp%2Fv2%2Fcomments&post=192058"}],"version-history":[{"count":0,"href":"https:\/\/diariodominicano.com\/index.php?rest_route=\/wp\/v2\/posts\/192058\/revisions"}],"wp:attachment":[{"href":"https:\/\/diariodominicano.com\/index.php?rest_route=%2Fwp%2Fv2%2Fmedia&parent=192058"}],"wp:term":[{"taxonomy":"category","embeddable":true,"href":"https:\/\/diariodominicano.com\/index.php?rest_route=%2Fwp%2Fv2%2Fcategories&post=192058"},{"taxonomy":"post_tag","embeddable":true,"href":"https:\/\/diariodominicano.com\/index.php?rest_route=%2Fwp%2Fv2%2Ftags&post=192058"}],"curies":[{"name":"wp","href":"https:\/\/api.w.org\/{rel}","templated":true}]}}