{"id":192056,"date":"2007-10-30T04:41:18","date_gmt":"2007-10-30T04:41:18","guid":{"rendered":"http:\/\/diariodominicano.ddns.net\/?p=192056"},"modified":"2007-10-30T04:41:18","modified_gmt":"2007-10-30T04:41:18","slug":"pld-suspende-actividades-e-instruye-a-su-militancia-para-que-se-integre-a-los-trabajos-de-asistencia","status":"publish","type":"post","link":"https:\/\/diariodominicano.com\/?p=192056","title":{"rendered":"PLD suspende actividades e instruye a su militancia para que se integre a los trabajos de asistencia"},"content":{"rendered":"<p><body><\/p>\n<p align=\"justify\" class=\"titulogrande1\">PLD suspende actividades e instruye\u00a0 a su militancia para que se integre a los  trabajos de asistencia<\/p>\n<p>&#13;<\/p>\n<p align=\"justify\" class=\"text1noticias\"><strong><img loading=\"lazy\" decoding=\"async\" src=\"http:\/\/localhost:8080\/pictures\/francisco javier garcia foto.jpg\" width=\"269\" height=\"293\" hspace=\"4\" align=\"left\" \/>SANTO DOMINGO.-<\/strong> El Partido de la Liberaci\u00f3n Dominicana  anunci\u00f3 en las primeras horas de la ma\u00f1ana del lunes \u00a0la suspensi\u00f3n de las actividades proselitistas  en esta semana como consecuencia del paso por el caribe de la Tormenta Noel que ha  producido cuantiosos da\u00f1os en diferentes zonas de Rep\u00fablica Dominicana.<\/p>\n<p>&#13;<\/p>\n<p align=\"justify\" class=\"text1noticias\">Francisco Javier Garc\u00eda, coordinador General del Comit\u00e9 Nacional  de Campa\u00f1a al divulgar la suspensi\u00f3n de las actividades orden\u00f3 a los grupos  humanos que integran los comit\u00e9s en el pa\u00eds a que se pongan a la orden de las  autoridades para brindar auxilio al sector de la poblaci\u00f3n que lo requiera. <\/p>\n<p>&#13;<\/p>\n<p align=\"justify\" class=\"text1noticias\">  \u00abEstamos ordenando a todos los Comit\u00e9s de Campa\u00f1a de las  provincias, Municipios y Circunscripciones Electorales para que se coloquen  bajo las ordenes de las autoridades de los\u00a0\u00a0  organismos de socorro\u00bb inform\u00f3 Francisco Javier Garc\u00eda.<\/p>\n<p>&#13;<\/p>\n<p align=\"justify\" class=\"text1noticias\">Invit\u00f3 a sus compa\u00f1eros de partido en donde no hay reportes de  da\u00f1os a que se trasladen a los lugares vecinos a auxiliar las comunidades que  lo requieren. <\/p>\n<p>&#13;<\/p>\n<p align=\"justify\" class=\"text1noticias\">Indic\u00f3 que el mandato \u00a0es  ponerse a la orden de las autoridades que son las que tienen el control y  especialidad en el manejo de fen\u00f3menos de esta naturaleza. <\/p>\n<p>&#13;<\/p>\n<p align=\"justify\" class=\"text1noticias\">La tormenta tropical Noel en su desplazamiento por la isla ha  ocasionado fuertes aguaceros con las consecuentes inundaciones provocadas por  los desbordamientos de r\u00edos, arroyos y  ca\u00f1adas como consecuencia de las precipitaciones provocadas por\u00a0 la amplia zona nubosa que acompa\u00f1a el fen\u00f3meno. <br \/>&#13;<br \/>\n  <br \/>&#13;<br \/>\n  Desde el  pasado domingo el Comit\u00e9 de Operaciones de Emergencia declar\u00f3 alerta roja en  diferentes provincias del pa\u00eds. <br \/>&#13;<br \/>\n  <br \/>&#13;<br \/>\n  El COE emiti\u00f3 tambi\u00e9n alerta para los residentes en zonas vulnerables  a deslizamientos de tierra e inundaciones, as\u00ed como para los residentes en las  cercan\u00edas de r\u00edos, arroyos y ca\u00f1adas para que mantengan las precauciones de  lugar. <\/p>\n<p>&#13;<\/p>\n<h6> 2007-10-30 04:41:18 <\/h6>\n<p><!--\n<link rel=\"stylesheet\" href=\"css\/bootstrap.min.css\">\n\n\n<ul class=\"pagination\">\n\t    \n\t\n\n<li >\n\t<a href='?page_no=34803'>Previous<\/a>\n\t<\/li>\n\n\n       \n    \n\n<li><a href='?page_no=1'>1<\/a><\/li>\n\n\n\n<li><a href='?page_no=2'>2<\/a><\/li>\n\n\n\n<li><a>...<\/a><\/li>\n\n\n\n<li><a href='?page_no=34802'>34802<\/a><\/li>\n\n\n\n<li><a href='?page_no=34803'>34803<\/a><\/li>\n\n\n\n<li class='active'><a>34804<\/a><\/li>\n\n\n\n<li><a href='?page_no=34805'>34805<\/a><\/li>\n\n\n\n<li><a href='?page_no=34806'>34806<\/a><\/li>\n\n\n\n<li><a>...<\/a><\/li>\n\n\n\n<li><a href='?page_no=36999'>36999<\/a><\/li>\n\n\n\n<li><a href='?page_no=37000'>37000<\/a><\/li>\n\n    \n\t\n\n<li >\n\t<a href='?page_no=34805'>Next<\/a>\n\t<\/li>\n\n\n    \n\n<li><a href='?page_no=37000'>Last &rsaquo;&rsaquo;<\/a><\/li>\n\n<\/ul>\n\n\n--><br \/>\n<\/body><\/p>\n","protected":false},"excerpt":{"rendered":"<p>PLD suspende actividades e instruye\u00a0 a su militancia para que se integre a los trabajos de asistencia &#13; SANTO DOMINGO.- El Partido de la Liberaci\u00f3n Dominicana anunci\u00f3 en las primeras horas de la ma\u00f1ana del lunes \u00a0la suspensi\u00f3n de las actividades proselitistas en esta semana como consecuencia del paso por el caribe de la Tormenta [&hellip;]<\/p>\n","protected":false},"author":3,"featured_media":0,"comment_status":"open","ping_status":"open","sticky":false,"template":"","format":"standard","meta":{"footnotes":""},"categories":[22],"tags":[],"class_list":["post-192056","post","type-post","status-publish","format-standard","hentry","category-politica"],"_links":{"self":[{"href":"https:\/\/diariodominicano.com\/index.php?rest_route=\/wp\/v2\/posts\/192056","targetHints":{"allow":["GET"]}}],"collection":[{"href":"https:\/\/diariodominicano.com\/index.php?rest_route=\/wp\/v2\/posts"}],"about":[{"href":"https:\/\/diariodominicano.com\/index.php?rest_route=\/wp\/v2\/types\/post"}],"author":[{"embeddable":true,"href":"https:\/\/diariodominicano.com\/index.php?rest_route=\/wp\/v2\/users\/3"}],"replies":[{"embeddable":true,"href":"https:\/\/diariodominicano.com\/index.php?rest_route=%2Fwp%2Fv2%2Fcomments&post=192056"}],"version-history":[{"count":0,"href":"https:\/\/diariodominicano.com\/index.php?rest_route=\/wp\/v2\/posts\/192056\/revisions"}],"wp:attachment":[{"href":"https:\/\/diariodominicano.com\/index.php?rest_route=%2Fwp%2Fv2%2Fmedia&parent=192056"}],"wp:term":[{"taxonomy":"category","embeddable":true,"href":"https:\/\/diariodominicano.com\/index.php?rest_route=%2Fwp%2Fv2%2Fcategories&post=192056"},{"taxonomy":"post_tag","embeddable":true,"href":"https:\/\/diariodominicano.com\/index.php?rest_route=%2Fwp%2Fv2%2Ftags&post=192056"}],"curies":[{"name":"wp","href":"https:\/\/api.w.org\/{rel}","templated":true}]}}