{"id":192055,"date":"2007-10-30T04:45:49","date_gmt":"2007-10-30T04:45:49","guid":{"rendered":"http:\/\/diariodominicano.ddns.net\/?p=192055"},"modified":"2007-10-30T04:45:49","modified_gmt":"2007-10-30T04:45:49","slug":"eduardo-estrella-hace-llamado-a-la-reflexion-la-cuarta-via-inicia-su-campana-en-santiago","status":"publish","type":"post","link":"https:\/\/diariodominicano.com\/?p=192055","title":{"rendered":"Eduardo Estrella hace llamado a la reflexi\u00f3n; la Cuarta V\u00eda inicia su campa\u00f1a en Santiago"},"content":{"rendered":"<p><body><\/p>\n<p align=\"justify\" class=\"titulogrande1\">Eduardo Estrella hace llamado a la reflexi\u00f3n; la Cuarta V\u00eda inicia su campa\u00f1a en  Santiago<\/p>\n<p>&#13;<\/p>\n<p align=\"justify\" class=\"text1noticias\">Estrella defini\u00f3 a la Cuarta V\u00eda como la V\u00eda para el Cambio. \u201cSi  sientes que el partido al que has pertenecido abandon\u00f3 los principios, valores  e ideales que atesoras. Si est\u00e1s preocupado por el futuro de esta patria y s\u00f3lo  ves m\u00e1s de lo mismo, te invito a que te incorpore a la Cuarta V\u00eda para juntos  trabajemos en la construcci\u00f3n de una mejor Patria.\u201d<\/p>\n<p>&#13;<\/p>\n<p align=\"justify\" class=\"text1noticias\"><strong><img loading=\"lazy\" decoding=\"async\" src=\"http:\/\/localhost:8080\/pictures\/eduardo estrella pic.jpg\" width=\"269\" height=\"351\" hspace=\"4\" align=\"left\" \/>SANTIAGO.-<\/strong> En una  concentraci\u00f3n realizada en el Club Sameji de Santiago, los partidos y  movimiento integrantes de la   Cuarta V\u00eda declararon iniciada su campa\u00f1a electoral y  ratificaron este domingo la proclamaci\u00f3n de Eduardo Estrella como candidato a  la presidencia de la   Rep\u00fablica.<\/p>\n<p>&#13;<\/p>\n<p align=\"justify\" class=\"text1noticias\">En el evento en que  participaron seguidores de los partidos: Revolucionario Social Dem\u00f3crata  (PRSD), Humanista Dominicano (PHD) y Nacional de Veteranos y Civiles, as\u00ed como  de los Movimientos Dominicanos por el Cambio y Frente Nacional Organizado, el  candidato presidencial de esa coalici\u00f3n, Eduardo Estrella, llam\u00f3 a la reflexi\u00f3n a los  diversos sectores de la vida nacional y pidi\u00f3 no votar por Leonel Fern\u00e1ndez y  Miguel Vargas, por que a su juicio ambos representan m\u00e1s corrupci\u00f3n.<\/p>\n<p>&#13;<\/p>\n<p align=\"justify\" class=\"text1noticias\">Estrella defini\u00f3 a la Cuarta V\u00eda como la V\u00eda para el Cambio. \u201cSi  sientes que el partido al que has pertenecido abandon\u00f3 los principios, valores  e ideales que atesoras. Si est\u00e1s preocupado por el futuro de esta patria y s\u00f3lo  ves m\u00e1s de lo mismo, te invito a que te incorpore a la Cuarta V\u00eda para juntos  trabajemos en la construcci\u00f3n de una mejor Patria.\u201d<\/p>\n<p>&#13;<\/p>\n<p align=\"justify\" class=\"text1noticias\">El candidato presidencial  llam\u00f3 a los diversos sectores de la vida nacional a que se integren a la  pol\u00edtica y no sean indiferentes. Dijo que \u201cfrente al incumplimiento de las  leyes por parte de las autoridades, la falta de transparencia en el manejo de  los asuntos p\u00fablicos, la creciente corrupci\u00f3n en todos los \u00e1mbitos y el  abandono de los reclamos del pueblo no es posible cruzarnos de brazos.\u201d\u00a0 <\/p>\n<p>&#13;<\/p>\n<p align=\"justify\" class=\"text1noticias\">\u201cMirar a un lado no es una  opci\u00f3n aceptable, callar no ser\u00eda decoroso y participar en esas pr\u00e1cticas,  resulta para nosotros imposible,\u00a0  indecoroso e indigno\u201d. Manifest\u00f3 el abanderado de la revoluci\u00f3n moral. <\/p>\n<p>&#13;<\/p>\n<p align=\"justify\" class=\"text1noticias\">Consider\u00f3 \u00a0que la sociedad acorralada por el clientelismo  partidario, procura una opci\u00f3n diferente, y los partidos integrantes de la Cuarta V\u00eda asumen el  reto de encaminar a la   Rep\u00fablica Dominicana por la v\u00eda del cambio bajo una agenda  democr\u00e1tica, nacional y solidaria. <\/p>\n<p>&#13;<\/p>\n<p align=\"justify\" class=\"text1noticias\">\u201cNo seas indiferente. No  acepte el martirio y el yugo del r\u00e9gimen que gobierna, como cosa del destino.  Si quieres tu Patria, si deseas un mejor porvenir para tus hijos, ven con  nosotros, s\u00famate a la Cuarta V\u00eda,  la \u00fanica v\u00eda para el verdadero cambio, y as\u00ed evitar el retorno del PPH y sacar  de una vez y para siempre a los comesolos del poder.\u201d Puntualiz\u00f3 Eduardo  Estrella.<\/p>\n<p>&#13;<\/p>\n<p align=\"justify\" class=\"text1noticias\">Expres\u00f3 que la Cuarta V\u00eda se propone  devolverle al pueblo dominicano la fe y la esperanza de que \u00e9ste pa\u00eds es para  todos y no una finca para beneficio y usufructo personal de los que hoy est\u00e1n y  muchos de los que ayer estuvieron en el poder.<\/p>\n<p>&#13;<\/p>\n<p align=\"justify\" class=\"text1noticias\">Calific\u00f3  como catastr\u00f3fico el panorama en que viven los dominicanos: \u201cAspiro a una  sociedad donde no se mueran indefensos seres humanos a causa del dengue y donde  no se gasten cientos de millones en decoraci\u00f3n de oficinas publicas y en viajes  de placer de funcionarios, mientras en los hospitales no hay ni siquiera  jeringuilla y algod\u00f3n para atender a los pacientes. Donde\u00a0 se les provea de seguridad social a los miles  de dominicanos que no poseen un empleo\u201d. <\/p>\n<p>&#13;<\/p>\n<p align=\"justify\" class=\"text1noticias\">\u201cAspiro  a una sociedad donde no haya un metro en el que se gaste m\u00e1s que siete  secretarias de Estado juntas, mientras existen ni\u00f1os recibiendo clases debajo  de \u00e1rboles y sentados en un block.\u201d Subray\u00f3 el l\u00edder de Dominicanos por el  Cambio. <\/p>\n<p>&#13;<\/p>\n<p align=\"justify\" class=\"text1noticias\">Defini\u00f3 a Leonel Fern\u00e1ndez  como un candidato que habla, y como un Presidente sordo. <br \/>&#13;<br \/>\n  <br \/>&#13;<br \/>\nExpres\u00f3 que \u201cel pa\u00eds  requiere de un gerente confiable y responsable, de una luz que lo gu\u00ede en la  transici\u00f3n de la mala pr\u00e1ctica pol\u00edtica a un estado de derecho en el que reine  la institucionalidad y la seguridad jur\u00eddica para hacer valer los derechos de  todos los ciudadanos.\u201d<\/p>\n<p>&#13;<\/p>\n<p align=\"justify\" class=\"text1noticias\">Refiri\u00e9ndose al empr\u00e9stito  tomado por el gobierno a la   Sun Lang Group, opin\u00f3 que \u201cel gobierno peledeista se comporta  como los tramposos que hacen sus negocios escondidos, para no pagarle a los  deudores y para que la poblaci\u00f3n no se entere del uso que dar\u00e1n al dinero  tomado prestado. Pero como es la poblaci\u00f3n la que deber\u00e1 pagar esos pr\u00e9stamos,  el gobierno peledeista, y sobre todo el Presidente Leonel Fern\u00e1ndez debe  entender, que este pa\u00eds no es una finca de su propiedad. Ni Leonel Fern\u00e1ndez ni  nadie debe estar por encima de la Constituci\u00f3n y las leyes.\u201d Enfatiz\u00f3 en\u00e9rgicamente  el candidato de la Cuarta V\u00eda.<\/p>\n<p>&#13;<\/p>\n<p align=\"justify\" class=\"text1noticias\">Sostuvo que Leonel  Fern\u00e1ndez y Miguel Vargas est\u00e1n muy ocupados tratando de convencer a la  poblaci\u00f3n sobre cu\u00e1l de ellos es menos malo, menos corrupto, gener\u00f3 m\u00e1s pobreza  y desempleo,\u00a0 aument\u00f3 m\u00e1s el sueldo del  Presidente y de los altos funcionarios; viol\u00f3 m\u00e1s la constituci\u00f3n tomando  empr\u00e9stitos sin someterlos al Congreso Nacional. <\/p>\n<p>&#13;<\/p>\n<p align=\"justify\" class=\"text1noticias\">Hizo un llamado a la reflexi\u00f3n,  debido a que no tiene sentido que los electores escojan entre dos candidatos  malos, \u201csi el pr\u00f3ximo 16 de mayo tienen la oportunidad de votar por lo bueno,  de votar por lo mejor.\u201d<\/p>\n<p>&#13;<\/p>\n<p align=\"justify\" class=\"text1noticias\">Dijo que en un gobierno de la Cuarta V\u00eda declarar\u00e1  una lucha sin cuartel, contra la corrupci\u00f3n, el crimen organizado y la  impunidad que est\u00e1n destruyendo la naci\u00f3n. <\/p>\n<p>&#13;<\/p>\n<p align=\"justify\" class=\"text1noticias\">En  el encuentro estuvieron presentes los presidentes de los partidos integrantes  de la Cuarta V\u00eda:  Hatuey Decamps, El\u00e9xido Paula, Juan Cohen, Felvio Rodr\u00edguez, as\u00ed como los  directivos del Movimiento Dominicanos por el Cambio: Sergia Elena S\u00e9liman,  Belarminio Ram\u00edrez y los diputados \u00c1ngel Acosta, Carlos Mart\u00ednez, Radham\u00e9s  Ferm\u00edn y Rafael Molina, entre otros.<\/p>\n<p>&#13;<\/p>\n<h6> 2007-10-30 04:45:49 <\/h6>\n<p><!--\n<link rel=\"stylesheet\" href=\"css\/bootstrap.min.css\">\n\n\n<ul class=\"pagination\">\n\t    \n\t\n\n<li >\n\t<a href='?page_no=34802'>Previous<\/a>\n\t<\/li>\n\n\n       \n    \n\n<li><a href='?page_no=1'>1<\/a><\/li>\n\n\n\n<li><a href='?page_no=2'>2<\/a><\/li>\n\n\n\n<li><a>...<\/a><\/li>\n\n\n\n<li><a href='?page_no=34801'>34801<\/a><\/li>\n\n\n\n<li><a href='?page_no=34802'>34802<\/a><\/li>\n\n\n\n<li class='active'><a>34803<\/a><\/li>\n\n\n\n<li><a href='?page_no=34804'>34804<\/a><\/li>\n\n\n\n<li><a href='?page_no=34805'>34805<\/a><\/li>\n\n\n\n<li><a>...<\/a><\/li>\n\n\n\n<li><a href='?page_no=36999'>36999<\/a><\/li>\n\n\n\n<li><a href='?page_no=37000'>37000<\/a><\/li>\n\n    \n\t\n\n<li >\n\t<a href='?page_no=34804'>Next<\/a>\n\t<\/li>\n\n\n    \n\n<li><a href='?page_no=37000'>Last &rsaquo;&rsaquo;<\/a><\/li>\n\n<\/ul>\n\n\n--><br \/>\n<\/body><\/p>\n","protected":false},"excerpt":{"rendered":"<p>Eduardo Estrella hace llamado a la reflexi\u00f3n; la Cuarta V\u00eda inicia su campa\u00f1a en Santiago &#13; Estrella defini\u00f3 a la Cuarta V\u00eda como la V\u00eda para el Cambio. \u201cSi sientes que el partido al que has pertenecido abandon\u00f3 los principios, valores e ideales que atesoras. Si est\u00e1s preocupado por el futuro de esta patria y [&hellip;]<\/p>\n","protected":false},"author":3,"featured_media":0,"comment_status":"open","ping_status":"open","sticky":false,"template":"","format":"standard","meta":{"footnotes":""},"categories":[22],"tags":[],"class_list":["post-192055","post","type-post","status-publish","format-standard","hentry","category-politica"],"_links":{"self":[{"href":"https:\/\/diariodominicano.com\/index.php?rest_route=\/wp\/v2\/posts\/192055","targetHints":{"allow":["GET"]}}],"collection":[{"href":"https:\/\/diariodominicano.com\/index.php?rest_route=\/wp\/v2\/posts"}],"about":[{"href":"https:\/\/diariodominicano.com\/index.php?rest_route=\/wp\/v2\/types\/post"}],"author":[{"embeddable":true,"href":"https:\/\/diariodominicano.com\/index.php?rest_route=\/wp\/v2\/users\/3"}],"replies":[{"embeddable":true,"href":"https:\/\/diariodominicano.com\/index.php?rest_route=%2Fwp%2Fv2%2Fcomments&post=192055"}],"version-history":[{"count":0,"href":"https:\/\/diariodominicano.com\/index.php?rest_route=\/wp\/v2\/posts\/192055\/revisions"}],"wp:attachment":[{"href":"https:\/\/diariodominicano.com\/index.php?rest_route=%2Fwp%2Fv2%2Fmedia&parent=192055"}],"wp:term":[{"taxonomy":"category","embeddable":true,"href":"https:\/\/diariodominicano.com\/index.php?rest_route=%2Fwp%2Fv2%2Fcategories&post=192055"},{"taxonomy":"post_tag","embeddable":true,"href":"https:\/\/diariodominicano.com\/index.php?rest_route=%2Fwp%2Fv2%2Ftags&post=192055"}],"curies":[{"name":"wp","href":"https:\/\/api.w.org\/{rel}","templated":true}]}}