{"id":192053,"date":"2007-10-31T13:55:47","date_gmt":"2007-10-31T13:55:47","guid":{"rendered":"http:\/\/diariodominicano.ddns.net\/?p=192053"},"modified":"2007-10-31T13:55:47","modified_gmt":"2007-10-31T13:55:47","slug":"vargas-maldonado-dice-problema-energetico-sera-prioritario-en-su-gobierno","status":"publish","type":"post","link":"https:\/\/diariodominicano.com\/?p=192053","title":{"rendered":"Vargas Maldonado dice problema energ\u00e9tico ser\u00e1 prioritario en su gobierno"},"content":{"rendered":"<p><body><\/p>\n<p class=\"titulogrande1\">Vargas  Maldonado dice problema energ\u00e9tico ser\u00e1 prioritario en su gobierno<\/p>\n<p>&#13;<\/p>\n<p align=\"justify\" class=\"text1noticias\"><strong><img loading=\"lazy\" decoding=\"async\" src=\"http:\/\/localhost:8080\/pictures\/maldonado vargas.jpg\" width=\"269\" height=\"251\" hspace=\"4\" align=\"left\" \/>Santo Domingo.-<\/strong> El candidato  presidencialdel Partido Revolucionario Dominicano, Miguel Vargas, dijo que la soluci\u00f3n al  problema energ\u00e9tico del pa\u00eds ser\u00e1 una de las prioridades principales de su  gesti\u00f3n de gobierno, de ganar las pr\u00f3ximas elecciones.<\/p>\n<p>&#13;<\/p>\n<p align=\"justify\" class=\"text1noticias\">Se\u00f1al\u00f3 que el Estado debe  jugar su rol regulador en la producci\u00f3n y comercializaci\u00f3n de la energ\u00eda que se  sirve al pa\u00eds, garantizando un precio justo a los usuarios del servicio. <\/p>\n<p>&#13;<\/p>\n<p align=\"justify\" class=\"text1noticias\">Manifest\u00f3 que los sectores  productivos nacionales, incluyendo el sector turismo han sido afectados  seriamente por la deficiencia en el servicio energ\u00e9tico, no solo por la  precariedad del mismo, sino tambi\u00e9n por los elevados costos en sus operaciones debido a que han tenido que utilizar  sus propios medios para garantizar su servicio de energ\u00eda.<\/p>\n<p>&#13;<\/p>\n<p align=\"justify\" class=\"text1noticias\">El candidato del Partido  Revolucionario Dominicano se refiri\u00f3 a este y otros temas de inter\u00e9s, durante  un encuentro organizado por la directiva del Consejo Nacional de la Empresa Privada  (CONEP).<\/p>\n<p>&#13;<\/p>\n<p align=\"justify\" class=\"text1noticias\">Dijo a los empresarios que  participaron en el encuentro, que a partir del 16 de agosto promover\u00e1 una  alianza estrat\u00e9gica para combinar la fortaleza del Estado y la capacidad  t\u00e9cnica y financiera del sector privado con la finalidad de impulsar el  desarrollo nacional. <\/p>\n<p>&#13;<\/p>\n<p align=\"justify\" class=\"text1noticias\">Asimismo, el candidato  presidencial del PRD, agreg\u00f3 que en su gobierno el Estado ser\u00e1 un facilitador  de la inversi\u00f3n privada, la cual seg\u00fan manifest\u00f3 se convertir\u00e1 en el motor de  un acelerado ritmo de crecimiento econ\u00f3mico, que deber\u00e1 reflejarse en un  incremento de la calidad de vida del pueblo dominicano.<\/p>\n<p>&#13;<\/p>\n<p align=\"justify\" class=\"text1noticias\">Record\u00f3 que recientemente  expuso a la Naci\u00f3n  su programa para la creaci\u00f3n de empleos,\u00a0  por medio del cual el gobierno\u00a0  que encabezar\u00e1 conceder\u00e1 incentivos tributarios a las empresas que  contraten apersonas j\u00f3venes, las que podr\u00e1n en adici\u00f3n al registro del salario  como un gasto operacional, reducir  directamente del impuesto sobre la renta, el 25 por ciento del salario pagado a  los que se encuentran dentro del referido programa.<\/p>\n<p>&#13;<\/p>\n<h6> 2007-10-31 13:55:47 <\/h6>\n<p><!--\n<link rel=\"stylesheet\" href=\"css\/bootstrap.min.css\">\n\n\n<ul class=\"pagination\">\n\t    \n\t\n\n<li >\n\t<a href='?page_no=34800'>Previous<\/a>\n\t<\/li>\n\n\n       \n    \n\n<li><a href='?page_no=1'>1<\/a><\/li>\n\n\n\n<li><a href='?page_no=2'>2<\/a><\/li>\n\n\n\n<li><a>...<\/a><\/li>\n\n\n\n<li><a href='?page_no=34799'>34799<\/a><\/li>\n\n\n\n<li><a href='?page_no=34800'>34800<\/a><\/li>\n\n\n\n<li class='active'><a>34801<\/a><\/li>\n\n\n\n<li><a href='?page_no=34802'>34802<\/a><\/li>\n\n\n\n<li><a href='?page_no=34803'>34803<\/a><\/li>\n\n\n\n<li><a>...<\/a><\/li>\n\n\n\n<li><a href='?page_no=36999'>36999<\/a><\/li>\n\n\n\n<li><a href='?page_no=37000'>37000<\/a><\/li>\n\n    \n\t\n\n<li >\n\t<a href='?page_no=34802'>Next<\/a>\n\t<\/li>\n\n\n    \n\n<li><a href='?page_no=37000'>Last &rsaquo;&rsaquo;<\/a><\/li>\n\n<\/ul>\n\n\n--><br \/>\n<\/body><\/p>\n","protected":false},"excerpt":{"rendered":"<p>Vargas Maldonado dice problema energ\u00e9tico ser\u00e1 prioritario en su gobierno &#13; Santo Domingo.- El candidato presidencialdel Partido Revolucionario Dominicano, Miguel Vargas, dijo que la soluci\u00f3n al problema energ\u00e9tico del pa\u00eds ser\u00e1 una de las prioridades principales de su gesti\u00f3n de gobierno, de ganar las pr\u00f3ximas elecciones. &#13; Se\u00f1al\u00f3 que el Estado debe jugar su rol [&hellip;]<\/p>\n","protected":false},"author":3,"featured_media":0,"comment_status":"open","ping_status":"open","sticky":false,"template":"","format":"standard","meta":{"footnotes":""},"categories":[22],"tags":[],"class_list":["post-192053","post","type-post","status-publish","format-standard","hentry","category-politica"],"_links":{"self":[{"href":"https:\/\/diariodominicano.com\/index.php?rest_route=\/wp\/v2\/posts\/192053","targetHints":{"allow":["GET"]}}],"collection":[{"href":"https:\/\/diariodominicano.com\/index.php?rest_route=\/wp\/v2\/posts"}],"about":[{"href":"https:\/\/diariodominicano.com\/index.php?rest_route=\/wp\/v2\/types\/post"}],"author":[{"embeddable":true,"href":"https:\/\/diariodominicano.com\/index.php?rest_route=\/wp\/v2\/users\/3"}],"replies":[{"embeddable":true,"href":"https:\/\/diariodominicano.com\/index.php?rest_route=%2Fwp%2Fv2%2Fcomments&post=192053"}],"version-history":[{"count":0,"href":"https:\/\/diariodominicano.com\/index.php?rest_route=\/wp\/v2\/posts\/192053\/revisions"}],"wp:attachment":[{"href":"https:\/\/diariodominicano.com\/index.php?rest_route=%2Fwp%2Fv2%2Fmedia&parent=192053"}],"wp:term":[{"taxonomy":"category","embeddable":true,"href":"https:\/\/diariodominicano.com\/index.php?rest_route=%2Fwp%2Fv2%2Fcategories&post=192053"},{"taxonomy":"post_tag","embeddable":true,"href":"https:\/\/diariodominicano.com\/index.php?rest_route=%2Fwp%2Fv2%2Ftags&post=192053"}],"curies":[{"name":"wp","href":"https:\/\/api.w.org\/{rel}","templated":true}]}}