{"id":192049,"date":"2007-10-31T21:21:59","date_gmt":"2007-10-31T21:21:59","guid":{"rendered":"http:\/\/diariodominicano.ddns.net\/?p=192049"},"modified":"2007-10-31T21:21:59","modified_gmt":"2007-10-31T21:21:59","slug":"amable-llama-al-pueblo-a-unirse-para-enfrentar-juntos-tragedia-provoco-noel","status":"publish","type":"post","link":"https:\/\/diariodominicano.com\/?p=192049","title":{"rendered":"Amable llama al pueblo a unirse para enfrentar juntos tragedia provoc\u00f3 Noel"},"content":{"rendered":"<p><body><\/p>\n<p class=\"titulogrande1\"><strong>Amable llama al pueblo a unirse para <\/strong> <strong>enfrentar juntos tragedia provoc\u00f3 Noel<\/strong><\/p>\n<p>&#13;<\/p>\n<p><strong>Dice que el gobierno debe  desalojar urgente las comunidades cerca de las presas <\/strong><\/p>\n<p>&#13;<\/p>\n<p align=\"justify\" class=\"text1noticias\"><strong><img loading=\"lazy\" decoding=\"async\" src=\"http:\/\/localhost:8080\/pictures\/amable.jpg\" width=\"269\" height=\"318\" hspace=\"4\" align=\"left\" \/>SANTO DOMINGO.-<\/strong> El candidato presidencial  del Partido Reformista Social Cristino  (PRSC) llam\u00f3 al pueblo dominicano a unirse para ser m\u00e1s\u00a0fuerte frente a la terrible tragedia que dej\u00f3 tras su paso por el pa\u00eds  la tormenta Noel y urgi\u00f3 al Gobierno a desalojar las comunidades que son amenazadas  por las presas que tienen agua por encima de su capacidad para evitar que  ocurran m\u00e1s muertes.<\/p>\n<p>&#13;<\/p>\n<p align=\"justify\" class=\"text1noticias\">Amable Aristy dijo que en  estos momentos de dolor y tristeza que vive la sociedad dominicana, lo que  manda es la unidad de todos los sectores para ir en auxilio de las familias afectadas por las inundaciones y de aquellas que perdieron a sus seres queridos.<\/p>\n<p>&#13;<\/p>\n<p align=\"justify\" class=\"text1noticias\">\u201cPara ello hay que echar a un  lado las bander\u00edas pol\u00edticas y las\u00a0clases sociales, porque las necesidades y los problemas que viven estas  familias que fueron golpeadas por la crecida de los r\u00edos, arroyos y ca\u00f1adas debe  ser una prioridad nacional\u201d, resalt\u00f3 Aristy Castro.<\/p>\n<p>&#13;<\/p>\n<p align=\"justify\" class=\"text1noticias\">Recomend\u00f3 que los dominicanos  \u201ctenemos que unirnos para hacer mayores esfuerzos por la asistencia de tantas  familias pobres que perdieron todo lo que ten\u00edan\u201d.<\/p>\n<p>&#13;<\/p>\n<p align=\"justify\" class=\"text1noticias\">El candidato presidencial  reformista urgi\u00f3 al gobern\u00f3 del presidente Leonel Fern\u00e1ndez a desalojar las  poblaciones que est\u00e1n aguas abajo de las presas para evitar que ocurran m\u00e1s  muertes en caso de un desbordamiento.<\/p>\n<p>&#13;<\/p>\n<p align=\"justify\" class=\"text1noticias\">Cit\u00f3 el caso de las  comunidades que est\u00e1n ubicadas pr\u00f3ximos a las presas de Sabana Yegua, Tavera,  Hatillo y otras, donde dijo viven miles de familias humildes \u201cque hoy se  encuentran en serios peligros por la cantidad de agua que tienen debido a los  fuertes aguaceros ca\u00eddos en los \u00faltimos d\u00edas\u201d.<\/p>\n<p>&#13;<\/p>\n<p align=\"justify\" class=\"text1noticias\">\u201cCon una medida de esta  naturaleza evitamos que ocurra una\u00a0  tragedia como la ocurrida en la Mesopotamia,\u00a0de la provincia San Juan de la Maguana\u201d, agreg\u00f3 el candidato reformista.<\/p>\n<p>&#13;<\/p>\n<p align=\"justify\" class=\"text1noticias\">Amable insisti\u00f3 que en esta  hora de dolor y\u00a0 luto lo que se impone es  la solidaridad y\u00a0 el desprendimiento a favor de las miles de familias afectadas por las  inundaciones.<\/p>\n<p>&#13;<\/p>\n<p align=\"justify\" class=\"text1noticias\">El aspirante a la Presidencia de la Rep\u00fablica se pronunci\u00f3  en estos t\u00e9rminos al encabezar un recorrido por diferentes refugios de  damnificados en\u00a0 diferentes puntos del  Distrito Nacional y la provincia Santo Domingo, a donde llev\u00f3 operativos  m\u00e9dicos, leche, pampers, alimentos, medicina, agua, colchones, frazadas,\u00a0 mosquiteros y dinero en efectivo.<\/p>\n<p>&#13;<\/p>\n<p align=\"justify\" class=\"text1noticias\">Arity Castro estuvo acompa\u00f1ado  del coordinador nacional de\u00a0 campa\u00f1a,  Ram\u00f3n Rogelio Genao, y del diputado V\u00edctor \u2013Ito- Bison\u00f3, del coordinador de  campa\u00f1a en la provincia Santo Domingo, Johnny Jones, y de los regidores\u00a0 Milton Jos\u00e9 Ginebra, Rub\u00e9n Batista, Santo  Maria, Osiris Solano y los tambi\u00e9n dirigentes F\u00e9lix Perdomo, v\u00edctor Aquino\u00a0 y Ram\u00f3n <u>Pe\u00f1a <\/u>Perell\u00f3.<\/p>\n<p>&#13;<\/p>\n<p align=\"justify\" class=\"text1noticias\">El aspirante a la presidencia  de la Rep\u00fablica  visit\u00f3 los refugios de las escuelas Profesor Juan Bosch, en el sector La   Puya, de Arroyo Hondo, Profesor Aida Cartagena Portalat\u00edn, en  La Ca\u00f1ada del  Diablo, Escuela Aurora, en Capotillo, y Juan Pablo Duarte, en La   Ca\u00f1ita.\u00a0 <\/p>\n<p>&#13;<\/p>\n<p align=\"justify\" class=\"text1noticias\">Adem\u00e1s recorri\u00f3 las  comunidades de El Dique,\u00a0 La Barquita, y los refugios  del municipio de Villa Altagracia.<\/p>\n<p>&#13;<\/p>\n<p align=\"justify\" class=\"text1noticias\">Durante la visita el  candidato reformista convers\u00f3 con las familias afectadas, quienes le explicaron  la situaci\u00f3n de dolor y tristeza por la que atraviesan despu\u00e9s de lo ocurrido.<\/p>\n<p>&#13;<\/p>\n<p align=\"justify\" class=\"text1noticias\">Agradecieron la ayuda que les  dio Amable Aristy Castro, a quien recibieron al grito de \u201cLleg\u00f3 el presidente  de los pobres, ese si no viene con las manos vac\u00edas\u201d.<\/p>\n<p>&#13;<\/p>\n<h6> 2007-10-31 21:21:59 <\/h6>\n<p><!--\n<link rel=\"stylesheet\" href=\"css\/bootstrap.min.css\">\n\n\n<ul class=\"pagination\">\n\t    \n\t\n\n<li >\n\t<a href='?page_no=34796'>Previous<\/a>\n\t<\/li>\n\n\n       \n    \n\n<li><a href='?page_no=1'>1<\/a><\/li>\n\n\n\n<li><a href='?page_no=2'>2<\/a><\/li>\n\n\n\n<li><a>...<\/a><\/li>\n\n\n\n<li><a href='?page_no=34795'>34795<\/a><\/li>\n\n\n\n<li><a href='?page_no=34796'>34796<\/a><\/li>\n\n\n\n<li class='active'><a>34797<\/a><\/li>\n\n\n\n<li><a href='?page_no=34798'>34798<\/a><\/li>\n\n\n\n<li><a href='?page_no=34799'>34799<\/a><\/li>\n\n\n\n<li><a>...<\/a><\/li>\n\n\n\n<li><a href='?page_no=36999'>36999<\/a><\/li>\n\n\n\n<li><a href='?page_no=37000'>37000<\/a><\/li>\n\n    \n\t\n\n<li >\n\t<a href='?page_no=34798'>Next<\/a>\n\t<\/li>\n\n\n    \n\n<li><a href='?page_no=37000'>Last &rsaquo;&rsaquo;<\/a><\/li>\n\n<\/ul>\n\n\n--><br \/>\n<\/body><\/p>\n","protected":false},"excerpt":{"rendered":"<p>Amable llama al pueblo a unirse para enfrentar juntos tragedia provoc\u00f3 Noel &#13; Dice que el gobierno debe desalojar urgente las comunidades cerca de las presas &#13; SANTO DOMINGO.- El candidato presidencial del Partido Reformista Social Cristino (PRSC) llam\u00f3 al pueblo dominicano a unirse para ser m\u00e1s\u00a0fuerte frente a la terrible tragedia que dej\u00f3 tras [&hellip;]<\/p>\n","protected":false},"author":3,"featured_media":0,"comment_status":"open","ping_status":"open","sticky":false,"template":"","format":"standard","meta":{"footnotes":""},"categories":[22],"tags":[],"class_list":["post-192049","post","type-post","status-publish","format-standard","hentry","category-politica"],"_links":{"self":[{"href":"https:\/\/diariodominicano.com\/index.php?rest_route=\/wp\/v2\/posts\/192049","targetHints":{"allow":["GET"]}}],"collection":[{"href":"https:\/\/diariodominicano.com\/index.php?rest_route=\/wp\/v2\/posts"}],"about":[{"href":"https:\/\/diariodominicano.com\/index.php?rest_route=\/wp\/v2\/types\/post"}],"author":[{"embeddable":true,"href":"https:\/\/diariodominicano.com\/index.php?rest_route=\/wp\/v2\/users\/3"}],"replies":[{"embeddable":true,"href":"https:\/\/diariodominicano.com\/index.php?rest_route=%2Fwp%2Fv2%2Fcomments&post=192049"}],"version-history":[{"count":0,"href":"https:\/\/diariodominicano.com\/index.php?rest_route=\/wp\/v2\/posts\/192049\/revisions"}],"wp:attachment":[{"href":"https:\/\/diariodominicano.com\/index.php?rest_route=%2Fwp%2Fv2%2Fmedia&parent=192049"}],"wp:term":[{"taxonomy":"category","embeddable":true,"href":"https:\/\/diariodominicano.com\/index.php?rest_route=%2Fwp%2Fv2%2Fcategories&post=192049"},{"taxonomy":"post_tag","embeddable":true,"href":"https:\/\/diariodominicano.com\/index.php?rest_route=%2Fwp%2Fv2%2Ftags&post=192049"}],"curies":[{"name":"wp","href":"https:\/\/api.w.org\/{rel}","templated":true}]}}