{"id":192048,"date":"2007-11-01T04:19:30","date_gmt":"2007-11-01T04:19:30","guid":{"rendered":"http:\/\/diariodominicano.ddns.net\/?p=192048"},"modified":"2007-11-01T04:19:30","modified_gmt":"2007-11-01T04:19:30","slug":"vargas-maldonado-dice-es-necesario-estrechar-en-el-pais-la-brecha-entre-ricos-y-pobres","status":"publish","type":"post","link":"https:\/\/diariodominicano.com\/?p=192048","title":{"rendered":"Vargas Maldonado dice es necesario estrechar en el pa\u00eds la brecha entre ricos y pobres"},"content":{"rendered":"<p><body><\/p>\n<p class=\"titulogrande1\">Vargas Maldonado  dice es necesario estrechar en el pa\u00eds la brecha entre ricos y pobres<\/p>\n<p>&#13;<\/p>\n<p align=\"justify\" class=\"text1noticias\"><strong><img loading=\"lazy\" decoding=\"async\" src=\"http:\/\/localhost:8080\/pictures\/maldonado en cotui.jpg\" width=\"269\" height=\"182\" hspace=\"4\" align=\"left\" \/>COTUI<\/strong>.- El candidato presidencial del Partido Revolucionario Dominicano  (PRD), Miguel Vargas Maldonado, dijo ayer que el desastre humano y material  provocado por la tormenta Noel dej\u00f3 \u00a0como ense\u00f1anza la necesidad de  estrechar en el pa\u00eds la brecha entre ricos y pobres, haciendo las inversiones  necesarias en seguridad social, viviendas y otros programas que eleven la  calidad de vida de los sectores de menores ingresos. <br \/>&#13;<br \/>\n  <br \/>&#13;<br \/>\nEl candidato perredeista  ofreci\u00f3 sus declaraciones mientras\u00a0 entregaba raciones de comida,  mosquiteros,\u00a0 frazadas, agua potable, cloro y otros art\u00edculos destinados a  cientos de familias damnificadas en varias poblaciones de la provincia S\u00e1nchez  Ram\u00edrez. <br \/>&#13;<br \/>\n<br \/>&#13;<br \/>\n\u2018\u201dEsta no es un visita de  campana, es una visita solidaria para darle la mano a estos hermanos  dominicanos, sin tomar en cuenta sus banderas pol\u00edticas\u201d, expreso. <br \/>&#13;<br \/>\n<br \/>&#13;<br \/>\n\u201cPero este momento, m\u00e1s que de  declaraciones pol\u00edticas, declaraciones p\u00fablicas es de acci\u00f3n y estamos aqu\u00ed  entendiendo que debemos ayudar a todos los hermanos dominicanos\u00a0 sin  ning\u00fan tipo de preferencias pol\u00edticas, sino incorporarnos a este proceso de  ayuda y apoyo a nuestros hermanos\u201d, agreg\u00f3. <br \/>&#13;<br \/>\n<br \/>&#13;<br \/>\nConsider\u00f3 imprescindible garantizar  mejores condiciones de vida para los dominicanos que viven en pobreza extrema y  evitar que cada a\u00f1o sea afectado de manera inmisericorde por fen\u00f3menos  naturales como Noel. <br \/>&#13;<br \/>\n<br \/>&#13;<br \/>\n  Dijo que en su recorrido pudo  palpar la gran pobreza que existe en las poblaciones de Platanal, Fantino,  entre otras comunidades de esta provincia. <br \/>&#13;<br \/>\n  <br \/>&#13;<br \/>\n  En su recorrido estuvo  acompa\u00f1ado por el Secretario General del PRD, Orlando Jorge Mera, el  diputado perredeista Cristian Paredes, el S\u00edndico de Cotui, Bienvenido Lazala,  Alfredo Pacheco, Director pol\u00edtico de su campana, Director de Comunicaciones  Carlos Gabriel Garc\u00eda. <br \/>&#13;<br \/>\n  <br \/>&#13;<br \/>\n\u201cLa gran pobreza que afecta a la Rep\u00fablica Dominicana  refleja la necesidad de que los gobiernos hagan proyectos que vayan a dar  satisfacci\u00f3n a las necesidades del pueblo\u201d expreso. <br \/>&#13;<br \/>\n<br \/>&#13;<br \/>\nManifest\u00f3 su pesar por el  deterioro en que han quedado cientos de viviendas, caminos vecinales,  carreteras y\u00a0 plantaciones agr\u00edcolas. <br \/>&#13;<br \/>\n<br \/>&#13;<br \/>\nPosteriormente, Vargas  Maldonado acudi\u00f3 en ayuda de los afectados de la tormenta Noel en las  comunidades de Piedra Blanca,\u00a0 Maim\u00f3n y Bonao de la provincia Monse\u00f1or  Noel.<\/p>\n<p>&#13;<\/p>\n<h6> 2007-11-01 04:19:30 <\/h6>\n<p><!--\n<link rel=\"stylesheet\" href=\"css\/bootstrap.min.css\">\n\n\n<ul class=\"pagination\">\n\t    \n\t\n\n<li >\n\t<a href='?page_no=34795'>Previous<\/a>\n\t<\/li>\n\n\n       \n    \n\n<li><a href='?page_no=1'>1<\/a><\/li>\n\n\n\n<li><a href='?page_no=2'>2<\/a><\/li>\n\n\n\n<li><a>...<\/a><\/li>\n\n\n\n<li><a href='?page_no=34794'>34794<\/a><\/li>\n\n\n\n<li><a href='?page_no=34795'>34795<\/a><\/li>\n\n\n\n<li class='active'><a>34796<\/a><\/li>\n\n\n\n<li><a href='?page_no=34797'>34797<\/a><\/li>\n\n\n\n<li><a href='?page_no=34798'>34798<\/a><\/li>\n\n\n\n<li><a>...<\/a><\/li>\n\n\n\n<li><a href='?page_no=36999'>36999<\/a><\/li>\n\n\n\n<li><a href='?page_no=37000'>37000<\/a><\/li>\n\n    \n\t\n\n<li >\n\t<a href='?page_no=34797'>Next<\/a>\n\t<\/li>\n\n\n    \n\n<li><a href='?page_no=37000'>Last &rsaquo;&rsaquo;<\/a><\/li>\n\n<\/ul>\n\n\n--><br \/>\n<\/body><\/p>\n","protected":false},"excerpt":{"rendered":"<p>Vargas Maldonado dice es necesario estrechar en el pa\u00eds la brecha entre ricos y pobres &#13; COTUI.- El candidato presidencial del Partido Revolucionario Dominicano (PRD), Miguel Vargas Maldonado, dijo ayer que el desastre humano y material provocado por la tormenta Noel dej\u00f3 \u00a0como ense\u00f1anza la necesidad de estrechar en el pa\u00eds la brecha entre ricos [&hellip;]<\/p>\n","protected":false},"author":3,"featured_media":0,"comment_status":"open","ping_status":"open","sticky":false,"template":"","format":"standard","meta":{"footnotes":""},"categories":[22],"tags":[],"class_list":["post-192048","post","type-post","status-publish","format-standard","hentry","category-politica"],"_links":{"self":[{"href":"https:\/\/diariodominicano.com\/index.php?rest_route=\/wp\/v2\/posts\/192048","targetHints":{"allow":["GET"]}}],"collection":[{"href":"https:\/\/diariodominicano.com\/index.php?rest_route=\/wp\/v2\/posts"}],"about":[{"href":"https:\/\/diariodominicano.com\/index.php?rest_route=\/wp\/v2\/types\/post"}],"author":[{"embeddable":true,"href":"https:\/\/diariodominicano.com\/index.php?rest_route=\/wp\/v2\/users\/3"}],"replies":[{"embeddable":true,"href":"https:\/\/diariodominicano.com\/index.php?rest_route=%2Fwp%2Fv2%2Fcomments&post=192048"}],"version-history":[{"count":0,"href":"https:\/\/diariodominicano.com\/index.php?rest_route=\/wp\/v2\/posts\/192048\/revisions"}],"wp:attachment":[{"href":"https:\/\/diariodominicano.com\/index.php?rest_route=%2Fwp%2Fv2%2Fmedia&parent=192048"}],"wp:term":[{"taxonomy":"category","embeddable":true,"href":"https:\/\/diariodominicano.com\/index.php?rest_route=%2Fwp%2Fv2%2Fcategories&post=192048"},{"taxonomy":"post_tag","embeddable":true,"href":"https:\/\/diariodominicano.com\/index.php?rest_route=%2Fwp%2Fv2%2Ftags&post=192048"}],"curies":[{"name":"wp","href":"https:\/\/api.w.org\/{rel}","templated":true}]}}