{"id":192046,"date":"2007-11-01T15:05:18","date_gmt":"2007-11-01T15:05:18","guid":{"rendered":"http:\/\/diariodominicano.ddns.net\/?p=192046"},"modified":"2007-11-01T15:05:18","modified_gmt":"2007-11-01T15:05:18","slug":"canciller-califica-declaraciones-de-relatores-de-la-onu-como-una-intromision-inaceptable","status":"publish","type":"post","link":"https:\/\/diariodominicano.com\/?p=192046","title":{"rendered":"Canciller califica declaraciones de relatores de la ONU como una intromisi\u00f3n inaceptable"},"content":{"rendered":"<p><body><\/p>\n<p align=\"justify\" class=\"titulogrande1\">Canciller califica declaraciones de relatores de la ONU como una  intromisi\u00f3n inaceptable <\/p>\n<p>&#13;<\/p>\n<p align=\"justify\" class=\"text1noticias\"><strong><img loading=\"lazy\" decoding=\"async\" src=\"http:\/\/localhost:8080\/pictures\/morales troncoso1.jpg\" width=\"269\" height=\"214\" hspace=\"4\" align=\"left\" \/>SANTO DOMINGO.-<\/strong> El secretario \u00a0de Relaciones Exteriores conden\u00f3 las  declaraciones de los expertos de la ONU en cuestiones de minor\u00edas y racismo que  recientemente visitaron el pa\u00eds, analizando que \u201csus interpretaciones y  alusiones sobre las leyes y la Constituci\u00f3n dominicanas son antojadizas y  constituyen una intromisi\u00f3n inaceptable en nuestros asuntos internos\u201d.<\/p>\n<p>&#13;<\/p>\n<p align=\"justify\" class=\"text1noticias\">Carlos Morales Troncoso,  afirm\u00f3 que aunque preliminares y por tanto sujetas a variaciones, muchas de las  observaciones del relator  especial para la lucha contra el racismo, la xenofobia y la intolerancia,  Doudou Di\u00e9ne, y la encargada de las cuestiones de minor\u00edas, Gay McDougall, se inscriben en una  corriente de opini\u00f3n que, en base a simples percepciones, intenta construir una  imagen negativa de la Rep\u00fablica Dominicana y rebajar su estatura en la  comunidad internacional. <\/p>\n<p>&#13;<\/p>\n<p align=\"justify\" class=\"text1noticias\">Consider\u00f3 que uno de los comisionados, la se\u00f1ora Gay McDougall, debi\u00f3  abstenerse de formar parte de la misi\u00f3n por razones \u00e9ticas, ya que ten\u00eda una  idea preconcebida desde meses atr\u00e1s. Como integrante del jurado para el Premio  de Derechos Humanos de una organizaci\u00f3n no gubernamental, McDougall declar\u00f3 que  \u201cel nivel de violencia contra los inmigrantes haitianos y sus descendientes en  la Rep\u00fablica Dominicana es alarmante\u2026hasta la segunda y tercera generaci\u00f3n de  haitianos \u00e9tnicos son blancos de abusos brutales contra los derechos humanos\u2026\u201d.<\/p>\n<p>&#13;<\/p>\n<p align=\"justify\" class=\"text1noticias\">Morales Troncoso reiter\u00f3 que sorprende que expertos en racismo y  discriminaci\u00f3n de minor\u00edas, acciones deleznables cuya detecci\u00f3n no siempre  resulta f\u00e1cil por la complejidad a\u00f1eja, produzcan con tanta celeridad  conclusiones tan severas y definitivas sobre las instituciones y la sociedad  dominicanas en base a simples consultas y compilaci\u00f3n de percepciones, con  olvido total del rigor cient\u00edfico que norma la investigaci\u00f3n social y del  an\u00e1lisis estad\u00edstico. <\/p>\n<p>&#13;<\/p>\n<p align=\"justify\" class=\"text1noticias\">Asimismo manifest\u00f3 que ning\u00fan Estado est\u00e1 obligado a implementar  legislaci\u00f3n espec\u00edficamente contra la discriminaci\u00f3n y se puede arg\u00fcir que \u00e9sta  podr\u00eda interferir con la libertad de opini\u00f3n. <\/p>\n<p>&#13;<\/p>\n<p align=\"justify\" class=\"text1noticias\">Analiz\u00f3 que, por ejemplo, en Francia, pa\u00eds que tambi\u00e9n es signatario de  la Convenci\u00f3n Internacional para la Eliminaci\u00f3n de todas las Formas de  Discriminaci\u00f3n Racial, entiende que la misma \u201cdeja en libertad a los Estados  firmantes de la obligaci\u00f3n de establecer legislaci\u00f3n \u00a0contra la discriminaci\u00f3n que sea incompatible  con las libertades de opini\u00f3n y expresi\u00f3n y de las reuniones y asociaciones con  fines pac\u00edficos garantizados por esos textos\u201d. <\/p>\n<p>&#13;<\/p>\n<p align=\"justify\" class=\"text1noticias\">No obstante, garantiz\u00f3, el C\u00f3digo Penal dominicano condena la  discriminaci\u00f3n en sus m\u00faltiples facetas, e igualmente lo hace el C\u00f3digo de  Trabajo. \u201cLa Rep\u00fablica Dominicana respeta escrupulosamente todas sus  obligaciones internacionales y se adhiere por convencimiento a las convenciones  y estatutos que garantizan los derechos humanos,\u00a0 pero tambi\u00e9n reconoce la soberan\u00eda de los  pueblos y el respeto a las decisiones internas como principio indispensable para  el mantenimiento de la paz\u201d.<\/p>\n<p>&#13;<\/p>\n<p align=\"justify\" class=\"text1noticias\">Dijo que en sus declaraciones, los comisionados incurren en afirmaciones  contradictorias, confusas y ambiguas extra\u00f1as en expertos, pero que  generosamente podr\u00edan atribuirse a la prisa en sumarse a la corriente de  descr\u00e9dito contra Rep\u00fablica Dominicana promovida en el exterior con el concurso  de dominicanos confundidos o extraviados. <\/p>\n<p>&#13;<\/p>\n<p align=\"justify\" class=\"text1noticias\">Morales Troncoso pregunt\u00f3 \u00bfC\u00f3mo hablar, por ejemplo, de la existencia en  la sociedad dominicana de \u201cuna actitud racista profundamente arraigada contra  grupos de poblaci\u00f3n como los haitianos, los descendientes de haitianos y, m\u00e1s  generalmente, la poblaci\u00f3n de raza negra\u201d, y luego afirmar que \u201cel racismo es  casi invisible en algunos segmentos de la sociedad, en particular entre las  elites\u00bb?<\/p>\n<p>&#13;<\/p>\n<p align=\"justify\" class=\"text1noticias\">\u201cComo han manifestado ya los voceros de la Junta Central Electoral,  dificultades de orden burocr\u00e1tico am\u00e9n de pr\u00e1cticas corruptas en el pasado,  entorpecen la documentaci\u00f3n tanto de dominicanos como extranjeros por igual.\u201d<\/p>\n<p>&#13;<\/p>\n<p align=\"justify\" class=\"text1noticias\">El Canciller asegur\u00f3 que la Rep\u00fablica Dominicana tiene sus leyes y  reglas constitucionales y, buenas o malas, del agrado o no de expertos  extranjeros, el Gobierno est\u00e1 obligado a aplicarlas,\u00a0 y lo hace sin atender a consideraciones  raciales, de color o nacionalidad. \u201cNadie, salvo los dominicanos mismos  mediante los mecanismos democr\u00e1ticos, tiene derecho a determinar qui\u00e9n ostenta  legalmente nuestra nacionalidad. En el caso concreto de los haitianos o sus  descendientes, nacidos o no en territorio haitiano, su Constituci\u00f3n les  garantiza un estatuto ciudadano\u201d.<\/p>\n<p>&#13;<\/p>\n<p align=\"justify\" class=\"text1noticias\">Reiter\u00f3 que la Rep\u00fablica Dominicana no se desviar\u00e1 de su prop\u00f3sito de  trabajar estrechamente con las autoridades haitianas en resolver de manera  arm\u00f3nica la agenda pendiente entre ambos pa\u00edses.<br \/>&#13;<br \/>\n  <br \/> &#13;<br \/>\nE, igualmente, continuar\u00e1 sus  exigencias a la comunidad internacional para que cumpla sus compromisos con  Hait\u00ed, a fin de que los haitianos puedan\u00a0decidir su futuro por s\u00ed mismos  en un mejor ambiente econ\u00f3mico y pol\u00edtico.<\/p>\n<p>&#13;<\/p>\n<h6> 2007-11-01 15:05:18 <\/h6>\n<p><!--\n<link rel=\"stylesheet\" href=\"css\/bootstrap.min.css\">\n\n\n<ul class=\"pagination\">\n\t    \n\t\n\n<li >\n\t<a href='?page_no=34793'>Previous<\/a>\n\t<\/li>\n\n\n       \n    \n\n<li><a href='?page_no=1'>1<\/a><\/li>\n\n\n\n<li><a href='?page_no=2'>2<\/a><\/li>\n\n\n\n<li><a>...<\/a><\/li>\n\n\n\n<li><a href='?page_no=34792'>34792<\/a><\/li>\n\n\n\n<li><a href='?page_no=34793'>34793<\/a><\/li>\n\n\n\n<li class='active'><a>34794<\/a><\/li>\n\n\n\n<li><a href='?page_no=34795'>34795<\/a><\/li>\n\n\n\n<li><a href='?page_no=34796'>34796<\/a><\/li>\n\n\n\n<li><a>...<\/a><\/li>\n\n\n\n<li><a href='?page_no=36999'>36999<\/a><\/li>\n\n\n\n<li><a href='?page_no=37000'>37000<\/a><\/li>\n\n    \n\t\n\n<li >\n\t<a href='?page_no=34795'>Next<\/a>\n\t<\/li>\n\n\n    \n\n<li><a href='?page_no=37000'>Last &rsaquo;&rsaquo;<\/a><\/li>\n\n<\/ul>\n\n\n--><br \/>\n<\/body><\/p>\n","protected":false},"excerpt":{"rendered":"<p>Canciller califica declaraciones de relatores de la ONU como una intromisi\u00f3n inaceptable &#13; SANTO DOMINGO.- El secretario \u00a0de Relaciones Exteriores conden\u00f3 las declaraciones de los expertos de la ONU en cuestiones de minor\u00edas y racismo que recientemente visitaron el pa\u00eds, analizando que \u201csus interpretaciones y alusiones sobre las leyes y la Constituci\u00f3n dominicanas son antojadizas [&hellip;]<\/p>\n","protected":false},"author":3,"featured_media":0,"comment_status":"open","ping_status":"open","sticky":false,"template":"","format":"standard","meta":{"footnotes":""},"categories":[22],"tags":[],"class_list":["post-192046","post","type-post","status-publish","format-standard","hentry","category-politica"],"_links":{"self":[{"href":"https:\/\/diariodominicano.com\/index.php?rest_route=\/wp\/v2\/posts\/192046","targetHints":{"allow":["GET"]}}],"collection":[{"href":"https:\/\/diariodominicano.com\/index.php?rest_route=\/wp\/v2\/posts"}],"about":[{"href":"https:\/\/diariodominicano.com\/index.php?rest_route=\/wp\/v2\/types\/post"}],"author":[{"embeddable":true,"href":"https:\/\/diariodominicano.com\/index.php?rest_route=\/wp\/v2\/users\/3"}],"replies":[{"embeddable":true,"href":"https:\/\/diariodominicano.com\/index.php?rest_route=%2Fwp%2Fv2%2Fcomments&post=192046"}],"version-history":[{"count":0,"href":"https:\/\/diariodominicano.com\/index.php?rest_route=\/wp\/v2\/posts\/192046\/revisions"}],"wp:attachment":[{"href":"https:\/\/diariodominicano.com\/index.php?rest_route=%2Fwp%2Fv2%2Fmedia&parent=192046"}],"wp:term":[{"taxonomy":"category","embeddable":true,"href":"https:\/\/diariodominicano.com\/index.php?rest_route=%2Fwp%2Fv2%2Fcategories&post=192046"},{"taxonomy":"post_tag","embeddable":true,"href":"https:\/\/diariodominicano.com\/index.php?rest_route=%2Fwp%2Fv2%2Ftags&post=192046"}],"curies":[{"name":"wp","href":"https:\/\/api.w.org\/{rel}","templated":true}]}}