{"id":192044,"date":"2007-11-01T15:29:37","date_gmt":"2007-11-01T15:29:37","guid":{"rendered":"http:\/\/diariodominicano.ddns.net\/?p=192044"},"modified":"2007-11-01T15:29:37","modified_gmt":"2007-11-01T15:29:37","slug":"pld-aplaza-actividades-para-conmemorar-el-sexto-aniversario-de-la-muerte-del-ex-presidente-juan-bosch","status":"publish","type":"post","link":"https:\/\/diariodominicano.com\/?p=192044","title":{"rendered":"PLD aplaza actividades para conmemorar el sexto aniversario de la muerte del ex presidente Juan Bosch"},"content":{"rendered":"<p><body><\/p>\n<p align=\"justify\" class=\"titulogrande1\">PLD aplaza actividades para conmemorar el sexto aniversario de la muerte  del ex presidente Juan Bosch<\/p>\n<p>&#13;<\/p>\n<p align=\"justify\" class=\"text1noticias\"><strong><img loading=\"lazy\" decoding=\"async\" src=\"http:\/\/localhost:8080\/pictures\/reynaldo y bosch.jpg\" width=\"269\" height=\"152\" hspace=\"4\" align=\"left\" \/>SANTO  DOMINGO.- Reinaldo Pared P\u00e9rez<\/strong>,  Secretario General del Partido de la Liberaci\u00f3n Dominicana  (PLD), anunci\u00f3 la suspensi\u00f3n de las  actividades\u00a0 programadas para la conmemoraci\u00f3n del sexto aniversario  de del fallecimiento del ex presidente, y l\u00edder hist\u00f3rico \u00a0de esa  entidad,\u00a0 profesor Juan Bosch.<br \/>&#13;<br \/>\n  <br \/>&#13;<br \/>\n  Pared  P\u00e9rez, en su lugar, exhort\u00f3 a los dirigentes, militantes \u00a0miembros, y  simpatizantes de la organizaci\u00f3n pol\u00edtica a \u00a0integrarse a las labores de  auxilios de las comunidades afectadas  como consecuencia del  paso de la tormenta Noel. \u00a0 <br \/>&#13;<br \/>\n  <br \/>&#13;<br \/>\n\u00abNos  hemos vistos precisado a posponer las actividades que ten\u00edamos programadas para  iniciar a partir de este jueves , primero de noviembre, fecha en que se cumplen  seis a\u00f1os del fallecimiento \u00a0del profesor Juan Bosch, y que continuar\u00edan  en la fecha dos, debido a las constantes lluvias que se han registrados\u00bb,  explic\u00f3. <br \/>&#13;<br \/>\n<br \/>&#13;<br \/>\nDeclar\u00f3  que la posposici\u00f3n del montaje de las actividades, con motivo del fallecimiento  del mentor y l\u00edder del PLD, profesor Juan Bosch, se dispuso con la anuencia del  presidente de la citada entidad pol\u00edtica, y de la Rep\u00fablica, doctor Leonel  Fern\u00e1ndez. \u00a0 <br \/>&#13;<br \/>\n<br \/>&#13;<br \/>\nEl  tambi\u00e9n Presidente del Senado de la Republica \u00a0tras esa decisi\u00f3n, solicit\u00f3 a los  pelede\u00edstas\u00a0 sumarse a las labores de auxilios ciudadanos que  coordinan los comit\u00e9s de operaciones de emergencia. <br \/>&#13;<br \/>\n<br \/>&#13;<br \/>\n\u00abEntiendo  que no podemos beneficiarnos de la desventura por la que pasa la naci\u00f3n para  hacer pol\u00edtica partidista, sino vamos a hacer de esta actividad\u00a0 una  condici\u00f3n humanitaria y de solidaridad con nuestros hermanos y hermanas que  padecen de muchas calamidades, extendiendo nuestros brazos de apoyo\u00bb, dijo  Pared P\u00e9rez al lamentar la situaci\u00f3n de emergencia que se vive en el pa\u00eds  \u00a0 <br \/>&#13;<br \/>\n<br \/>&#13;<br \/>\nEl  Secretario General del PLD llam\u00f3 a los dirigentes de la organizaci\u00f3n a ponerse  a disposici\u00f3n de las autoridades de las provincias y los municpios sin  importar, en el caso de los cabildos, que entidad pol\u00edtica lo dirija, y as\u00ed  constituirse en parte para ayudar a las labores de rescate, refuerzo y  asistencia de los afectados por la calamidad que pasan muchas familias, en  estos momentos. <br \/>&#13;<br \/>\n<br \/>&#13;<br \/>\nEn  un despacho de la   Secretar\u00eda de Comunicaciones del PLD su Secretario General  reiter\u00f3 la suspensi\u00f3n de las actividades programadas en el sexto aniversario  del fallecimiento del profesor Juan Bosch las que se planificar\u00e1n en una fecha  posterior. <br \/>&#13;<br \/>\n<br \/>&#13;<br \/>\nExplic\u00f3 que las actividades, a realizarse en la Casa Nacional y la  provincia La Vega,  que estaban previstas para el pr\u00f3ximo jueves, y viernes, relacionadas con el  sexto aniversario de la muerte del profesor Juan Bosch, fueron  \u00a0suspendidas por disposici\u00f3n del presidente de la Rep\u00fablica, y del PLD,  Leonel Fern\u00e1ndez, quien estim\u00f3 que deb\u00edan postergarse, para un momento m\u00e1s favorable.<\/p>\n<p>&#13;<\/p>\n<p align=\"justify\" class=\"text1noticias\">Con motivo del  sexto aniversario del fallecimiento \u00a0del ex presidente Juan Bosch, el PLD  hab\u00eda programado una misa\u00a0 en la Catedral de La Vega y una Ofrenda en el Cementerio Ornamental de  esa ciudad al igual que una serie de actos art\u00edsticos y pol\u00edticos en la Casa Nacional del  PLD en la Capital   Dominicana. <\/p>\n<p>&#13;<\/p>\n<p align=\"justify\" class=\"text1noticias\">Bosch muri\u00f3 el 1  de\u00a0Noviembre del 2001 victima de una insuficiencia respiratoria y fue  sepultado el d\u00eda 2 de Noviembre en una\u00a0de las manifestaciones humanas m\u00e1s  grande registrada en la historia del pa\u00eds.\u00a0 <\/p>\n<p>&#13;<\/p>\n<h6> 2007-11-01 15:29:37 <\/h6>\n<p><!--\n<link rel=\"stylesheet\" href=\"css\/bootstrap.min.css\">\n\n\n<ul class=\"pagination\">\n\t    \n\t\n\n<li >\n\t<a href='?page_no=34791'>Previous<\/a>\n\t<\/li>\n\n\n       \n    \n\n<li><a href='?page_no=1'>1<\/a><\/li>\n\n\n\n<li><a href='?page_no=2'>2<\/a><\/li>\n\n\n\n<li><a>...<\/a><\/li>\n\n\n\n<li><a href='?page_no=34790'>34790<\/a><\/li>\n\n\n\n<li><a href='?page_no=34791'>34791<\/a><\/li>\n\n\n\n<li class='active'><a>34792<\/a><\/li>\n\n\n\n<li><a href='?page_no=34793'>34793<\/a><\/li>\n\n\n\n<li><a href='?page_no=34794'>34794<\/a><\/li>\n\n\n\n<li><a>...<\/a><\/li>\n\n\n\n<li><a href='?page_no=36999'>36999<\/a><\/li>\n\n\n\n<li><a href='?page_no=37000'>37000<\/a><\/li>\n\n    \n\t\n\n<li >\n\t<a href='?page_no=34793'>Next<\/a>\n\t<\/li>\n\n\n    \n\n<li><a href='?page_no=37000'>Last &rsaquo;&rsaquo;<\/a><\/li>\n\n<\/ul>\n\n\n--><br \/>\n<\/body><\/p>\n","protected":false},"excerpt":{"rendered":"<p>PLD aplaza actividades para conmemorar el sexto aniversario de la muerte del ex presidente Juan Bosch &#13; SANTO DOMINGO.- Reinaldo Pared P\u00e9rez, Secretario General del Partido de la Liberaci\u00f3n Dominicana (PLD), anunci\u00f3 la suspensi\u00f3n de las actividades\u00a0 programadas para la conmemoraci\u00f3n del sexto aniversario de del fallecimiento del ex presidente, y l\u00edder hist\u00f3rico \u00a0de esa [&hellip;]<\/p>\n","protected":false},"author":3,"featured_media":0,"comment_status":"open","ping_status":"open","sticky":false,"template":"","format":"standard","meta":{"footnotes":""},"categories":[22],"tags":[],"class_list":["post-192044","post","type-post","status-publish","format-standard","hentry","category-politica"],"_links":{"self":[{"href":"https:\/\/diariodominicano.com\/index.php?rest_route=\/wp\/v2\/posts\/192044","targetHints":{"allow":["GET"]}}],"collection":[{"href":"https:\/\/diariodominicano.com\/index.php?rest_route=\/wp\/v2\/posts"}],"about":[{"href":"https:\/\/diariodominicano.com\/index.php?rest_route=\/wp\/v2\/types\/post"}],"author":[{"embeddable":true,"href":"https:\/\/diariodominicano.com\/index.php?rest_route=\/wp\/v2\/users\/3"}],"replies":[{"embeddable":true,"href":"https:\/\/diariodominicano.com\/index.php?rest_route=%2Fwp%2Fv2%2Fcomments&post=192044"}],"version-history":[{"count":0,"href":"https:\/\/diariodominicano.com\/index.php?rest_route=\/wp\/v2\/posts\/192044\/revisions"}],"wp:attachment":[{"href":"https:\/\/diariodominicano.com\/index.php?rest_route=%2Fwp%2Fv2%2Fmedia&parent=192044"}],"wp:term":[{"taxonomy":"category","embeddable":true,"href":"https:\/\/diariodominicano.com\/index.php?rest_route=%2Fwp%2Fv2%2Fcategories&post=192044"},{"taxonomy":"post_tag","embeddable":true,"href":"https:\/\/diariodominicano.com\/index.php?rest_route=%2Fwp%2Fv2%2Ftags&post=192044"}],"curies":[{"name":"wp","href":"https:\/\/api.w.org\/{rel}","templated":true}]}}