{"id":192043,"date":"2007-11-02T13:55:30","date_gmt":"2007-11-02T13:55:30","guid":{"rendered":"http:\/\/diariodominicano.ddns.net\/?p=192043"},"modified":"2007-11-02T13:55:30","modified_gmt":"2007-11-02T13:55:30","slug":"amable-encabeza-jornada-asistencia-y-rescate-en-comunidades-afectadas-por-las-inundaciones","status":"publish","type":"post","link":"https:\/\/diariodominicano.com\/?p=192043","title":{"rendered":"Amable encabeza jornada asistencia y rescate en comunidades afectadas por las inundaciones"},"content":{"rendered":"<p><body><\/p>\n<p align=\"justify\" class=\"titulogrande1\">Amable  encabeza jornada asistencia y rescate en  comunidades afectadas por las inundaciones<\/p>\n<p>&#13;<\/p>\n<p align=\"justify\" class=\"text1noticias\"><strong><img loading=\"lazy\" decoding=\"async\" src=\"http:\/\/localhost:8080\/pictures\/amablearisty.jpg\" width=\"269\" height=\"320\" hspace=\"4\" align=\"left\" \/>Santo Domingo.-<\/strong> El candidato  presidencial del Partido Reformista Social Cristiano (PRSC) encabez\u00f3  personalmente una jornada de rescate y asistencia a cientos de damnificados de  las provincias San Jos\u00e9 de Ocoa, Monse\u00f1or Noel y Duarte.<\/p>\n<p>&#13;<\/p>\n<p align=\"justify\" class=\"text1noticias\">Amable Aristy Castro moviliz\u00f3  dos helic\u00f3pteros y una decena de camiones repletos de comida, medicina,  frazadas, mosquiteros, colchones y ropa para ayudar a cientos de familias  afectadas por las inundaciones provocadas por la tormenta Noel.<\/p>\n<p>&#13;<\/p>\n<p align=\"justify\" class=\"text1noticias\">El aspirante a la Presidencia de la Rep\u00fablica visit\u00f3 los  refugios y lugares m\u00e1s cr\u00edticos de esas zonas, en donde dijo que todav\u00eda \u00a0hab\u00edan personas encimas de \u00e1rboles y techos de  viviendas para evitar ser arrasadas por el desbordamiento de las aguas de r\u00edos,  arroyos y ca\u00f1adas.<\/p>\n<p>&#13;<\/p>\n<p align=\"justify\" class=\"text1noticias\">Dijo que muchas de esas  personas fueron rescatadas por \u00e9l y el equipo que le acompa\u00f1aba y se encargaron  de trasladarlas a lugares seguros, como ocurri\u00f3 en el municipio de Maim\u00f3n, en  Monse\u00f1or Noel, que mientras sobrevolaban la presa de Hatillo ubicaron a seis  personas en la copa de un \u00e1rbol desesperadas pidiendo auxilio.<\/p>\n<p>&#13;<\/p>\n<p align=\"justify\" class=\"text1noticias\">Explic\u00f3 que lograron rescatar  al grupo y llevarlo hasta la comunidad de Maim\u00f3n, donde familiares y  pr\u00e1cticamente todo el pueblo lo recibieron con j\u00fabilo.<\/p>\n<p>&#13;<\/p>\n<p align=\"justify\" class=\"text1noticias\">\u201cAquello fue una gran  celebraron, porque la gente cre\u00eda que no hab\u00eda posibilidad de que estas  personas salieran con vida de esas inundaciones\u201d, narr\u00f3.<\/p>\n<p>&#13;<\/p>\n<p align=\"justify\" class=\"text1noticias\">Se\u00f1al\u00f3 que en su visita a San  Jos\u00e9 de Ocoa dispuso el traslado en su helic\u00f3ptero privado a la Plaza de la Salud, de la capital, de  varias personas que ameritaban de asistencia m\u00e9dica, como dos heridos con  fracturas del f\u00e9mur, una parturienta y otros con problemas renales.<\/p>\n<p>&#13;<\/p>\n<p align=\"justify\" class=\"text1noticias\">Indic\u00f3 que esas personas  ten\u00edan varios d\u00edas esperando la llegada de un helic\u00f3ptero de las Fuerzas  Armadas para su traslado a un centro m\u00e9dico de la Capital y no terminaban de  llegar, \u201cpor lo que me plantearon el caso y tan pronto vi lo delicado del  MISMO, dispusimos su traslado de inmediatamente a la Plaza de la Salud\u201d.<\/p>\n<p>&#13;<\/p>\n<p align=\"justify\" class=\"text1noticias\">Indic\u00f3 que se comprometi\u00f3  tambi\u00e9n a cubrirle todo el tratamiento a cada una de esas personas.<\/p>\n<p>&#13;<\/p>\n<p align=\"justify\" class=\"text1noticias\">Igualmente, dijo que  sobrevol\u00f3 las comunidades del Bajo Yuna junto al diputado de la provincia  Duarte, Mario Fern\u00e1ndez (Yiye), quien le explic\u00f3 sobre los grandes da\u00f1os que  provocaron a la agricultura las inundaciones.<\/p>\n<p>&#13;<\/p>\n<p align=\"justify\" class=\"text1noticias\">Amable Aristy inform\u00f3 adem\u00e1s  que los senadores, diputados, s\u00edndicos y regidores del Partido Reformistas han  organizado un cuerpo de m\u00e1s de cinco mil voluntarios en todo el territorio  nacional para asistir a las familias afectadas con las inundaciones.<\/p>\n<p>&#13;<\/p>\n<p align=\"justify\" class=\"text1noticias\">Durante el recorrido, el  candidato presidencial estuvo acompa\u00f1ado del director ejecutivo de campa\u00f1a,  Sergio Cede\u00f1o; el subdirector de campa\u00f1a, Ram\u00f3n Rogelio Genao; el tambi\u00e9n diputado  Yiye Fern\u00e1ndez, entre otros dirigentes nacionales del Partido Reformista Social  Cristiano (PRSC).<\/p>\n<p>&#13;<\/p>\n<h6> 2007-11-02 13:55:30 <\/h6>\n<p><!--\n<link rel=\"stylesheet\" href=\"css\/bootstrap.min.css\">\n\n\n<ul class=\"pagination\">\n\t    \n\t\n\n<li >\n\t<a href='?page_no=34790'>Previous<\/a>\n\t<\/li>\n\n\n       \n    \n\n<li><a href='?page_no=1'>1<\/a><\/li>\n\n\n\n<li><a href='?page_no=2'>2<\/a><\/li>\n\n\n\n<li><a>...<\/a><\/li>\n\n\n\n<li><a href='?page_no=34789'>34789<\/a><\/li>\n\n\n\n<li><a href='?page_no=34790'>34790<\/a><\/li>\n\n\n\n<li class='active'><a>34791<\/a><\/li>\n\n\n\n<li><a href='?page_no=34792'>34792<\/a><\/li>\n\n\n\n<li><a href='?page_no=34793'>34793<\/a><\/li>\n\n\n\n<li><a>...<\/a><\/li>\n\n\n\n<li><a href='?page_no=36999'>36999<\/a><\/li>\n\n\n\n<li><a href='?page_no=37000'>37000<\/a><\/li>\n\n    \n\t\n\n<li >\n\t<a href='?page_no=34792'>Next<\/a>\n\t<\/li>\n\n\n    \n\n<li><a href='?page_no=37000'>Last &rsaquo;&rsaquo;<\/a><\/li>\n\n<\/ul>\n\n\n--><br \/>\n<\/body><\/p>\n","protected":false},"excerpt":{"rendered":"<p>Amable encabeza jornada asistencia y rescate en comunidades afectadas por las inundaciones &#13; Santo Domingo.- El candidato presidencial del Partido Reformista Social Cristiano (PRSC) encabez\u00f3 personalmente una jornada de rescate y asistencia a cientos de damnificados de las provincias San Jos\u00e9 de Ocoa, Monse\u00f1or Noel y Duarte. &#13; Amable Aristy Castro moviliz\u00f3 dos helic\u00f3pteros y [&hellip;]<\/p>\n","protected":false},"author":3,"featured_media":0,"comment_status":"open","ping_status":"open","sticky":false,"template":"","format":"standard","meta":{"footnotes":""},"categories":[22],"tags":[],"class_list":["post-192043","post","type-post","status-publish","format-standard","hentry","category-politica"],"_links":{"self":[{"href":"https:\/\/diariodominicano.com\/index.php?rest_route=\/wp\/v2\/posts\/192043","targetHints":{"allow":["GET"]}}],"collection":[{"href":"https:\/\/diariodominicano.com\/index.php?rest_route=\/wp\/v2\/posts"}],"about":[{"href":"https:\/\/diariodominicano.com\/index.php?rest_route=\/wp\/v2\/types\/post"}],"author":[{"embeddable":true,"href":"https:\/\/diariodominicano.com\/index.php?rest_route=\/wp\/v2\/users\/3"}],"replies":[{"embeddable":true,"href":"https:\/\/diariodominicano.com\/index.php?rest_route=%2Fwp%2Fv2%2Fcomments&post=192043"}],"version-history":[{"count":0,"href":"https:\/\/diariodominicano.com\/index.php?rest_route=\/wp\/v2\/posts\/192043\/revisions"}],"wp:attachment":[{"href":"https:\/\/diariodominicano.com\/index.php?rest_route=%2Fwp%2Fv2%2Fmedia&parent=192043"}],"wp:term":[{"taxonomy":"category","embeddable":true,"href":"https:\/\/diariodominicano.com\/index.php?rest_route=%2Fwp%2Fv2%2Fcategories&post=192043"},{"taxonomy":"post_tag","embeddable":true,"href":"https:\/\/diariodominicano.com\/index.php?rest_route=%2Fwp%2Fv2%2Ftags&post=192043"}],"curies":[{"name":"wp","href":"https:\/\/api.w.org\/{rel}","templated":true}]}}