{"id":192042,"date":"2007-11-02T17:25:34","date_gmt":"2007-11-02T17:25:34","guid":{"rendered":"http:\/\/diariodominicano.ddns.net\/?p=192042"},"modified":"2007-11-02T17:25:34","modified_gmt":"2007-11-02T17:25:34","slug":"guillermo-moreno-propone-detener-los-gastos-no-prioritarios-y-crear-un-fondo-de-emergencia","status":"publish","type":"post","link":"https:\/\/diariodominicano.com\/?p=192042","title":{"rendered":"Guillermo Moreno propone detener los gastos no prioritarios y crear un Fondo de Emergencia"},"content":{"rendered":"<p><body><\/p>\n<p align=\"justify\" class=\"titulogrande1\"><strong>Guillermo  Moreno propone detener los gastos no prioritarios y crear un Fondo de  Emergencia<\/strong><\/p>\n<p>&#13;<\/p>\n<p align=\"justify\" class=\"text1noticias\"><strong>Santo Domingo.- <\/strong>Guillermo Moreno considera que la  situaci\u00f3n actual del pa\u00eds es de extrema gravedad debido a la\u00a0 situaci\u00f3n de desastre dejada por la Tormenta Noel, por  lo que propone la creaci\u00f3n de un Fondo de Emergencia con los recursos asignados  a obras no prioritarias, como el Metro de Santo Domingo, y del cese de los  pagos de la deuda externa, entre otras fuentes.<\/p>\n<p>&#13;<\/p>\n<p align=\"justify\" class=\"text1noticias\">Adem\u00e1s, la propuesta de Moreno sugiere la reducci\u00f3n de  los sueldos de los altos funcionarios p\u00fablicos en una escala del 10% al 50%, la  disminuci\u00f3n de gastos superfluos en viajes y en otras actividades no  imprescindibles, y la implementaci\u00f3n de un plan de ahorro de combustibles.<br \/>&#13;<br \/>\n  <br \/>&#13;<br \/>\n\u201dEsta pol\u00edtica de austeridad constituye la gran prioridad a la que debe estar  subordinada toda decisi\u00f3n del Estado en materia de gasto p\u00fablico en estos  momentos\u201d,\u00a0 se\u00f1al\u00f3 Moreno para reiterar  que \u201ceste FONDO DE EMERGENCIA hay que crearlo en base al ahorro interno,  desechando toda tentaci\u00f3n a aumentar por esa v\u00eda nuestro endeudamiento  externo\u201d. <\/p>\n<p>&#13;<\/p>\n<p align=\"justify\" class=\"text1noticias\">Plante\u00f3 adem\u00e1s otras fuentes de recursos, entre las  cuales est\u00e1n ingresar al Fondo de Emergencia los aportes solidarios que hagan  los dominicanos residentes en el exterior y otros sectores nacionales, y toda  donaci\u00f3n que se reciba de Estados solidarios. <br \/>&#13;<br \/>\n  \u00a0 <br \/>&#13;<br \/>\n  El cuanto al uso de ese Fondo, \u00a0considera que \u201clo primero es enfrentar el  drama humano y social: alimentaci\u00f3n, agua potable para la gente y medidas  sanitarias urgentes para prevenir enfermedades y epidemias\u201d.<br \/>&#13;<br \/>\n  <br \/>&#13;<br \/>\n  Lo anterior, sigue diciendo \u00a0Moreno, debe  combinarse con un plan de construcci\u00f3n y reconstrucci\u00f3n de obras de  infraestructura destruidas: puentes, carreteras, acueductos, tendido el\u00e9ctrico,  viviendas, etc. \u201cEs necesario adem\u00e1s lanzar una cruzada para la recuperaci\u00f3n de  la producci\u00f3n nacional, brindando el apoyo que fuera necesario a productores y  agricultores, as\u00ed como a la peque\u00f1a y mediana industria\u201d, abund\u00f3.\u00a0 <\/p>\n<p>&#13;<\/p>\n<p align=\"justify\" class=\"text1noticias\">Los gastos del Fondo de Emergencia deben ser manejados  con total transparencia, advierte el ex Fiscal Guillermo Moreno, por lo que  exige la participaci\u00f3n de instituciones sociales y ciudadanas en su ejecuci\u00f3n  para que garantizar su manejo honesto y equitativo, con rendici\u00f3n de  cuentas.\u00a0 <\/p>\n<p>&#13;<\/p>\n<div align=\"justify\" class=\"text1noticias\">El dirigente pol\u00edtico progresista afirma que para enfrentar este  desastre nacional es imprescindible poner nuestra Naci\u00f3n en Movimiento e  integrar a la gente en la definici\u00f3n y ejecuci\u00f3n de las acciones, tomando muy  en cuenta las necesidades prioritarias en cada comunidad, rural o urbana. <\/div>\n<p>&#13;<\/p>\n<h6> 2007-11-02 17:25:34 <\/h6>\n<p><!--\n<link rel=\"stylesheet\" href=\"css\/bootstrap.min.css\">\n\n\n<ul class=\"pagination\">\n\t    \n\t\n\n<li >\n\t<a href='?page_no=34789'>Previous<\/a>\n\t<\/li>\n\n\n       \n    \n\n<li><a href='?page_no=1'>1<\/a><\/li>\n\n\n\n<li><a href='?page_no=2'>2<\/a><\/li>\n\n\n\n<li><a>...<\/a><\/li>\n\n\n\n<li><a href='?page_no=34788'>34788<\/a><\/li>\n\n\n\n<li><a href='?page_no=34789'>34789<\/a><\/li>\n\n\n\n<li class='active'><a>34790<\/a><\/li>\n\n\n\n<li><a href='?page_no=34791'>34791<\/a><\/li>\n\n\n\n<li><a href='?page_no=34792'>34792<\/a><\/li>\n\n\n\n<li><a>...<\/a><\/li>\n\n\n\n<li><a href='?page_no=36999'>36999<\/a><\/li>\n\n\n\n<li><a href='?page_no=37000'>37000<\/a><\/li>\n\n    \n\t\n\n<li >\n\t<a href='?page_no=34791'>Next<\/a>\n\t<\/li>\n\n\n    \n\n<li><a href='?page_no=37000'>Last &rsaquo;&rsaquo;<\/a><\/li>\n\n<\/ul>\n\n\n--><br \/>\n<\/body><\/p>\n","protected":false},"excerpt":{"rendered":"<p>Guillermo Moreno propone detener los gastos no prioritarios y crear un Fondo de Emergencia &#13; Santo Domingo.- Guillermo Moreno considera que la situaci\u00f3n actual del pa\u00eds es de extrema gravedad debido a la\u00a0 situaci\u00f3n de desastre dejada por la Tormenta Noel, por lo que propone la creaci\u00f3n de un Fondo de Emergencia con los recursos [&hellip;]<\/p>\n","protected":false},"author":3,"featured_media":0,"comment_status":"open","ping_status":"open","sticky":false,"template":"","format":"standard","meta":{"footnotes":""},"categories":[22],"tags":[],"class_list":["post-192042","post","type-post","status-publish","format-standard","hentry","category-politica"],"_links":{"self":[{"href":"https:\/\/diariodominicano.com\/index.php?rest_route=\/wp\/v2\/posts\/192042","targetHints":{"allow":["GET"]}}],"collection":[{"href":"https:\/\/diariodominicano.com\/index.php?rest_route=\/wp\/v2\/posts"}],"about":[{"href":"https:\/\/diariodominicano.com\/index.php?rest_route=\/wp\/v2\/types\/post"}],"author":[{"embeddable":true,"href":"https:\/\/diariodominicano.com\/index.php?rest_route=\/wp\/v2\/users\/3"}],"replies":[{"embeddable":true,"href":"https:\/\/diariodominicano.com\/index.php?rest_route=%2Fwp%2Fv2%2Fcomments&post=192042"}],"version-history":[{"count":0,"href":"https:\/\/diariodominicano.com\/index.php?rest_route=\/wp\/v2\/posts\/192042\/revisions"}],"wp:attachment":[{"href":"https:\/\/diariodominicano.com\/index.php?rest_route=%2Fwp%2Fv2%2Fmedia&parent=192042"}],"wp:term":[{"taxonomy":"category","embeddable":true,"href":"https:\/\/diariodominicano.com\/index.php?rest_route=%2Fwp%2Fv2%2Fcategories&post=192042"},{"taxonomy":"post_tag","embeddable":true,"href":"https:\/\/diariodominicano.com\/index.php?rest_route=%2Fwp%2Fv2%2Ftags&post=192042"}],"curies":[{"name":"wp","href":"https:\/\/api.w.org\/{rel}","templated":true}]}}