{"id":192041,"date":"2007-11-03T04:13:22","date_gmt":"2007-11-03T04:13:22","guid":{"rendered":"http:\/\/diariodominicano.ddns.net\/?p=192041"},"modified":"2007-11-03T04:13:22","modified_gmt":"2007-11-03T04:13:22","slug":"uasd-otorgara-titulo-honoris-causa-a-presidente-bolivia-evo-morales","status":"publish","type":"post","link":"https:\/\/diariodominicano.com\/?p=192041","title":{"rendered":"UASD otorgar\u00e1 t\u00edtulo Honoris Causa a presidente Bolivia, Evo Morales"},"content":{"rendered":"<p><body><\/p>\n<p class=\"titulogrande1\">UASD  otorgar\u00e1 t\u00edtulo Honoris Causa a presidente Bolivia, Evo Morales<\/p>\n<p>&#13;<\/p>\n<p align=\"justify\" class=\"text1noticias\"><strong><img loading=\"lazy\" decoding=\"async\" src=\"http:\/\/localhost:8080\/pictures\/logo uasd.jpg\" width=\"269\" height=\"321\" hspace=\"4\" align=\"left\" \/>Santo Domingo.- <\/strong>La Universidad Aut\u00f3noma  de Santo Domingo otorgar\u00e1 el t\u00edtulo de Doctor Honoris Causa al Excelent\u00edsimo  Presidente de la Rep\u00fablica  de Bolivia, Evo Morales, el pr\u00f3ximo domingo 4, en el Aula Magna de esta  academia de Altos Estudios.<\/p>\n<p>&#13;<\/p>\n<p align=\"justify\" class=\"text1noticias\">En reconocimiento a sus  aportes a los sectores marginados de Bolivia, el Consejo Universitario de la UASD, bajo Resoluci\u00f3n  No.2007-200, decidi\u00f3 otorgar el t\u00edtulo de Doctor Honoris Causa, a Evo Morales,  cuya resoluci\u00f3n fue refrendada por el Claustro Menor de esta academia,  celebrado el pasado domingo 28 de octubre, en el Aula Magna.<\/p>\n<p>&#13;<\/p>\n<p align=\"justify\" class=\"text1noticias\">El Presidente de Bolivia,  Juan Evo Morales Ayma (nacido en Isallavi el 26 de octubre de 1959), de origen  \u201caymara\u201d, es un pol\u00edtico, activista y dirigente sindical boliviano, que asumi\u00f3  el cargo de Presidente de Bolivia el 22 de enero de 2006 y lo ejerce hasta la  actualidad. <\/p>\n<p>&#13;<\/p>\n<p align=\"justify\" class=\"text1noticias\">Es el primer mandatario de  origen ind\u00edgena en la historia de Bolivia que tiene como portaestandarte la  promoci\u00f3n de la paz, con lo cual pretende realizar cambios radicales, en las  estructuras de variados \u00e1mbitos nacionales, nunca antes pretendidos en  beneficio del pueblo, trasform\u00e1ndose en el m\u00e1s conocido presidente boliviano de  la historia reciente.<\/p>\n<p>&#13;<\/p>\n<p align=\"justify\" class=\"text1noticias\">Destacado en la lucha por los  derechos de los campesinos, mineros, obreros e ind\u00edgenas, es el fundador y  m\u00e1ximo dirigente del Movimiento al Socialismo (MAS) &#8211; IPSP Instrumento Pol\u00edtico  por la Soberan\u00eda  de los Pueblos.<\/p>\n<p>&#13;<\/p>\n<p align=\"justify\" class=\"text1noticias\">Este lider\u00f3 gran parte de las  protestas sociales ocurridas en Bolivia en los primeros a\u00f1os del siglo XXI,  reclamando principalmente la recuperaci\u00f3n de la propiedad estatal plena sobre  el gas y otros hidrocarburos, dados en concesi\u00f3n a empresas transnacionales  durante el gobierno de Gonzalo S\u00e1nchez de Lozada, (1993 a 1997). <\/p>\n<p>&#13;<\/p>\n<p align=\"justify\" class=\"text1noticias\">En las elecciones  presidenciales que se celebraron en diciembre de 2005, Evo Morales obtuvo casi  el 54 por ciento de los votos, lo que le permiti\u00f3 acceder a la presidencia de la Rep\u00fablica de su pa\u00eds.<\/p>\n<p>&#13;<\/p>\n<h6> 2007-11-03 04:13:22 <\/h6>\n<p><!--\n<link rel=\"stylesheet\" href=\"css\/bootstrap.min.css\">\n\n\n<ul class=\"pagination\">\n\t    \n\t\n\n<li >\n\t<a href='?page_no=34788'>Previous<\/a>\n\t<\/li>\n\n\n       \n    \n\n<li><a href='?page_no=1'>1<\/a><\/li>\n\n\n\n<li><a href='?page_no=2'>2<\/a><\/li>\n\n\n\n<li><a>...<\/a><\/li>\n\n\n\n<li><a href='?page_no=34787'>34787<\/a><\/li>\n\n\n\n<li><a href='?page_no=34788'>34788<\/a><\/li>\n\n\n\n<li class='active'><a>34789<\/a><\/li>\n\n\n\n<li><a href='?page_no=34790'>34790<\/a><\/li>\n\n\n\n<li><a href='?page_no=34791'>34791<\/a><\/li>\n\n\n\n<li><a>...<\/a><\/li>\n\n\n\n<li><a href='?page_no=36999'>36999<\/a><\/li>\n\n\n\n<li><a href='?page_no=37000'>37000<\/a><\/li>\n\n    \n\t\n\n<li >\n\t<a href='?page_no=34790'>Next<\/a>\n\t<\/li>\n\n\n    \n\n<li><a href='?page_no=37000'>Last &rsaquo;&rsaquo;<\/a><\/li>\n\n<\/ul>\n\n\n--><br \/>\n<\/body><\/p>\n","protected":false},"excerpt":{"rendered":"<p>UASD otorgar\u00e1 t\u00edtulo Honoris Causa a presidente Bolivia, Evo Morales &#13; Santo Domingo.- La Universidad Aut\u00f3noma de Santo Domingo otorgar\u00e1 el t\u00edtulo de Doctor Honoris Causa al Excelent\u00edsimo Presidente de la Rep\u00fablica de Bolivia, Evo Morales, el pr\u00f3ximo domingo 4, en el Aula Magna de esta academia de Altos Estudios. &#13; En reconocimiento a sus [&hellip;]<\/p>\n","protected":false},"author":3,"featured_media":0,"comment_status":"open","ping_status":"open","sticky":false,"template":"","format":"standard","meta":{"footnotes":""},"categories":[22],"tags":[],"class_list":["post-192041","post","type-post","status-publish","format-standard","hentry","category-politica"],"_links":{"self":[{"href":"https:\/\/diariodominicano.com\/index.php?rest_route=\/wp\/v2\/posts\/192041","targetHints":{"allow":["GET"]}}],"collection":[{"href":"https:\/\/diariodominicano.com\/index.php?rest_route=\/wp\/v2\/posts"}],"about":[{"href":"https:\/\/diariodominicano.com\/index.php?rest_route=\/wp\/v2\/types\/post"}],"author":[{"embeddable":true,"href":"https:\/\/diariodominicano.com\/index.php?rest_route=\/wp\/v2\/users\/3"}],"replies":[{"embeddable":true,"href":"https:\/\/diariodominicano.com\/index.php?rest_route=%2Fwp%2Fv2%2Fcomments&post=192041"}],"version-history":[{"count":0,"href":"https:\/\/diariodominicano.com\/index.php?rest_route=\/wp\/v2\/posts\/192041\/revisions"}],"wp:attachment":[{"href":"https:\/\/diariodominicano.com\/index.php?rest_route=%2Fwp%2Fv2%2Fmedia&parent=192041"}],"wp:term":[{"taxonomy":"category","embeddable":true,"href":"https:\/\/diariodominicano.com\/index.php?rest_route=%2Fwp%2Fv2%2Fcategories&post=192041"},{"taxonomy":"post_tag","embeddable":true,"href":"https:\/\/diariodominicano.com\/index.php?rest_route=%2Fwp%2Fv2%2Ftags&post=192041"}],"curies":[{"name":"wp","href":"https:\/\/api.w.org\/{rel}","templated":true}]}}