{"id":192039,"date":"2007-11-04T21:23:32","date_gmt":"2007-11-04T21:23:32","guid":{"rendered":"http:\/\/diariodominicano.ddns.net\/?p=192039"},"modified":"2007-11-04T21:23:32","modified_gmt":"2007-11-04T21:23:32","slug":"gobierno-inicia-reparacion-de-viviendas-en-sectores-de-la-capital","status":"publish","type":"post","link":"https:\/\/diariodominicano.com\/?p=192039","title":{"rendered":"Gobierno inicia reparaci\u00f3n de viviendas en sectores de la Capital"},"content":{"rendered":"<p><body><\/p>\n<p align=\"justify\"><span class=\"titulogrande1\">Gobierno inicia reparaci\u00f3n de viviendas en sectores de la Capital <\/span><br \/>&#13;<br \/>\n  <br \/>&#13;<br \/>\n    <span class=\"text1noticias\">La  directora del INVI dijo que por  instrucciones espec\u00edficas del presidente Fern\u00e1ndez reparar\u00e1n 640 viviendas  cuyos techos y paredes resultaron da\u00f1ados a ra\u00edz de las fuertes lluvias y  vientos del fen\u00f3meno atmosf\u00e9rico.<\/span><\/p>\n<p>&#13;<\/p>\n<p align=\"justify\" class=\"text1noticias\"><strong><img loading=\"lazy\" decoding=\"async\" src=\"http:\/\/localhost:8080\/pictures\/invi.jpg\" width=\"269\" height=\"906\" hspace=\"4\" align=\"left\" \/>SANTO  DOMINGO.-<\/strong> El Gobierno\u00a0 a trav\u00e9s del  Instituto Nacional de la   Vivienda (INVI), inici\u00f3 este s\u00e1bado la reparaci\u00f3n de las  viviendas del Distrito Nacional y la provincia de Santo Domingo que fueron  afectadas con da\u00f1os menores a ra\u00edz del paso de la tormenta Noel.<br \/>&#13;<br \/>\n  <br \/>&#13;<br \/>\n  La  directora del INVI, arquitecta Alma Fern\u00e1ndez, tras supervisar el  operativo,\u00a0reiter\u00f3 que no reparar\u00e1n\u00a0las viviendas que fueron  destruidas a orillas de los\u00a0r\u00edos Ozama e Isabela, sino que\u00a0luego de  las correspondientes evaluaciones construir\u00e1n casas en lugares donde no se  produzcan inundaciones.<br \/>&#13;<br \/>\n  <br \/>&#13;<br \/>\n  Dijo  que por instrucciones espec\u00edficas del  presidente Fern\u00e1ndez reparar\u00e1n 640 viviendas cuyos techos y paredes resultaron  da\u00f1ados a ra\u00edz de las fuertes lluvias y vientos del fen\u00f3meno atmosf\u00e9rico.<br \/>&#13;<br \/>\n  <br \/>&#13;<br \/>\n  Adelant\u00f3  que los barrios beneficiados, donde ya se realiz\u00f3 un censo, son la Puya, Los Girasoles, 24 de  Abril, La Ci\u00e9naga,  La Zurza,  Manganagua, Los Praditos, Gualey, Juan Pablo Duarte y\u00a0 Los Guandules,  entre otros de la margen del r\u00edo Ozama.<br \/>&#13;<br \/>\n  <br \/>&#13;<br \/>\n  Sostuvo  que el objetivo espec\u00edfico del operativo es lograr que aquellas personas que  est\u00e1n en los refugios y que sus casas no est\u00e1n en zonas de desastre y  resultaron con da\u00f1os menores puedan retornar y seguir con sus vidas cotidianas.<br \/>&#13;<br \/>\n  <br \/>&#13;<br \/>\n\u201cEl  presidente Leonel Fern\u00e1ndez ha estado coordinando los equipos de trabajo en  todo el pa\u00eds e instruy\u00f3 a sus funcionarios para que la cosa quede mejor que  antes de pasar el fen\u00f3meno natural por nuestro y nosotros as\u00ed lo estamos  cumpliendo\u201d, refiri\u00f3 la directora del INVI.<br \/>&#13;<br \/>\n<br \/>&#13;<br \/>\n Alma  Fern\u00e1ndez destac\u00f3 \u00a0el respaldo que  reciben del Gobierno\u00a0los afectados  en las labores tanto de rescate como de ayuda, lo que ha contribuido a mitigar  los da\u00f1os de la tormenta Noel.<br \/>&#13;<br \/>\n<br \/>&#13;<br \/>\nIndic\u00f3  que en el caso espec\u00edfico de la   Capital, el Ayuntamiento del Distrito Nacional est\u00e1 apoyando  al INVI en la reparaci\u00f3n de viviendas.<\/p>\n<p>&#13;<\/p>\n<h6> 2007-11-04 21:23:32 <\/h6>\n<p><!--\n<link rel=\"stylesheet\" href=\"css\/bootstrap.min.css\">\n\n\n<ul class=\"pagination\">\n\t    \n\t\n\n<li >\n\t<a href='?page_no=34786'>Previous<\/a>\n\t<\/li>\n\n\n       \n    \n\n<li><a href='?page_no=1'>1<\/a><\/li>\n\n\n\n<li><a href='?page_no=2'>2<\/a><\/li>\n\n\n\n<li><a>...<\/a><\/li>\n\n\n\n<li><a href='?page_no=34785'>34785<\/a><\/li>\n\n\n\n<li><a href='?page_no=34786'>34786<\/a><\/li>\n\n\n\n<li class='active'><a>34787<\/a><\/li>\n\n\n\n<li><a href='?page_no=34788'>34788<\/a><\/li>\n\n\n\n<li><a href='?page_no=34789'>34789<\/a><\/li>\n\n\n\n<li><a>...<\/a><\/li>\n\n\n\n<li><a href='?page_no=36999'>36999<\/a><\/li>\n\n\n\n<li><a href='?page_no=37000'>37000<\/a><\/li>\n\n    \n\t\n\n<li >\n\t<a href='?page_no=34788'>Next<\/a>\n\t<\/li>\n\n\n    \n\n<li><a href='?page_no=37000'>Last &rsaquo;&rsaquo;<\/a><\/li>\n\n<\/ul>\n\n\n--><br \/>\n<\/body><\/p>\n","protected":false},"excerpt":{"rendered":"<p>Gobierno inicia reparaci\u00f3n de viviendas en sectores de la Capital &#13; &#13; La directora del INVI dijo que por instrucciones espec\u00edficas del presidente Fern\u00e1ndez reparar\u00e1n 640 viviendas cuyos techos y paredes resultaron da\u00f1ados a ra\u00edz de las fuertes lluvias y vientos del fen\u00f3meno atmosf\u00e9rico. &#13; SANTO DOMINGO.- El Gobierno\u00a0 a trav\u00e9s del Instituto Nacional de [&hellip;]<\/p>\n","protected":false},"author":3,"featured_media":0,"comment_status":"open","ping_status":"open","sticky":false,"template":"","format":"standard","meta":{"footnotes":""},"categories":[22],"tags":[],"class_list":["post-192039","post","type-post","status-publish","format-standard","hentry","category-politica"],"_links":{"self":[{"href":"https:\/\/diariodominicano.com\/index.php?rest_route=\/wp\/v2\/posts\/192039","targetHints":{"allow":["GET"]}}],"collection":[{"href":"https:\/\/diariodominicano.com\/index.php?rest_route=\/wp\/v2\/posts"}],"about":[{"href":"https:\/\/diariodominicano.com\/index.php?rest_route=\/wp\/v2\/types\/post"}],"author":[{"embeddable":true,"href":"https:\/\/diariodominicano.com\/index.php?rest_route=\/wp\/v2\/users\/3"}],"replies":[{"embeddable":true,"href":"https:\/\/diariodominicano.com\/index.php?rest_route=%2Fwp%2Fv2%2Fcomments&post=192039"}],"version-history":[{"count":0,"href":"https:\/\/diariodominicano.com\/index.php?rest_route=\/wp\/v2\/posts\/192039\/revisions"}],"wp:attachment":[{"href":"https:\/\/diariodominicano.com\/index.php?rest_route=%2Fwp%2Fv2%2Fmedia&parent=192039"}],"wp:term":[{"taxonomy":"category","embeddable":true,"href":"https:\/\/diariodominicano.com\/index.php?rest_route=%2Fwp%2Fv2%2Fcategories&post=192039"},{"taxonomy":"post_tag","embeddable":true,"href":"https:\/\/diariodominicano.com\/index.php?rest_route=%2Fwp%2Fv2%2Ftags&post=192039"}],"curies":[{"name":"wp","href":"https:\/\/api.w.org\/{rel}","templated":true}]}}