{"id":192038,"date":"2007-11-04T21:55:36","date_gmt":"2007-11-04T21:55:36","guid":{"rendered":"http:\/\/diariodominicano.ddns.net\/?p=192038"},"modified":"2007-11-04T21:55:36","modified_gmt":"2007-11-04T21:55:36","slug":"pide-unidad-de-todos-los-sectores-para-socorrer-a-damnificados","status":"publish","type":"post","link":"https:\/\/diariodominicano.com\/?p=192038","title":{"rendered":"Pide unidad de todos los sectores para socorrer a damnificados"},"content":{"rendered":"<p><body><\/p>\n<p class=\"titulogrande1\">Pide unidad de  todos los sectores para socorrer a damnificados<\/p>\n<p>&#13;<\/p>\n<p><strong>Pide sacrificio de funcionarios y legisladores\u00a0 para la causa<\/strong><\/p>\n<p>&#13;<\/p>\n<p align=\"justify\" class=\"text1noticias\"><strong>SANTO DOMINGO.-<\/strong> El empresario Frank Jorge El\u00edas  consider\u00f3 que la tragedia que afecta a los dominicanos es un motivo suficiente  para conciliar la unidad de todos los sectores por una causa justa y momento  para un poco de sacrificio a favor de los dem\u00e1s.<\/p>\n<p>&#13;<\/p>\n<p align=\"justify\" class=\"text1noticias\">El asesor de turismo del Poder Ejecutivo considera  todos los sectores pol\u00edticos, sobre todo los de oposici\u00f3n, deben dar un ejemplo  de desprendimiento y unir esfuerzos con el gobierno en este momento de  dificultad.<\/p>\n<p>&#13;<\/p>\n<p align=\"justify\" class=\"text1noticias\">Sostuvo de esa forma se puede contribuir a la  superaci\u00f3n de la grave situaci\u00f3n que afecta a miles de dominicanos, dejados en  la penuria por el paso de la tormenta Noel.<\/p>\n<p>&#13;<\/p>\n<p align=\"justify\" class=\"text1noticias\">Jorge El\u00edas hace un llamado a todas las personas  pudientes de la naci\u00f3n para que hagan sus aportes a trav\u00e9s de las Iglesias,  para de manera conjunta afrontar este desastre y dar un ejemplo de solidaridad  a favor de los miles de dominicanos afectados.<br \/>&#13;<br \/>\n  <br \/>&#13;<br \/>\n  Dijo que es tiempo de que los funcionarios, incluyendo  a los legisladores tambi\u00e9n se sacrifiquen y env\u00eden un mensaje positivo al mundo  aportado, al menos el 10 por ciento de sus salarios en los dos pr\u00f3ximos para  esta causa.<\/p>\n<p>&#13;<\/p>\n<p align=\"justify\" class=\"text1noticias\">Jorge El\u00edas considera que \u201ces tiempo de que como  dominicanos demos un ejemplo ante el mundo, sobre nuestra capacidad de  sacrificio y solidaridad a favor de los que nos necesitan\u201d.<\/p>\n<p>&#13;<\/p>\n<h6> 2007-11-04 21:55:36 <\/h6>\n<p><!--\n<link rel=\"stylesheet\" href=\"css\/bootstrap.min.css\">\n\n\n<ul class=\"pagination\">\n\t    \n\t\n\n<li >\n\t<a href='?page_no=34785'>Previous<\/a>\n\t<\/li>\n\n\n       \n    \n\n<li><a href='?page_no=1'>1<\/a><\/li>\n\n\n\n<li><a href='?page_no=2'>2<\/a><\/li>\n\n\n\n<li><a>...<\/a><\/li>\n\n\n\n<li><a href='?page_no=34784'>34784<\/a><\/li>\n\n\n\n<li><a href='?page_no=34785'>34785<\/a><\/li>\n\n\n\n<li class='active'><a>34786<\/a><\/li>\n\n\n\n<li><a href='?page_no=34787'>34787<\/a><\/li>\n\n\n\n<li><a href='?page_no=34788'>34788<\/a><\/li>\n\n\n\n<li><a>...<\/a><\/li>\n\n\n\n<li><a href='?page_no=36999'>36999<\/a><\/li>\n\n\n\n<li><a href='?page_no=37000'>37000<\/a><\/li>\n\n    \n\t\n\n<li >\n\t<a href='?page_no=34787'>Next<\/a>\n\t<\/li>\n\n\n    \n\n<li><a href='?page_no=37000'>Last &rsaquo;&rsaquo;<\/a><\/li>\n\n<\/ul>\n\n\n--><br \/>\n<\/body><\/p>\n","protected":false},"excerpt":{"rendered":"<p>Pide unidad de todos los sectores para socorrer a damnificados &#13; Pide sacrificio de funcionarios y legisladores\u00a0 para la causa &#13; SANTO DOMINGO.- El empresario Frank Jorge El\u00edas consider\u00f3 que la tragedia que afecta a los dominicanos es un motivo suficiente para conciliar la unidad de todos los sectores por una causa justa y momento [&hellip;]<\/p>\n","protected":false},"author":3,"featured_media":0,"comment_status":"open","ping_status":"open","sticky":false,"template":"","format":"standard","meta":{"footnotes":""},"categories":[22],"tags":[],"class_list":["post-192038","post","type-post","status-publish","format-standard","hentry","category-politica"],"_links":{"self":[{"href":"https:\/\/diariodominicano.com\/index.php?rest_route=\/wp\/v2\/posts\/192038","targetHints":{"allow":["GET"]}}],"collection":[{"href":"https:\/\/diariodominicano.com\/index.php?rest_route=\/wp\/v2\/posts"}],"about":[{"href":"https:\/\/diariodominicano.com\/index.php?rest_route=\/wp\/v2\/types\/post"}],"author":[{"embeddable":true,"href":"https:\/\/diariodominicano.com\/index.php?rest_route=\/wp\/v2\/users\/3"}],"replies":[{"embeddable":true,"href":"https:\/\/diariodominicano.com\/index.php?rest_route=%2Fwp%2Fv2%2Fcomments&post=192038"}],"version-history":[{"count":0,"href":"https:\/\/diariodominicano.com\/index.php?rest_route=\/wp\/v2\/posts\/192038\/revisions"}],"wp:attachment":[{"href":"https:\/\/diariodominicano.com\/index.php?rest_route=%2Fwp%2Fv2%2Fmedia&parent=192038"}],"wp:term":[{"taxonomy":"category","embeddable":true,"href":"https:\/\/diariodominicano.com\/index.php?rest_route=%2Fwp%2Fv2%2Fcategories&post=192038"},{"taxonomy":"post_tag","embeddable":true,"href":"https:\/\/diariodominicano.com\/index.php?rest_route=%2Fwp%2Fv2%2Ftags&post=192038"}],"curies":[{"name":"wp","href":"https:\/\/api.w.org\/{rel}","templated":true}]}}