{"id":192035,"date":"2007-11-04T23:55:32","date_gmt":"2007-11-04T23:55:32","guid":{"rendered":"http:\/\/diariodominicano.ddns.net\/?p=192035"},"modified":"2007-11-04T23:55:32","modified_gmt":"2007-11-04T23:55:32","slug":"vargas-maldonado-dice-el-momento-es-de-solidaridad","status":"publish","type":"post","link":"https:\/\/diariodominicano.com\/?p=192035","title":{"rendered":"Vargas Maldonado dice el momento es de solidaridad"},"content":{"rendered":"<p><body><\/p>\n<p class=\"titulogrande1\">Vargas  Maldonado dice el momento es de solidaridad<\/p>\n<p>&#13;<\/p>\n<p align=\"justify\" class=\"text1noticias\"><strong><img loading=\"lazy\" decoding=\"async\" src=\"http:\/\/localhost:8080\/pictures\/vargas maldonado en.jpg\" width=\"269\" height=\"715\" hspace=\"4\" align=\"left\" \/>SANTO  DOMINGO.-<\/strong> El candidato presidencial  del Partido Revolucionario\u00a0 Dominicano, Miguel Vargas Maldonado, considero  este domingo que\u00a0 despu\u00e9s de la tragedia dejada a su paso por la\u00a0tormenta Noel\u00a0 el \u00fanico espacio \u00a0v\u00e1lido en la sociedad dominicana  debe ser\u00a0 el de \u00a0la solidaridad humana, el sentimiento compartido del  dolor con las familias que han perdido sus seres queridos y aquellas  que han sufrido p\u00e9rdidas materiales.<br \/>&#13;<br \/>\n  <br \/>&#13;<br \/>\n  Al  \u00a0encabezar una misa en\u00a0 la  iglesia\u00a0 Las Mercedes en memoria a  los muertos durante la tormenta\u00a0 Noel, dijo que\u00a0 los  dominicanos debemos contribuir con acciones positivas para aliviar  la situaci\u00f3n dram\u00e1tica en que viven las familias afectadas por\u00a0 el  fen\u00f3meno natural.<br \/>&#13;<br \/>\n  <br \/>&#13;<br \/>\n  Refiri\u00f3  \u00a0que\u00a0 recorre\u00a0 los  refugios\u00a0 que\u00a0 fueron habilitados en diferentes provincias y  municipios del pa\u00eds con el prop\u00f3sito de entregar\u00a0 ropa, medicinas y  alimentos a las personas danificadas sin miramiento de car\u00e1cter partidaria.\u201d  por considerar que estos son momentos de unidad y solidaridad de la familia  dominicana\u201d<br \/>&#13;<br \/>\n  <br \/>&#13;<br \/>\n  Respondiendo  preguntas de los periodistas\u00a0 sobre\u00a0 la situaci\u00f3n del pa\u00eds el  \u00a0candidato presidencial del Partido Revolucionario Dominicano,\u00a0propuso aqu\u00ed un programa de siembra masiva de productos de ciclo corto  para enfrentar la escasez que \u00a0a su entender se producir\u00e1 como  consecuencia de las devastaciones provocadas por la tormenta Noel.<br \/>&#13;<br \/>\n  <br \/>&#13;<br \/>\n  Consider\u00f3  \u00a0que es urgente\u00a0 la siembra\u00a0  masiva de yuca,\u00a0 batata,\u00a0 papa, auyama, yaut\u00eda, \u00f1ame, tomate,  berenjena, pepino, lechuga, zanahoria, remolacha, apio, cebolla y verdura entre  otros, para abastecer el mercado\u00a0 en\u00a0 corto tiempo de estos  productos\u00a0 agr\u00edcolas\u00a0 de consumo\u00a0 masivo.<br \/>&#13;<br \/>\n  <br \/>&#13;<br \/>\n  Propuso\u00a0  la creaci\u00f3n de\u00a0 un\u00a0 fondo de emergencia para la recuperaci\u00f3n y  rehabilitaci\u00f3n de plantaciones de pl\u00e1tano y guineo en las zonas afectadas de  Barahona, Azua,\u00a0 Bahoruco, Peravia y la L\u00ednea Noroeste.<br \/>&#13;<br \/>\n  <br \/>&#13;<br \/>\n  Asimismo  dijo que dentro de r\u00e1pida recuperaci\u00f3n de la producci\u00f3n agr\u00edcola en los campos  dominicanos se debe distribuir semillas arroz para facilitar el inicio de un  programa de siembra temprana en aquellas zonas no afectadas por el agua.<br \/>&#13;<br \/>\n  <br \/>&#13;<br \/>\n  Manifest\u00f3  que se impone el pago inmediato de las indemnizaciones correspondientes a  los productores asegurados y acelerar\u00a0 los trabajos de drenaje\u00a0 que  aceleren la recuperaci\u00f3n de estos sectores.<br \/>&#13;<br \/>\n  <br \/>&#13;<br \/>\n  Consider\u00f3  que para ayudar\u00a0 a la recuperaci\u00f3n  del campo dominicano el Banco Agr\u00edcola debe reestructurar las deudas de los  productores agropecuarios afectados, reduciendo la tasa de inter\u00e9s del 18 al 10  por ciento, concedi\u00e9ndole una gracia de no menos de\u00a0 doce meses y\u00a0alargando los plazos para la amortizaci\u00f3n.<br \/>&#13;<br \/>\n  <br \/>&#13;<br \/>\nDurante  la misa el candidato presidencial perredeista estuvo acompa\u00f1ado por  Orlando Jorge Mera, Tomas Hern\u00e1ndez Alberto, Peggy\u00a0 Cabral, Carlos  Gabriel Garc\u00eda, Alfredo Pacheco\u00a0 y Julio Mari\u00f1ez, entre otros.<\/p>\n<p>&#13;<\/p>\n<h6> 2007-11-04 23:55:32 <\/h6>\n<p><!--\n<link rel=\"stylesheet\" href=\"css\/bootstrap.min.css\">\n\n\n<ul class=\"pagination\">\n\t    \n\t\n\n<li >\n\t<a href='?page_no=34782'>Previous<\/a>\n\t<\/li>\n\n\n       \n    \n\n<li><a href='?page_no=1'>1<\/a><\/li>\n\n\n\n<li><a href='?page_no=2'>2<\/a><\/li>\n\n\n\n<li><a>...<\/a><\/li>\n\n\n\n<li><a href='?page_no=34781'>34781<\/a><\/li>\n\n\n\n<li><a href='?page_no=34782'>34782<\/a><\/li>\n\n\n\n<li class='active'><a>34783<\/a><\/li>\n\n\n\n<li><a href='?page_no=34784'>34784<\/a><\/li>\n\n\n\n<li><a href='?page_no=34785'>34785<\/a><\/li>\n\n\n\n<li><a>...<\/a><\/li>\n\n\n\n<li><a href='?page_no=36999'>36999<\/a><\/li>\n\n\n\n<li><a href='?page_no=37000'>37000<\/a><\/li>\n\n    \n\t\n\n<li >\n\t<a href='?page_no=34784'>Next<\/a>\n\t<\/li>\n\n\n    \n\n<li><a href='?page_no=37000'>Last &rsaquo;&rsaquo;<\/a><\/li>\n\n<\/ul>\n\n\n--><br \/>\n<\/body><\/p>\n","protected":false},"excerpt":{"rendered":"<p>Vargas Maldonado dice el momento es de solidaridad &#13; SANTO DOMINGO.- El candidato presidencial del Partido Revolucionario\u00a0 Dominicano, Miguel Vargas Maldonado, considero este domingo que\u00a0 despu\u00e9s de la tragedia dejada a su paso por la\u00a0tormenta Noel\u00a0 el \u00fanico espacio \u00a0v\u00e1lido en la sociedad dominicana debe ser\u00a0 el de \u00a0la solidaridad humana, el sentimiento compartido del [&hellip;]<\/p>\n","protected":false},"author":3,"featured_media":0,"comment_status":"open","ping_status":"open","sticky":false,"template":"","format":"standard","meta":{"footnotes":""},"categories":[22],"tags":[],"class_list":["post-192035","post","type-post","status-publish","format-standard","hentry","category-politica"],"_links":{"self":[{"href":"https:\/\/diariodominicano.com\/index.php?rest_route=\/wp\/v2\/posts\/192035","targetHints":{"allow":["GET"]}}],"collection":[{"href":"https:\/\/diariodominicano.com\/index.php?rest_route=\/wp\/v2\/posts"}],"about":[{"href":"https:\/\/diariodominicano.com\/index.php?rest_route=\/wp\/v2\/types\/post"}],"author":[{"embeddable":true,"href":"https:\/\/diariodominicano.com\/index.php?rest_route=\/wp\/v2\/users\/3"}],"replies":[{"embeddable":true,"href":"https:\/\/diariodominicano.com\/index.php?rest_route=%2Fwp%2Fv2%2Fcomments&post=192035"}],"version-history":[{"count":0,"href":"https:\/\/diariodominicano.com\/index.php?rest_route=\/wp\/v2\/posts\/192035\/revisions"}],"wp:attachment":[{"href":"https:\/\/diariodominicano.com\/index.php?rest_route=%2Fwp%2Fv2%2Fmedia&parent=192035"}],"wp:term":[{"taxonomy":"category","embeddable":true,"href":"https:\/\/diariodominicano.com\/index.php?rest_route=%2Fwp%2Fv2%2Fcategories&post=192035"},{"taxonomy":"post_tag","embeddable":true,"href":"https:\/\/diariodominicano.com\/index.php?rest_route=%2Fwp%2Fv2%2Ftags&post=192035"}],"curies":[{"name":"wp","href":"https:\/\/api.w.org\/{rel}","templated":true}]}}