{"id":192034,"date":"2007-11-05T00:02:36","date_gmt":"2007-11-05T00:02:36","guid":{"rendered":"http:\/\/diariodominicano.ddns.net\/?p=192034"},"modified":"2007-11-05T00:02:36","modified_gmt":"2007-11-05T00:02:36","slug":"amable-dice-quiere-pueblo-elija-un-presidente-humanista","status":"publish","type":"post","link":"https:\/\/diariodominicano.com\/?p=192034","title":{"rendered":"Amable dice quiere pueblo elija un presidente humanista"},"content":{"rendered":"<p><body><\/p>\n<p class=\"titulogrande1\"><strong>Amable dice quiere pueblo elija un presidente humanista<\/strong><\/p>\n<p>&#13;<\/p>\n<p align=\"justify\" class=\"text1noticias\"><strong><img loading=\"lazy\" decoding=\"async\" src=\"http:\/\/localhost:8080\/pictures\/amable ayuda.jpg\" width=\"269\" height=\"360\" hspace=\"4\" align=\"left\" \/>BANI.-<\/strong> El candidato presidencial del Partido Reformista  Social Cristiano (PRSC) considera \u00a0que la  mejor soluci\u00f3n para enfrentar y reducir la pobreza y la indigencia en Rep\u00fablica  Dominicana es \u201ccerrar la etapa del presidente Leonel Fern\u00e1ndez\u201d en las  elecciones del pr\u00f3ximo a\u00f1o y dar paso al \u201cGobierno de los pobres\u201d que  encabezar\u00eda a partir del 16 de agosto.<\/p>\n<p>&#13;<\/p>\n<p align=\"justify\" class=\"text1noticias\">Amable Aristy opin\u00f3 \u00a0que las administraciones del presidente  Fern\u00e1ndez han sido un fracaso en la lucha contra la pobreza, incrementado a  niveles alarmantes el desempleo y el d\u00e9ficit habitacional, adem\u00e1s del deterioro  significativo de la calidad de vida de los dominicanos.<\/p>\n<p>&#13;<\/p>\n<p align=\"justify\" class=\"text1noticias\">Dijo \u00a0en los  gobiernos del presidente Fern\u00e1ndez y el PLD se han duplicado la cantidad de  pobres e indigentes, porque estos solo se preocupan por gobernar para un  grupito reducido mientras la mayor\u00eda del pueblo se muere de hambre y miseria.<\/p>\n<p>&#13;<\/p>\n<p align=\"justify\" class=\"text1noticias\">A su juicio, \u00a0la  administraci\u00f3n pelede\u00edsta carece de sensibilidad social y humana, lo que a su  juicio, constituyen las principales razones por las que millones de dominicanos  vivan en condiciones infrahumanas en casas de hojalatas y piso de tierra, \u201cla  mayor\u00eda desafiando el peligro a las orillas de r\u00edos, arroyos y ca\u00f1adas como qued\u00f3  evidenciado en la tragedia provocada por la tormenta Noel\u201d.<\/p>\n<p>&#13;<\/p>\n<p align=\"justify\" class=\"text1noticias\">\u201cHay millones de dominicanos que son damnificados  permanentes fruto del abandono y el descuido a que los han condenado las  administraciones pelede\u00edsta y perrede\u00edsta\u201d, manifest\u00f3.<\/p>\n<p>&#13;<\/p>\n<p align=\"justify\" class=\"text1noticias\">El candidato presidencial reformista insisti\u00f3 que la  mejor soluci\u00f3n para resolver estos graves problemas que afectan a la mayor\u00eda de  la poblaci\u00f3n y que se han incrementado en los dos \u00faltimos gobiernos es \u201ccerrando  la etapa de Leonel\u201d en las elecciones de mayo venidero.<\/p>\n<p>&#13;<\/p>\n<p align=\"justify\" class=\"text1noticias\">\u201cVamos a cerrar esta etapa del pelede\u00edsmo para llevar  al gobierno a un partido humanista, que piensa y trabaja por el pr\u00f3jimo,  especialmente por los pobres, como es el Partido Reformista\u201d, agreg\u00f3.<\/p>\n<p>&#13;<\/p>\n<p align=\"justify\" class=\"text1noticias\">Amable Aristy habl\u00f3 en estos t\u00e9rminos durante un recorrido  por las comunidades de Santana, Sombrero, Nizao y Ban\u00ed, en la provincia  Peravia. Tambi\u00e9n visit\u00f3 Las Yayas, Peralta, Azua, Cabral y Barahona, donde  distribuy\u00f3 estufas, tanques de gas, comida, medicina, frazadas, colchones, \u00fatiles  escolares y dinero en efectivo a familias necesitadas.<\/p>\n<p>&#13;<\/p>\n<p align=\"justify\" class=\"text1noticias\">Destac\u00f3 que el pueblo a\u00f1ora los gobiernos reformistas  porque se viv\u00eda mejor y se levantaban proyectos habitacionales para las  familias pobres y se constru\u00edan cantidades de escuelas, polit\u00e9cnicos,  hospitales, presas, acueductos, carreteras y caminos vecinales.<\/p>\n<p>&#13;<\/p>\n<p align=\"justify\" class=\"text1noticias\">\u201cY la gente viv\u00eda tranquila y sin miedo, porque no  hab\u00eda la explosiva delincuencia y criminalidad que afecta hoy a Rep\u00fablica Dominicana,  donde las personas no se sienten seguras ni en sus propias casas, a\u00fan teniendo  m\u00e1s rejas que una prisi\u00f3n\u201d, destac\u00f3.<br \/>&#13;<br \/>\n  \u00a0<br \/>&#13;<br \/>\n  Dijo que en el pa\u00eds hay ocho millones de pobres y que  la pobreza no solo se limita a la indigencia y la carencia de servicios, \u201csino  que hay muchos tipos de pobres, por un lado los indigentes y profesionales sin  trabajo que no pueden pagar luz, tel\u00e9fono, vivienda y los estudios de sus  hijos\u201d.<\/p>\n<p>&#13;<\/p>\n<p align=\"justify\" class=\"text1noticias\">\u201cTambi\u00e9n hay muchos pobres peque\u00f1os comerciantes  quebrados por la voracidad fiscal del gobierno y la falta de financiamiento, ch\u00f3feres  quebrados por el alto costo de los combustibles y empleados p\u00fablicos, que ganan  sueldos de miseria\u201d, agreg\u00f3.<\/p>\n<p>&#13;<\/p>\n<p align=\"justify\" class=\"text1noticias\">Amable Aristy dijo que en la actualidad trabaja a  favor de los damnificados de la tormenta tropical, pero que a partir del 16 de  agosto cuando se instale el \u201cGobierno de los pobres\u201d trabajar\u00e1 para resolver  los graves problemas que padecen los damnificados permanentes.<\/p>\n<p>&#13;<\/p>\n<h6> 2007-11-05 00:02:36 <\/h6>\n<p><!--\n<link rel=\"stylesheet\" href=\"css\/bootstrap.min.css\">\n\n\n<ul class=\"pagination\">\n\t    \n\t\n\n<li >\n\t<a href='?page_no=34781'>Previous<\/a>\n\t<\/li>\n\n\n       \n    \n\n<li><a href='?page_no=1'>1<\/a><\/li>\n\n\n\n<li><a href='?page_no=2'>2<\/a><\/li>\n\n\n\n<li><a>...<\/a><\/li>\n\n\n\n<li><a href='?page_no=34780'>34780<\/a><\/li>\n\n\n\n<li><a href='?page_no=34781'>34781<\/a><\/li>\n\n\n\n<li class='active'><a>34782<\/a><\/li>\n\n\n\n<li><a href='?page_no=34783'>34783<\/a><\/li>\n\n\n\n<li><a href='?page_no=34784'>34784<\/a><\/li>\n\n\n\n<li><a>...<\/a><\/li>\n\n\n\n<li><a href='?page_no=36999'>36999<\/a><\/li>\n\n\n\n<li><a href='?page_no=37000'>37000<\/a><\/li>\n\n    \n\t\n\n<li >\n\t<a href='?page_no=34783'>Next<\/a>\n\t<\/li>\n\n\n    \n\n<li><a href='?page_no=37000'>Last &rsaquo;&rsaquo;<\/a><\/li>\n\n<\/ul>\n\n\n--><br \/>\n<\/body><\/p>\n","protected":false},"excerpt":{"rendered":"<p>Amable dice quiere pueblo elija un presidente humanista &#13; BANI.- El candidato presidencial del Partido Reformista Social Cristiano (PRSC) considera \u00a0que la mejor soluci\u00f3n para enfrentar y reducir la pobreza y la indigencia en Rep\u00fablica Dominicana es \u201ccerrar la etapa del presidente Leonel Fern\u00e1ndez\u201d en las elecciones del pr\u00f3ximo a\u00f1o y dar paso al \u201cGobierno [&hellip;]<\/p>\n","protected":false},"author":3,"featured_media":0,"comment_status":"open","ping_status":"open","sticky":false,"template":"","format":"standard","meta":{"footnotes":""},"categories":[22],"tags":[],"class_list":["post-192034","post","type-post","status-publish","format-standard","hentry","category-politica"],"_links":{"self":[{"href":"https:\/\/diariodominicano.com\/index.php?rest_route=\/wp\/v2\/posts\/192034","targetHints":{"allow":["GET"]}}],"collection":[{"href":"https:\/\/diariodominicano.com\/index.php?rest_route=\/wp\/v2\/posts"}],"about":[{"href":"https:\/\/diariodominicano.com\/index.php?rest_route=\/wp\/v2\/types\/post"}],"author":[{"embeddable":true,"href":"https:\/\/diariodominicano.com\/index.php?rest_route=\/wp\/v2\/users\/3"}],"replies":[{"embeddable":true,"href":"https:\/\/diariodominicano.com\/index.php?rest_route=%2Fwp%2Fv2%2Fcomments&post=192034"}],"version-history":[{"count":0,"href":"https:\/\/diariodominicano.com\/index.php?rest_route=\/wp\/v2\/posts\/192034\/revisions"}],"wp:attachment":[{"href":"https:\/\/diariodominicano.com\/index.php?rest_route=%2Fwp%2Fv2%2Fmedia&parent=192034"}],"wp:term":[{"taxonomy":"category","embeddable":true,"href":"https:\/\/diariodominicano.com\/index.php?rest_route=%2Fwp%2Fv2%2Fcategories&post=192034"},{"taxonomy":"post_tag","embeddable":true,"href":"https:\/\/diariodominicano.com\/index.php?rest_route=%2Fwp%2Fv2%2Ftags&post=192034"}],"curies":[{"name":"wp","href":"https:\/\/api.w.org\/{rel}","templated":true}]}}