{"id":192032,"date":"2007-11-05T15:27:32","date_gmt":"2007-11-05T15:27:32","guid":{"rendered":"http:\/\/diariodominicano.ddns.net\/?p=192032"},"modified":"2007-11-05T15:27:32","modified_gmt":"2007-11-05T15:27:32","slug":"al-recibir-el-titulo-de-doctor-honoris-causa-de-la-uasd-evo-morales-llama-a-la-unidad-a-favor-de-la-paz","status":"publish","type":"post","link":"https:\/\/diariodominicano.com\/?p=192032","title":{"rendered":"Al recibir el  t\u00edtulo de Doctor Honoris Causa de la UASD Evo Morales llama a la unidad a favor de la paz"},"content":{"rendered":"<p><body><\/p>\n<p align=\"justify\" class=\"titulogrande1\">Al recibir el\u00a0 t\u00edtulo de Doctor  Honoris Causa de la UASD Evo  Morales llama a la unidad\u00a0 a favor de la  paz<\/p>\n<p>&#13;<\/p>\n<p align=\"justify\" class=\"text1noticias\">Abog\u00f3 por las transformaciones sociales  en la regi\u00f3n para poder cambiar el sistema capitalista que -seg\u00fan \u00e9l- oprime a  los pueblos.<\/p>\n<p>&#13;<\/p>\n<p align=\"justify\" class=\"text1noticias\"><strong><img loading=\"lazy\" decoding=\"async\" src=\"http:\/\/localhost:8080\/pictures\/evo en uasd.jpg\" width=\"269\" height=\"590\" hspace=\"4\" align=\"left\" \/>SANTO DOMINGO.- <\/strong>El presidente de Bolivia,  Evo Morales, llam\u00f3 a\u00a0 los pueblos de  Am\u00e9rica Latina y el mundo a unirse para construir un movimiento fuerte a favor  de la paz y la autodeterminaci\u00f3n.<\/p>\n<p>&#13;<\/p>\n<p align=\"justify\" class=\"text1noticias\">Abog\u00f3 por las transformaciones sociales  en la regi\u00f3n para poder cambiar el sistema capitalista que -seg\u00fan \u00e9l- oprime a  los pueblos.<\/p>\n<p>&#13;<\/p>\n<p align=\"justify\" class=\"text1noticias\">La m\u00e1s alta figura del gobierno boliviano  hizo sus se\u00f1alamientos al decir el discurso de agradecimiento en su investidura  anoche\u00a0 como \u201cDoctor Honoris Causa\u201d en las humanidades por la Universidad Aut\u00f3noma  de Santo Domingo, la m\u00e1s antigua casa de altos estudios de Am\u00e9rica.<\/p>\n<p>&#13;<\/p>\n<p align=\"justify\" class=\"text1noticias\">La distinci\u00f3n es en reconocimiento a su liderazgo  como representante de la raza ind\u00edgena que sirve de ejemplo a \u00a0la democracia, basada en la paz y el di\u00e1logo.<\/p>\n<p>&#13;<\/p>\n<p align=\"justify\" class=\"text1noticias\">La resoluci\u00f3n fue aprobada por el Consejo  Universitario de la UASD  con el n\u00famero 2007-200, siendo refrendada por el Claustro Menor de la academia,  celebrado el pasado domingo 28 de octubre.<\/p>\n<p>&#13;<\/p>\n<p align=\"justify\" class=\"text1noticias\">El acto de investidura del primer mandatario  boliviano se llev\u00f3 a cabo en el Aula Magna, presidido por el rector Roberto  Reyna, los vicerrectores, decanos y representantes profesorales, estudiantiles  y administrativos.<\/p>\n<p>&#13;<\/p>\n<p align=\"justify\" class=\"text1noticias\">Asimismo, asistieron funcionarios del gobierno  y representantes de diversas organizaciones pol\u00edticas de izquierda,  profesionales y gremiales. <br \/>&#13;<br \/>\n  <br \/>&#13;<br \/>\n  Al pronunciar el discurso central, Reyna expres\u00f3 su  alegr\u00eda por entregar el reconocimiento en nombre de la academia.<br \/>&#13;<br \/>\n  <br \/>&#13;<br \/>\n  Reyna defini\u00f3 al presidente suramericano como un digno  representante de las clases excluidas.<br \/>&#13;<br \/>\n  <br \/>&#13;<br \/>\n\u201cLa Universidad hoy se siente feliz y realizada en el cumplimiento de su misi\u00f3n al  honrar a este hijo de nuestra Am\u00e9rica, quien -por sus propios brazos y  conciencia- orienta la conducci\u00f3n de su pueblo por el sendero de los valores  que le hacen grande\u201d, dijo el rector.<\/p>\n<p>&#13;<\/p>\n<p align=\"justify\" class=\"text1noticias\">Afirm\u00f3 que, al rendir tributo de  reconocimiento al presidente Morales, la universidad cumple su deber de  afianzar las ideas progresistas en el pa\u00eds, en el continente y el mundo.<\/p>\n<p>&#13;<\/p>\n<p align=\"justify\" class=\"text1noticias\">Agreg\u00f3 que a Evo Morales se le percibe  como el mejor ejemplo de que la expresi\u00f3n ind\u00edgena y negra hoy se levanta  construyendo la paz, el progreso y la libertad.<\/p>\n<p>&#13;<\/p>\n<p align=\"justify\" class=\"text1noticias\">Antes de entrar en la profundidad de su  exposici\u00f3n, el licenciado Reyna pidi\u00f3 un minuto de silencio por las v\u00edctimas  ocasionadas en el pa\u00eds por el paso de la tormenta Noel\u00a0 la semana pasada.<\/p>\n<p>&#13;<\/p>\n<p align=\"justify\" class=\"text1noticias\">Adem\u00e1s del presidente boliviano y del  licenciado Reyna, en el acto tambi\u00e9n habl\u00f3 el decano de la Facultad de Humanidades  de la UASD,  maestro Guillermo D\u00edaz, \u00a0quien fue el  encargado de describir la vida del homenajeado.<\/p>\n<p>&#13;<\/p>\n<p align=\"justify\" class=\"text1noticias\">Previo al acto de investidura, el licenciado  Reyna acompa\u00f1\u00f3 al presidente boliviano en un recorrido por la Biblioteca Central  \u201cPedro Mir\u201d y el edificio de la   Rector\u00eda,<\/p>\n<p>&#13;<\/p>\n<p align=\"justify\" class=\"text1noticias\">En ese \u00faltimo lugar, el primer  mandatario firm\u00f3 el libro de visitante distinguido y salud\u00f3 a los miembros del  Consejo Universitario.<br \/>&#13;<br \/>\n  <br \/>&#13;<br \/>\n  El presidente de Bolivia, cuyo nombre completo es Juan Evo Morales Ayma, naci\u00f3 en Isallavi, comunidad de ese pa\u00eds, el 26 de  octubre de 1959.<br \/>&#13;<br \/>\n  <br \/>&#13;<br \/>\n  De origen \u201caymara\u201d, Morales es un pol\u00edtico, activista y dirigente sindical boliviano,  asumiendo el cargo de Presidente de Bolivia el 22 de enero de 2006 y lo ejerce  hasta la actualidad. <br \/>&#13;<br \/>\n  <br \/>&#13;<br \/>\n  Es el primer mandatario de origen ind\u00edgena en la historia  de Bolivia que tiene como portaestandarte la promoci\u00f3n de la paz, con lo cual  pretende realizar cambios radicales, en las estructuras de variados \u00e1mbitos  nacionales, nunca antes pretendidos en beneficio del pueblo, trasform\u00e1ndose en  el m\u00e1s conocido presidente boliviano de la historia reciente.<br \/>&#13;<br \/>\n  <br \/>&#13;<br \/>\n  Destacado en la lucha por los derechos de los campesinos,  mineros, obreros e ind\u00edgenas, es el fundador y m\u00e1ximo dirigente del Movimiento al Socialismo (MAS) &#8211;  IPSP Instrumento Pol\u00edtico por la   Soberan\u00eda de los Pueblos.<br \/>&#13;<br \/>\n  <br \/>&#13;<br \/>\n  Este lider\u00f3 gran parte de las protestas sociales  ocurridas en Bolivia en los primeros a\u00f1os del siglo XXI, reclamando principalmente la recuperaci\u00f3n de  la propiedad estatal plena sobre el gas y otros hidrocarburos,  dados en concesi\u00f3n a empresas transnacionales durante el gobierno de Gonzalo S\u00e1nchez de Lozada, (1993 a 1997). <br \/>&#13;<br \/>\n  <br \/>&#13;<br \/>\n  En las elecciones  presidenciales que se celebraron en diciembre de 2005, Evo Morales  obtuvo casi el 54 por ciento de los votos, lo que le permiti\u00f3 acceder a la  presidencia de la Rep\u00fablica  de su pa\u00eds. <\/p>\n<p>&#13;<\/p>\n<h6> 2007-11-05 15:27:32 <\/h6>\n<p><!--\n<link rel=\"stylesheet\" href=\"css\/bootstrap.min.css\">\n\n\n<ul class=\"pagination\">\n\t    \n\t\n\n<li >\n\t<a href='?page_no=34779'>Previous<\/a>\n\t<\/li>\n\n\n       \n    \n\n<li><a href='?page_no=1'>1<\/a><\/li>\n\n\n\n<li><a href='?page_no=2'>2<\/a><\/li>\n\n\n\n<li><a>...<\/a><\/li>\n\n\n\n<li><a href='?page_no=34778'>34778<\/a><\/li>\n\n\n\n<li><a href='?page_no=34779'>34779<\/a><\/li>\n\n\n\n<li class='active'><a>34780<\/a><\/li>\n\n\n\n<li><a href='?page_no=34781'>34781<\/a><\/li>\n\n\n\n<li><a href='?page_no=34782'>34782<\/a><\/li>\n\n\n\n<li><a>...<\/a><\/li>\n\n\n\n<li><a href='?page_no=36999'>36999<\/a><\/li>\n\n\n\n<li><a href='?page_no=37000'>37000<\/a><\/li>\n\n    \n\t\n\n<li >\n\t<a href='?page_no=34781'>Next<\/a>\n\t<\/li>\n\n\n    \n\n<li><a href='?page_no=37000'>Last &rsaquo;&rsaquo;<\/a><\/li>\n\n<\/ul>\n\n\n--><br \/>\n<\/body><\/p>\n","protected":false},"excerpt":{"rendered":"<p>Al recibir el\u00a0 t\u00edtulo de Doctor Honoris Causa de la UASD Evo Morales llama a la unidad\u00a0 a favor de la paz &#13; Abog\u00f3 por las transformaciones sociales en la regi\u00f3n para poder cambiar el sistema capitalista que -seg\u00fan \u00e9l- oprime a los pueblos. &#13; SANTO DOMINGO.- El presidente de Bolivia, Evo Morales, llam\u00f3 a\u00a0 [&hellip;]<\/p>\n","protected":false},"author":3,"featured_media":0,"comment_status":"open","ping_status":"open","sticky":false,"template":"","format":"standard","meta":{"footnotes":""},"categories":[22],"tags":[],"class_list":["post-192032","post","type-post","status-publish","format-standard","hentry","category-politica"],"_links":{"self":[{"href":"https:\/\/diariodominicano.com\/index.php?rest_route=\/wp\/v2\/posts\/192032","targetHints":{"allow":["GET"]}}],"collection":[{"href":"https:\/\/diariodominicano.com\/index.php?rest_route=\/wp\/v2\/posts"}],"about":[{"href":"https:\/\/diariodominicano.com\/index.php?rest_route=\/wp\/v2\/types\/post"}],"author":[{"embeddable":true,"href":"https:\/\/diariodominicano.com\/index.php?rest_route=\/wp\/v2\/users\/3"}],"replies":[{"embeddable":true,"href":"https:\/\/diariodominicano.com\/index.php?rest_route=%2Fwp%2Fv2%2Fcomments&post=192032"}],"version-history":[{"count":0,"href":"https:\/\/diariodominicano.com\/index.php?rest_route=\/wp\/v2\/posts\/192032\/revisions"}],"wp:attachment":[{"href":"https:\/\/diariodominicano.com\/index.php?rest_route=%2Fwp%2Fv2%2Fmedia&parent=192032"}],"wp:term":[{"taxonomy":"category","embeddable":true,"href":"https:\/\/diariodominicano.com\/index.php?rest_route=%2Fwp%2Fv2%2Fcategories&post=192032"},{"taxonomy":"post_tag","embeddable":true,"href":"https:\/\/diariodominicano.com\/index.php?rest_route=%2Fwp%2Fv2%2Ftags&post=192032"}],"curies":[{"name":"wp","href":"https:\/\/api.w.org\/{rel}","templated":true}]}}