{"id":192031,"date":"2007-11-05T15:35:11","date_gmt":"2007-11-05T15:35:11","guid":{"rendered":"http:\/\/diariodominicano.ddns.net\/?p=192031"},"modified":"2007-11-05T15:35:11","modified_gmt":"2007-11-05T15:35:11","slug":"peledeistas-trabajan-en-labores-de-auxilio","status":"publish","type":"post","link":"https:\/\/diariodominicano.com\/?p=192031","title":{"rendered":"Peledeistas trabajan en labores de auxilio"},"content":{"rendered":"<p><body><\/p>\n<p class=\"titulogrande1\">Peledeistas trabajan en labores de auxilio<\/p>\n<p>&#13;<\/p>\n<p align=\"justify\" class=\"text1noticias\"><strong><img loading=\"lazy\" decoding=\"async\" src=\"http:\/\/localhost:8080\/pictures\/leonel en misa.jpg\" width=\"269\" height=\"730\" hspace=\"4\" align=\"left\" \/>SANTO DOMINGO.- Reinaldo Pared P\u00e9rez<\/strong>, Secretario General del\u00a0 Partido de la Liberaci\u00f3n Dominicana,  reiter\u00f3 que esa organizaci\u00f3n tiene, en estos momentos de  dificultades,\u00a0 a sus dirigentes y militantes trabajando en las labores de  auxilio y asistencia a las poblaciones afectadas por el paso de la tormenta  Noel. <\/p>\n<p>&#13;<\/p>\n<p align=\"justify\" class=\"text1noticias\">La declaraci\u00f3n del tambi\u00e9n presidente del Senado  de la Rep\u00fablica  se produjeron al salir la solemne misa efectuada este domingo en la Catedral Primera  de Am\u00e9rica a intenci\u00f3n de los fallecidos, desaparecidos y damnificados a ra\u00edz  del paso por el pa\u00eds del fen\u00f3meno meteorol\u00f3gico. <\/p>\n<p>&#13;<\/p>\n<p align=\"justify\" class=\"text1noticias\">Record\u00f3 Pared P\u00e9rez que la \u00a0semana que  concluy\u00f3 \u00a0la organizaci\u00f3n pol\u00edtica \u00a0decret\u00f3 un cese en las labores  proselitistas y se orden\u00f3 a los equipos de campa\u00f1a constituidos en todo el  pa\u00eds, ponerse a disposici\u00f3n de las autoridades para las labores de  auxilio y de colaboraci\u00f3n con la ciudadan\u00eda. <\/p>\n<p>&#13;<\/p>\n<p align=\"justify\" class=\"text1noticias\">Detall\u00f3 que los cuadros pol\u00edticos de la  organizaci\u00f3n est\u00e1n trabajando d\u00eda y noche al servicio de los centros de  operaciones de emergencia en todo el territorio nacional. <\/p>\n<p>&#13;<\/p>\n<p align=\"justify\" class=\"text1noticias\">\u00abLos reportes recibidos de todo el pa\u00eds nos  hablan de una activa participaci\u00f3n de los compa\u00f1eros y compa\u00f1eras del partido  junto a los compa\u00f1eros legisladores, s\u00edndicos y autoridades nacionales quienes  coordinan los planes de asistencia a los afectados\u00bb respondi\u00f3 Pared P\u00e9rez  a lo periodistas que le abordaron. <\/p>\n<p>&#13;<\/p>\n<p align=\"justify\" class=\"text1noticias\">Considera como una acci\u00f3n prioritaria, \u00a0la  recuperaci\u00f3n del pa\u00eds a la que se deben de sumar todos los sectores nacionales. <\/p>\n<p>&#13;<\/p>\n<p align=\"justify\" class=\"text1noticias\"> Pared Perez se manifest\u00f3 confiado en que el  menor tiempo posible los da\u00f1os materiales ser\u00e1n resarcidos, aunque lament\u00f3  profundamente el n\u00famero de victimas reportados por los organismos de socorro. <\/p>\n<p>&#13;<\/p>\n<p align=\"justify\" class=\"text1noticias\">\u00abReiteramos:  en el PLD se ha decretado la suspensi\u00f3n de las actividades proselitistas y se  ha dispuesto que la dirigencia y militancia se ponga a las ordenes de las  autoridades para auxiliar a las familias que lo necesiten\u00bb respondi\u00f3. <\/p>\n<p>&#13;<\/p>\n<p align=\"justify\" class=\"text1noticias\">La misa en la Catedral fue oficiada por  el Cardenal Nicol\u00e1s de Jes\u00fas Lopez Rodr\u00edguez, actuando como obispo  concelebrante Monse\u00f1or Jos\u00e9 Dolores Grull\u00f3n, Obispo de San Juan y los  sacerdotes de la catedral. <\/p>\n<p>&#13;<\/p>\n<p align=\"justify\" class=\"text1noticias\">La ceremonia religiosa se hizo a intenci\u00f3n del  Presidente de la Republica,  Doctor Leonel Fern\u00e1ndez quien asisti\u00f3 en compa\u00f1\u00eda de la primera Dama, Doctora  Margarita Cede\u00f1o de Fern\u00e1ndez, del vicepresidente Doctor Rafael Alburquerque y  se\u00f1ora Martha Montes de Oca de Alburquerque. <\/p>\n<p>&#13;<\/p>\n<p align=\"justify\" class=\"text1noticias\">Reinaldo Pared Pared P\u00e9rez  en su rol del  presidente del Senado represent\u00f3 ese poder del Estado en la ceremonia, as\u00ed como  tambi\u00e9n el Presidente de la   Suprema Corte de Justicia lo hizo a nombre del poder Judicial  y el Magistrado Julio Cesar Casta\u00f1os Guzm\u00e1n, presidente de la Junta Central  Electoral a nombre del organismo de comicios. <\/p>\n<p>&#13;<\/p>\n<h6> 2007-11-05 15:35:11 <\/h6>\n<p><!--\n<link rel=\"stylesheet\" href=\"css\/bootstrap.min.css\">\n\n\n<ul class=\"pagination\">\n\t    \n\t\n\n<li >\n\t<a href='?page_no=34778'>Previous<\/a>\n\t<\/li>\n\n\n       \n    \n\n<li><a href='?page_no=1'>1<\/a><\/li>\n\n\n\n<li><a href='?page_no=2'>2<\/a><\/li>\n\n\n\n<li><a>...<\/a><\/li>\n\n\n\n<li><a href='?page_no=34777'>34777<\/a><\/li>\n\n\n\n<li><a href='?page_no=34778'>34778<\/a><\/li>\n\n\n\n<li class='active'><a>34779<\/a><\/li>\n\n\n\n<li><a href='?page_no=34780'>34780<\/a><\/li>\n\n\n\n<li><a href='?page_no=34781'>34781<\/a><\/li>\n\n\n\n<li><a>...<\/a><\/li>\n\n\n\n<li><a href='?page_no=36999'>36999<\/a><\/li>\n\n\n\n<li><a href='?page_no=37000'>37000<\/a><\/li>\n\n    \n\t\n\n<li >\n\t<a href='?page_no=34780'>Next<\/a>\n\t<\/li>\n\n\n    \n\n<li><a href='?page_no=37000'>Last &rsaquo;&rsaquo;<\/a><\/li>\n\n<\/ul>\n\n\n--><br \/>\n<\/body><\/p>\n","protected":false},"excerpt":{"rendered":"<p>Peledeistas trabajan en labores de auxilio &#13; SANTO DOMINGO.- Reinaldo Pared P\u00e9rez, Secretario General del\u00a0 Partido de la Liberaci\u00f3n Dominicana, reiter\u00f3 que esa organizaci\u00f3n tiene, en estos momentos de dificultades,\u00a0 a sus dirigentes y militantes trabajando en las labores de auxilio y asistencia a las poblaciones afectadas por el paso de la tormenta Noel. &#13; [&hellip;]<\/p>\n","protected":false},"author":3,"featured_media":0,"comment_status":"open","ping_status":"open","sticky":false,"template":"","format":"standard","meta":{"footnotes":""},"categories":[22],"tags":[],"class_list":["post-192031","post","type-post","status-publish","format-standard","hentry","category-politica"],"_links":{"self":[{"href":"https:\/\/diariodominicano.com\/index.php?rest_route=\/wp\/v2\/posts\/192031","targetHints":{"allow":["GET"]}}],"collection":[{"href":"https:\/\/diariodominicano.com\/index.php?rest_route=\/wp\/v2\/posts"}],"about":[{"href":"https:\/\/diariodominicano.com\/index.php?rest_route=\/wp\/v2\/types\/post"}],"author":[{"embeddable":true,"href":"https:\/\/diariodominicano.com\/index.php?rest_route=\/wp\/v2\/users\/3"}],"replies":[{"embeddable":true,"href":"https:\/\/diariodominicano.com\/index.php?rest_route=%2Fwp%2Fv2%2Fcomments&post=192031"}],"version-history":[{"count":0,"href":"https:\/\/diariodominicano.com\/index.php?rest_route=\/wp\/v2\/posts\/192031\/revisions"}],"wp:attachment":[{"href":"https:\/\/diariodominicano.com\/index.php?rest_route=%2Fwp%2Fv2%2Fmedia&parent=192031"}],"wp:term":[{"taxonomy":"category","embeddable":true,"href":"https:\/\/diariodominicano.com\/index.php?rest_route=%2Fwp%2Fv2%2Fcategories&post=192031"},{"taxonomy":"post_tag","embeddable":true,"href":"https:\/\/diariodominicano.com\/index.php?rest_route=%2Fwp%2Fv2%2Ftags&post=192031"}],"curies":[{"name":"wp","href":"https:\/\/api.w.org\/{rel}","templated":true}]}}