{"id":192026,"date":"2007-11-06T23:20:49","date_gmt":"2007-11-06T23:20:49","guid":{"rendered":"http:\/\/diariodominicano.ddns.net\/?p=192026"},"modified":"2007-11-06T23:20:49","modified_gmt":"2007-11-06T23:20:49","slug":"pld-pospone-proclamacion-de-su-candidato-leonel-fernandez-para-el-15-de-diciembre","status":"publish","type":"post","link":"https:\/\/diariodominicano.com\/?p=192026","title":{"rendered":"PLD pospone proclamaci\u00f3n de su candidato Leonel Fern\u00e1ndez para el 15 de diciembre"},"content":{"rendered":"<p><body><\/p>\n<p align=\"justify\" class=\"titulogrande1\">PLD pospone proclamaci\u00f3n de su candidato Leonel Fern\u00e1ndez \u00a0para el 15 de diciembre<\/p>\n<p>&#13;<\/p>\n<p align=\"justify\"><strong>La decisi\u00f3n fue sugerida por el propio candidato  presidencial por estado de emergencia del pa\u00eds<\/strong><\/p>\n<p>&#13;<\/p>\n<p align=\"justify\" class=\"text1noticias\"><strong><img loading=\"lazy\" decoding=\"async\" src=\"http:\/\/localhost:8080\/pictures\/pld269.jpg\" width=\"268\" height=\"209\" hspace=\"4\" align=\"left\" \/>SANTO DOMINGO.- <\/strong>El Partido de la Liberaci\u00f3n Dominicana,  (PLD) anunci\u00f3 este martes la posposici\u00f3n para el 15 de diciembre, del acto  oficial de proclamaci\u00f3n de su candidato  presidencial, Leonel Fern\u00e1ndez, debido a la situaci\u00f3n de emergencia que vive el  pa\u00eds por los efectos de la tormenta tropical Noel.<\/p>\n<p>&#13;<\/p>\n<p align=\"justify\" class=\"text1noticias\">El secretario general del PLD, Reinaldo Pared P\u00e9rez, dijo que la decisi\u00f3n fue adoptada por el  Comit\u00e9 Pol\u00edtico de la organizaci\u00f3n, luego de una petici\u00f3n hecha por el  presidente Fern\u00e1ndez.<\/p>\n<p>&#13;<\/p>\n<p align=\"justify\" class=\"text1noticias\">Durante una rueda de prensa en la Casa Nacional del PLD, Pared P\u00e9rez  manifest\u00f3 que \u201cel presidente del Partido, que a la vez es el presidente de la Rep\u00fablica nos sugiri\u00f3  una posposici\u00f3n de la proclamaci\u00f3n de su candidatura\u201d. <\/p>\n<p>&#13;<\/p>\n<p align=\"justify\" class=\"text1noticias\">\u201cEl motivo del aplazamiento se debe a la situaci\u00f3n de  emergencia que vive la   Rep\u00fablica Dominicana como consecuencia de las lluvias  provocadas por la tormenta tropical Noel, tras su paso por el pa\u00ed\u00ads\u201d. Indic\u00f3  Pared P\u00e9rez.<\/p>\n<p>&#13;<\/p>\n<p align=\"justify\" class=\"text1noticias\">El tambi\u00e9n presidente del Senado de la Rep\u00fablica explic\u00f3\u00a0 \u201ca que\u00a0  a esta proclamaci\u00f3n que se har\u00eda el 18 de noviembre, fecha de la  fundaci\u00f3n del PLD ha sido aplazada para el 15 de diciembre, por lo que el  Comit\u00e9 Pol\u00edtico del PLD entiende que es correcto el planteamiento hecho por el  primer mandatario de la naci\u00f3n\u201d.<\/p>\n<p>&#13;<\/p>\n<p align=\"justify\" class=\"text1noticias\">Pared P\u00e9rez puntualiz\u00f3 que el acto de proclamaci\u00f3n oficial  del candidato presidencial del partido de gobierno, Leonel Fern\u00e1ndez, ser\u00e1 en  el estadio Ol\u00edmpico F\u00e9lix S\u00e1nchez, del Centro Deportivo Juan Pablo Duarte, en  el Distrito Nacional.<\/p>\n<p>&#13;<\/p>\n<p align=\"justify\" class=\"text1noticias\">\u201cAs\u00ed es; he recibido el mandato del Presidente de la Republica.\u00a0 Del Partido, Doctor Leonel  Fern\u00e1ndez,\u00a0 para que le informe a la  opini\u00f3n publica que en lugar del 18 de noviembre el acto de proclamaci\u00f3n de  produzca el 15 de Diciembre\u201d. Respondi\u00f3 Pared P\u00e9rez. <\/p>\n<p>&#13;<\/p>\n<p align=\"justify\" class=\"text1noticias\">Inform\u00f3 que el presidente entiende que los actuales no son los\u00a0 momentos m\u00e1s\u00a0  adecuados para el activismo pol\u00edtico calificando de atinada la decisi\u00f3n  asumida por el Presidente de la organizaci\u00f3n y que oficializ\u00f3 comunic\u00e1ndolo a  los medios de comunicaci\u00f3n.<\/p>\n<p>&#13;<\/p>\n<p align=\"justify\" class=\"text1noticias\">Considera que los hechos graves dejados por la tormenta Noel  a su paso por aguas del mar caribe obligan a los dirigentes del PLD y  funcionarios p\u00fablicos dedicar su tiempo a las labores de auxilio y  recuperaci\u00f3n.<\/p>\n<p>&#13;<\/p>\n<p align=\"justify\" class=\"text1noticias\">Luego de las elecciones internas de mayo, el Comit\u00e9 Pol\u00edtico  del PLD fijo la fecha del 18 noviembre para la proclamaci\u00f3n del candidato  presidencial, porque fue el d\u00eda, en 1973,\u00a0  que el profesor Juan Bosch y un peque\u00f1o grupo de dirigentes renunciaron del  PRD para fundar el 15 de diciembre ulterior el\u00a0Partido de la   Liberaci\u00f3n Dominicana.<\/p>\n<p>&#13;<\/p>\n<p align=\"justify\" class=\"text1noticias\">Critica funcionario de Naciones Unidas\u00a0 <\/p>\n<p>&#13;<\/p>\n<p align=\"justify\" class=\"text1noticias\">El vocero del\u00a0 PLD  critic\u00f3 al funcionario de las Naciones Unidas quien declar\u00f3 que tanto los da\u00f1os  de Noel en Hait\u00ed y Rep\u00fablica Dominicana y las inmensas inundaciones en M\u00e9xico  pudieron prevenirse.<\/p>\n<p>&#13;<\/p>\n<p align=\"justify\" class=\"text1noticias\">\u201cEs muy f\u00e1cil desde un despacho con aire acondicionado\u00a0 hacer este tipo de evaluaciones, que venga a  conocer la realidad de los pa\u00edses pobres como la Rep\u00fablica Dominicana  y Hait\u00ed, para que entonces pueda hablar con conocimiento de causa\u201d. Indic\u00f3 Pared P\u00e9rez, Senador por el  Distrito Nacional.<\/p>\n<p>&#13;<\/p>\n<h6> 2007-11-06 23:20:49 <\/h6>\n<p><!--\n<link rel=\"stylesheet\" href=\"css\/bootstrap.min.css\">\n\n\n<ul class=\"pagination\">\n\t    \n\t\n\n<li >\n\t<a href='?page_no=34773'>Previous<\/a>\n\t<\/li>\n\n\n       \n    \n\n<li><a href='?page_no=1'>1<\/a><\/li>\n\n\n\n<li><a href='?page_no=2'>2<\/a><\/li>\n\n\n\n<li><a>...<\/a><\/li>\n\n\n\n<li><a href='?page_no=34772'>34772<\/a><\/li>\n\n\n\n<li><a href='?page_no=34773'>34773<\/a><\/li>\n\n\n\n<li class='active'><a>34774<\/a><\/li>\n\n\n\n<li><a href='?page_no=34775'>34775<\/a><\/li>\n\n\n\n<li><a href='?page_no=34776'>34776<\/a><\/li>\n\n\n\n<li><a>...<\/a><\/li>\n\n\n\n<li><a href='?page_no=36999'>36999<\/a><\/li>\n\n\n\n<li><a href='?page_no=37000'>37000<\/a><\/li>\n\n    \n\t\n\n<li >\n\t<a href='?page_no=34775'>Next<\/a>\n\t<\/li>\n\n\n    \n\n<li><a href='?page_no=37000'>Last &rsaquo;&rsaquo;<\/a><\/li>\n\n<\/ul>\n\n\n--><br \/>\n<\/body><\/p>\n","protected":false},"excerpt":{"rendered":"<p>PLD pospone proclamaci\u00f3n de su candidato Leonel Fern\u00e1ndez \u00a0para el 15 de diciembre &#13; La decisi\u00f3n fue sugerida por el propio candidato presidencial por estado de emergencia del pa\u00eds &#13; SANTO DOMINGO.- El Partido de la Liberaci\u00f3n Dominicana, (PLD) anunci\u00f3 este martes la posposici\u00f3n para el 15 de diciembre, del acto oficial de proclamaci\u00f3n de [&hellip;]<\/p>\n","protected":false},"author":3,"featured_media":0,"comment_status":"open","ping_status":"open","sticky":false,"template":"","format":"standard","meta":{"footnotes":""},"categories":[22],"tags":[],"class_list":["post-192026","post","type-post","status-publish","format-standard","hentry","category-politica"],"_links":{"self":[{"href":"https:\/\/diariodominicano.com\/index.php?rest_route=\/wp\/v2\/posts\/192026","targetHints":{"allow":["GET"]}}],"collection":[{"href":"https:\/\/diariodominicano.com\/index.php?rest_route=\/wp\/v2\/posts"}],"about":[{"href":"https:\/\/diariodominicano.com\/index.php?rest_route=\/wp\/v2\/types\/post"}],"author":[{"embeddable":true,"href":"https:\/\/diariodominicano.com\/index.php?rest_route=\/wp\/v2\/users\/3"}],"replies":[{"embeddable":true,"href":"https:\/\/diariodominicano.com\/index.php?rest_route=%2Fwp%2Fv2%2Fcomments&post=192026"}],"version-history":[{"count":0,"href":"https:\/\/diariodominicano.com\/index.php?rest_route=\/wp\/v2\/posts\/192026\/revisions"}],"wp:attachment":[{"href":"https:\/\/diariodominicano.com\/index.php?rest_route=%2Fwp%2Fv2%2Fmedia&parent=192026"}],"wp:term":[{"taxonomy":"category","embeddable":true,"href":"https:\/\/diariodominicano.com\/index.php?rest_route=%2Fwp%2Fv2%2Fcategories&post=192026"},{"taxonomy":"post_tag","embeddable":true,"href":"https:\/\/diariodominicano.com\/index.php?rest_route=%2Fwp%2Fv2%2Ftags&post=192026"}],"curies":[{"name":"wp","href":"https:\/\/api.w.org\/{rel}","templated":true}]}}