{"id":192025,"date":"2007-11-07T14:00:34","date_gmt":"2007-11-07T14:00:34","guid":{"rendered":"http:\/\/diariodominicano.ddns.net\/?p=192025"},"modified":"2007-11-07T14:00:34","modified_gmt":"2007-11-07T14:00:34","slug":"vargas-maldonado-valora-cumplimiento-de-la-constitucion","status":"publish","type":"post","link":"https:\/\/diariodominicano.com\/?p=192025","title":{"rendered":"Vargas Maldonado valora cumplimiento de la constituci\u00f3n"},"content":{"rendered":"<p><body><\/p>\n<p align=\"justify\"><span class=\"titulogrande1\">Vargas  Maldonado valora cumplimiento de la  constituci\u00f3n <\/span><br \/>&#13;<br \/>\n  <br \/>&#13;<br \/>\n    <span class=\"text1noticias\"><img loading=\"lazy\" decoding=\"async\" src=\"http:\/\/localhost:8080\/pictures\/vargas maldonado pic.jpg\" width=\"269\" height=\"330\" hspace=\"4\" align=\"left\" \/>El candidato  presidencial del Partido Revolucionario Dominicano, Miguel Vargas Maldonado,  prometi\u00f3\u00a0 en ocasi\u00f3n de cumplirse el  martes el 163 aniversario de la constituci\u00f3n de la Rep\u00fablica, que un  gobierno suyo cumplir\u00eda y har\u00eda cumplir el ordenamiento jur\u00eddico nacional. <br \/>&#13;<br \/>\n    <br \/>&#13;<br \/>\nDijo\u00a0 que el respeto a la Constituci\u00f3n de la Rep\u00fablica es una  obligaci\u00f3n de todos los ciudadanos, sin distinci\u00f3n de ning\u00fan g\u00e9nero,  porque de lo contrario estar\u00edamos apostando al imperio del \u00a0caos y  el desorden en todas las instancias de nuestra sociedad. <br \/>&#13;<br \/>\n<br \/>&#13;<br \/>\n\u201cEl primer deber de un  presidente democr\u00e1tico es sustentar siempre sus actuaciones\u00a0 a lo que  establece el texto constitucional as\u00ed como el conjunto de leyes que norman su  ejercicio\u201d. <br \/>&#13;<br \/>\n<br \/>&#13;<br \/>\nConsider\u00f3\u00a0 que un presidente que jura cumplir y hacer  cumplir la constituci\u00f3n y las leyes de la naci\u00f3n luego no puede volverse contra  su propio juramento porque pierde autoridad para pedirle al resto de la  sociedad que cumpla con sus deberes y obligaciones como ciudadano. <br \/>&#13;<br \/>\n<br \/>&#13;<br \/>\nDijo que si llega al  poder,\u00a0 en el gobierno que encabezar\u00eda a  partir del pr\u00f3ximo 16 de agosto el respeto a la Constituci\u00f3n ser\u00e1 una  cuesti\u00f3n sagrada por considerar que ning\u00fan ciudadano puede\u00a0 colocarse por  encima de su mandato. <br \/>&#13;<br \/>\n<br \/>&#13;<br \/>\n\u201cEstoy consciente\u00a0de que para enfrentar los desaf\u00edos del presente y del porvenir es  una necesidad garantizar la existencia de un verdadero Estado de Derecho.\u201d<\/span><\/p>\n<p>&#13;<\/p>\n<p align=\"justify\" class=\"text1noticias\">Consider\u00f3 que un  aut\u00e9ntico Estado de Derecho es una condici\u00f3n indispensable\u00a0 para proteger  las libertades p\u00fablicas, la libertad de expresi\u00f3n, as\u00ed como \u00a0el ejercicio  de todos los derechos humanos. <\/p>\n<p>&#13;<\/p>\n<p align=\"justify\" class=\"text1noticias\">La Direcci\u00f3n  de Comunicaciones del candidato presidencial del PRD, inform\u00f3 que Vargas  Maldonado\u00a0 hizo las promesas al encabezar  una reuni\u00f3n con el frente de abogados que respalda sus aspiraciones  presidenciales.\u00a0 <br \/>&#13;<br \/>\n  <br \/>&#13;<br \/>\n  Indic\u00f3 que estuvo acompa\u00f1ado de Neney Cabrera, Alfredo Pacheco  y\u00a0 Carlos Gabriel Garcia. \u00a0 <\/p>\n<p>&#13;<\/p>\n<h6> 2007-11-07 14:00:34 <\/h6>\n<p><!--\n<link rel=\"stylesheet\" href=\"css\/bootstrap.min.css\">\n\n\n<ul class=\"pagination\">\n\t    \n\t\n\n<li >\n\t<a href='?page_no=34772'>Previous<\/a>\n\t<\/li>\n\n\n       \n    \n\n<li><a href='?page_no=1'>1<\/a><\/li>\n\n\n\n<li><a href='?page_no=2'>2<\/a><\/li>\n\n\n\n<li><a>...<\/a><\/li>\n\n\n\n<li><a href='?page_no=34771'>34771<\/a><\/li>\n\n\n\n<li><a href='?page_no=34772'>34772<\/a><\/li>\n\n\n\n<li class='active'><a>34773<\/a><\/li>\n\n\n\n<li><a href='?page_no=34774'>34774<\/a><\/li>\n\n\n\n<li><a href='?page_no=34775'>34775<\/a><\/li>\n\n\n\n<li><a>...<\/a><\/li>\n\n\n\n<li><a href='?page_no=36999'>36999<\/a><\/li>\n\n\n\n<li><a href='?page_no=37000'>37000<\/a><\/li>\n\n    \n\t\n\n<li >\n\t<a href='?page_no=34774'>Next<\/a>\n\t<\/li>\n\n\n    \n\n<li><a href='?page_no=37000'>Last &rsaquo;&rsaquo;<\/a><\/li>\n\n<\/ul>\n\n\n--><br \/>\n<\/body><\/p>\n","protected":false},"excerpt":{"rendered":"<p>Vargas Maldonado valora cumplimiento de la constituci\u00f3n &#13; &#13; El candidato presidencial del Partido Revolucionario Dominicano, Miguel Vargas Maldonado, prometi\u00f3\u00a0 en ocasi\u00f3n de cumplirse el martes el 163 aniversario de la constituci\u00f3n de la Rep\u00fablica, que un gobierno suyo cumplir\u00eda y har\u00eda cumplir el ordenamiento jur\u00eddico nacional. &#13; &#13; Dijo\u00a0 que el respeto a la [&hellip;]<\/p>\n","protected":false},"author":3,"featured_media":0,"comment_status":"open","ping_status":"open","sticky":false,"template":"","format":"standard","meta":{"footnotes":""},"categories":[22],"tags":[],"class_list":["post-192025","post","type-post","status-publish","format-standard","hentry","category-politica"],"_links":{"self":[{"href":"https:\/\/diariodominicano.com\/index.php?rest_route=\/wp\/v2\/posts\/192025","targetHints":{"allow":["GET"]}}],"collection":[{"href":"https:\/\/diariodominicano.com\/index.php?rest_route=\/wp\/v2\/posts"}],"about":[{"href":"https:\/\/diariodominicano.com\/index.php?rest_route=\/wp\/v2\/types\/post"}],"author":[{"embeddable":true,"href":"https:\/\/diariodominicano.com\/index.php?rest_route=\/wp\/v2\/users\/3"}],"replies":[{"embeddable":true,"href":"https:\/\/diariodominicano.com\/index.php?rest_route=%2Fwp%2Fv2%2Fcomments&post=192025"}],"version-history":[{"count":0,"href":"https:\/\/diariodominicano.com\/index.php?rest_route=\/wp\/v2\/posts\/192025\/revisions"}],"wp:attachment":[{"href":"https:\/\/diariodominicano.com\/index.php?rest_route=%2Fwp%2Fv2%2Fmedia&parent=192025"}],"wp:term":[{"taxonomy":"category","embeddable":true,"href":"https:\/\/diariodominicano.com\/index.php?rest_route=%2Fwp%2Fv2%2Fcategories&post=192025"},{"taxonomy":"post_tag","embeddable":true,"href":"https:\/\/diariodominicano.com\/index.php?rest_route=%2Fwp%2Fv2%2Ftags&post=192025"}],"curies":[{"name":"wp","href":"https:\/\/api.w.org\/{rel}","templated":true}]}}