{"id":192024,"date":"2007-11-07T16:24:44","date_gmt":"2007-11-07T16:24:44","guid":{"rendered":"http:\/\/diariodominicano.ddns.net\/?p=192024"},"modified":"2007-11-07T16:24:44","modified_gmt":"2007-11-07T16:24:44","slug":"antun-batlle-dice-la-tragedia-dejo-noel-debe-servir-de-leccion-al-gobierno-y-liderazgo-politico","status":"publish","type":"post","link":"https:\/\/diariodominicano.com\/?p=192024","title":{"rendered":"Ant\u00fan Batlle dice la tragedia dej\u00f3 \u201cNoel\u201d debe servir de lecci\u00f3n al Gobierno y liderazgo pol\u00edtico"},"content":{"rendered":"<p><body><\/p>\n<p align=\"justify\" class=\"titulogrande1\">Ant\u00fan  Batlle dice la tragedia dej\u00f3 \u201cNoel\u201d debe servir  de lecci\u00f3n al Gobierno y liderazgo pol\u00edtico<\/p>\n<p>&#13;<\/p>\n<p align=\"justify\" class=\"text1noticias\"><strong>Santo Domingo.-<\/strong> El presidente  del Partido Reformista Social Cristiano (PRSC) declar\u00f3 que la tragedia que dej\u00f3  la tormenta \u201cNoel\u201d debe servir de lecci\u00f3n al Gobierno y al liderazgo pol\u00edtico  nacional de la necesidad de emprender un Plan de Naci\u00f3n para acabar con la  improvisaci\u00f3n y el inmediatismo.<\/p>\n<p>&#13;<\/p>\n<p align=\"justify\" class=\"text1noticias\">Federico Ant\u00fan Batlle sostuvo  que los problemas atmosf\u00e9ricos seguir\u00e1n ocurriendo con mayor frecuencia en el  pa\u00eds por\u00a0 la variable climatol\u00f3gica  sufrida en todo el globo terr\u00e1queo y por ende, naciones como Rep\u00fablica  Dominicana deben prepararse para enfrentar con eficiencia y determinaci\u00f3n los  embates de estos fen\u00f3menos naturales.<\/p>\n<p>&#13;<\/p>\n<p align=\"justify\" class=\"text1noticias\">Destac\u00f3 que \u201clos mismos dejan  al descubierto las condiciones de pobreza e indigencia de una parte importante  de la poblaci\u00f3n dominicana que vive en condiciones precarias en las riberas de  r\u00edos, arroyos y ca\u00f1adas\u201d.<\/p>\n<p>&#13;<\/p>\n<p align=\"justify\" class=\"text1noticias\">Esta situaci\u00f3n de extrema  pobreza aumenta el riesgo de muertes y desapariciones como las ocurridas en los  \u00faltimos d\u00edas con la tormenta que azot\u00f3 al pa\u00eds y que dej\u00f3 luto y dolor a la  sociedad dominicana.<\/p>\n<p>&#13;<\/p>\n<p align=\"justify\" class=\"text1noticias\">Entiende que un Plan de  Naci\u00f3n, incluir\u00eda entre sus prioridades conformar una estructura efectiva para  hacer frente a los desastres naturales, tanto en la prevenci\u00f3n como a lo que  esto pueda ocasionar.<\/p>\n<p>&#13;<\/p>\n<p align=\"justify\" class=\"text1noticias\">Resalt\u00f3 \u00a0que para eso tiene que involucrase el Estado,  el liderazgo pol\u00edtico nacional, el empresariado, los gremios sindicales, las  iglesias y la sociedad civil, sin importar bander\u00edas pol\u00edticas ni el color del  partido que en ese momento \u00e9ste al frente de la administraci\u00f3n p\u00fablica, sino  que haya un compromiso de proteger y satisfacer a los nueve millones de  dominicanos.<\/p>\n<p>&#13;<\/p>\n<p align=\"justify\" class=\"text1noticias\">A\u00f1adi\u00f3 que \u201cpor ello,  propongo que esta experiencia nos sirva para modificar la concesi\u00f3n del manejo  de las cosas p\u00fablicas y las promesas de campa\u00f1a incumplidas que hacemos los  pol\u00edticos aprovech\u00e1ndose muchas veces de las calamidades por la que atraviesa  la mayor\u00eda del pueblo dominicano\u201d.<\/p>\n<p>&#13;<\/p>\n<p align=\"justify\" class=\"text1noticias\">Dijo ojal\u00e1 que esta amarga y  terrible experiencia vivida con la tormenta Noel \u201cnos estimule a trabajar y  comprometernos con este Plan Nacional de Desarrollo para aplicarse en los  pr\u00f3ximos 20 o 25 a\u00f1os\u201d.<\/p>\n<p>&#13;<\/p>\n<p align=\"justify\" class=\"text1noticias\">Puso a modo de ejemplo,  al\u00a0 vecino pa\u00eds de Cuba, que a pesar de  estar siendo sometido a un bloqueo inhumano y con muchas limitaciones  econ\u00f3micas, tiene planes efectivos de  contingencia y prevenci\u00f3n para enfrentar la inclemencia del tiempo, como  huracanes y tormentas tropicales, \u201cque a juzgar por los resultados obtenido ha  sido exitoso por los reducidos casos de p\u00e9rdidas humanas y da\u00f1os materiales\u201d.<\/p>\n<p>&#13;<\/p>\n<p align=\"justify\" class=\"text1noticias\">Anunci\u00f3 tambi\u00e9n que convoc\u00f3 a  todos los t\u00e9cnicos del PRSC para que en esta semana \u201celaboremos un plan de  contingencia para ser presentado al Gobierno y a los organismos resp\u00f3nsales de  enfrentar la tragedia que vive la naci\u00f3n\u201d.<\/p>\n<p>&#13;<\/p>\n<h6> 2007-11-07 16:24:44 <\/h6>\n<p><!--\n<link rel=\"stylesheet\" href=\"css\/bootstrap.min.css\">\n\n\n<ul class=\"pagination\">\n\t    \n\t\n\n<li >\n\t<a href='?page_no=34771'>Previous<\/a>\n\t<\/li>\n\n\n       \n    \n\n<li><a href='?page_no=1'>1<\/a><\/li>\n\n\n\n<li><a href='?page_no=2'>2<\/a><\/li>\n\n\n\n<li><a>...<\/a><\/li>\n\n\n\n<li><a href='?page_no=34770'>34770<\/a><\/li>\n\n\n\n<li><a href='?page_no=34771'>34771<\/a><\/li>\n\n\n\n<li class='active'><a>34772<\/a><\/li>\n\n\n\n<li><a href='?page_no=34773'>34773<\/a><\/li>\n\n\n\n<li><a href='?page_no=34774'>34774<\/a><\/li>\n\n\n\n<li><a>...<\/a><\/li>\n\n\n\n<li><a href='?page_no=36999'>36999<\/a><\/li>\n\n\n\n<li><a href='?page_no=37000'>37000<\/a><\/li>\n\n    \n\t\n\n<li >\n\t<a href='?page_no=34773'>Next<\/a>\n\t<\/li>\n\n\n    \n\n<li><a href='?page_no=37000'>Last &rsaquo;&rsaquo;<\/a><\/li>\n\n<\/ul>\n\n\n--><br \/>\n<\/body><\/p>\n","protected":false},"excerpt":{"rendered":"<p>Ant\u00fan Batlle dice la tragedia dej\u00f3 \u201cNoel\u201d debe servir de lecci\u00f3n al Gobierno y liderazgo pol\u00edtico &#13; Santo Domingo.- El presidente del Partido Reformista Social Cristiano (PRSC) declar\u00f3 que la tragedia que dej\u00f3 la tormenta \u201cNoel\u201d debe servir de lecci\u00f3n al Gobierno y al liderazgo pol\u00edtico nacional de la necesidad de emprender un Plan de [&hellip;]<\/p>\n","protected":false},"author":3,"featured_media":0,"comment_status":"open","ping_status":"open","sticky":false,"template":"","format":"standard","meta":{"footnotes":""},"categories":[22],"tags":[],"class_list":["post-192024","post","type-post","status-publish","format-standard","hentry","category-politica"],"_links":{"self":[{"href":"https:\/\/diariodominicano.com\/index.php?rest_route=\/wp\/v2\/posts\/192024","targetHints":{"allow":["GET"]}}],"collection":[{"href":"https:\/\/diariodominicano.com\/index.php?rest_route=\/wp\/v2\/posts"}],"about":[{"href":"https:\/\/diariodominicano.com\/index.php?rest_route=\/wp\/v2\/types\/post"}],"author":[{"embeddable":true,"href":"https:\/\/diariodominicano.com\/index.php?rest_route=\/wp\/v2\/users\/3"}],"replies":[{"embeddable":true,"href":"https:\/\/diariodominicano.com\/index.php?rest_route=%2Fwp%2Fv2%2Fcomments&post=192024"}],"version-history":[{"count":0,"href":"https:\/\/diariodominicano.com\/index.php?rest_route=\/wp\/v2\/posts\/192024\/revisions"}],"wp:attachment":[{"href":"https:\/\/diariodominicano.com\/index.php?rest_route=%2Fwp%2Fv2%2Fmedia&parent=192024"}],"wp:term":[{"taxonomy":"category","embeddable":true,"href":"https:\/\/diariodominicano.com\/index.php?rest_route=%2Fwp%2Fv2%2Fcategories&post=192024"},{"taxonomy":"post_tag","embeddable":true,"href":"https:\/\/diariodominicano.com\/index.php?rest_route=%2Fwp%2Fv2%2Ftags&post=192024"}],"curies":[{"name":"wp","href":"https:\/\/api.w.org\/{rel}","templated":true}]}}