{"id":192022,"date":"2007-11-07T16:36:19","date_gmt":"2007-11-07T16:36:19","guid":{"rendered":"http:\/\/diariodominicano.ddns.net\/?p=192022"},"modified":"2007-11-07T16:36:19","modified_gmt":"2007-11-07T16:36:19","slug":"salcedo-plantea-se-organice-instalacion-helipuerto-de-la-30-de-mayo","status":"publish","type":"post","link":"https:\/\/diariodominicano.com\/?p=192022","title":{"rendered":"Salcedo plantea se organice instalaci\u00f3n helipuerto de la 30 de Mayo"},"content":{"rendered":"<p><body><\/p>\n<p class=\"titulogrande1\">Salcedo  plantea se organice instalaci\u00f3n  helipuerto de la 30 de Mayo<\/p>\n<p>&#13;<\/p>\n<p align=\"justify\"><strong>Por<\/strong> <span class=\"textogrande\">Roberto Rodr\u00edguez <\/span><br \/>&#13;<br \/>\n\u00a0<br \/>&#13;<br \/>\n<span class=\"text1noticias\"><strong>Santo Domingo._ <\/strong>El  sindico\u00a0 del Distrito Nacional\u00a0 neg\u00f3 que se oponga al funcionamiento de\u00a0 un helipuertos en el litoral Sur de la  autopista 30 de Mayo, en los frentes de Metaldom.<\/span><\/p>\n<p>&#13;<\/p>\n<p align=\"justify\" class=\"text1noticias\">Roberto Salcedo inform\u00f3 que \u00abnosotros lo  que buscamos es que sean organizadas las pistas de aterrizajes que funcionan\u00bb.<\/p>\n<p>&#13;<\/p>\n<p align=\"justify\" class=\"text1noticias\">Explic\u00f3 que diariamente  helic\u00f3pteros descienden en las pistas improvisadas que hay en \u00e1reas verdes  cercanas al Mar Caribe.<\/p>\n<p>&#13;<\/p>\n<p align=\"justify\" class=\"text1noticias\">Manifest\u00f3 que \u00abnosotros  no tenemos este tipo de aparatos porque le tenemos miedo, y nunca lo tendremos,  pero es necesario que se organicen estas pistas de aterrizajes\u00bb.<\/p>\n<p>&#13;<\/p>\n<p align=\"justify\" class=\"text1noticias\">Declar\u00f3 que toda la avenida  George Washington ser\u00e1 iluminada a partir del 2008, ya que fueron incluidos en  el presupuesto.<\/p>\n<p>&#13;<\/p>\n<p align=\"justify\" class=\"text1noticias\">Destac\u00f3 \u00a0que el plan de reordenamiento territorial de la Capital ser\u00e1 iniciado en  enero.<\/p>\n<p>&#13;<\/p>\n<h6> 2007-11-07 16:36:19 <\/h6>\n<p><!--\n<link rel=\"stylesheet\" href=\"css\/bootstrap.min.css\">\n\n\n<ul class=\"pagination\">\n\t    \n\t\n\n<li >\n\t<a href='?page_no=34769'>Previous<\/a>\n\t<\/li>\n\n\n       \n    \n\n<li><a href='?page_no=1'>1<\/a><\/li>\n\n\n\n<li><a href='?page_no=2'>2<\/a><\/li>\n\n\n\n<li><a>...<\/a><\/li>\n\n\n\n<li><a href='?page_no=34768'>34768<\/a><\/li>\n\n\n\n<li><a href='?page_no=34769'>34769<\/a><\/li>\n\n\n\n<li class='active'><a>34770<\/a><\/li>\n\n\n\n<li><a href='?page_no=34771'>34771<\/a><\/li>\n\n\n\n<li><a href='?page_no=34772'>34772<\/a><\/li>\n\n\n\n<li><a>...<\/a><\/li>\n\n\n\n<li><a href='?page_no=36999'>36999<\/a><\/li>\n\n\n\n<li><a href='?page_no=37000'>37000<\/a><\/li>\n\n    \n\t\n\n<li >\n\t<a href='?page_no=34771'>Next<\/a>\n\t<\/li>\n\n\n    \n\n<li><a href='?page_no=37000'>Last &rsaquo;&rsaquo;<\/a><\/li>\n\n<\/ul>\n\n\n--><br \/>\n<\/body><\/p>\n","protected":false},"excerpt":{"rendered":"<p>Salcedo plantea se organice instalaci\u00f3n helipuerto de la 30 de Mayo &#13; Por Roberto Rodr\u00edguez &#13; \u00a0&#13; Santo Domingo._ El sindico\u00a0 del Distrito Nacional\u00a0 neg\u00f3 que se oponga al funcionamiento de\u00a0 un helipuertos en el litoral Sur de la autopista 30 de Mayo, en los frentes de Metaldom. &#13; Roberto Salcedo inform\u00f3 que \u00abnosotros lo [&hellip;]<\/p>\n","protected":false},"author":3,"featured_media":0,"comment_status":"open","ping_status":"open","sticky":false,"template":"","format":"standard","meta":{"footnotes":""},"categories":[22],"tags":[],"class_list":["post-192022","post","type-post","status-publish","format-standard","hentry","category-politica"],"_links":{"self":[{"href":"https:\/\/diariodominicano.com\/index.php?rest_route=\/wp\/v2\/posts\/192022","targetHints":{"allow":["GET"]}}],"collection":[{"href":"https:\/\/diariodominicano.com\/index.php?rest_route=\/wp\/v2\/posts"}],"about":[{"href":"https:\/\/diariodominicano.com\/index.php?rest_route=\/wp\/v2\/types\/post"}],"author":[{"embeddable":true,"href":"https:\/\/diariodominicano.com\/index.php?rest_route=\/wp\/v2\/users\/3"}],"replies":[{"embeddable":true,"href":"https:\/\/diariodominicano.com\/index.php?rest_route=%2Fwp%2Fv2%2Fcomments&post=192022"}],"version-history":[{"count":0,"href":"https:\/\/diariodominicano.com\/index.php?rest_route=\/wp\/v2\/posts\/192022\/revisions"}],"wp:attachment":[{"href":"https:\/\/diariodominicano.com\/index.php?rest_route=%2Fwp%2Fv2%2Fmedia&parent=192022"}],"wp:term":[{"taxonomy":"category","embeddable":true,"href":"https:\/\/diariodominicano.com\/index.php?rest_route=%2Fwp%2Fv2%2Fcategories&post=192022"},{"taxonomy":"post_tag","embeddable":true,"href":"https:\/\/diariodominicano.com\/index.php?rest_route=%2Fwp%2Fv2%2Ftags&post=192022"}],"curies":[{"name":"wp","href":"https:\/\/api.w.org\/{rel}","templated":true}]}}