{"id":192020,"date":"2007-11-07T16:42:24","date_gmt":"2007-11-07T16:42:24","guid":{"rendered":"http:\/\/diariodominicano.ddns.net\/?p=192020"},"modified":"2007-11-07T16:42:24","modified_gmt":"2007-11-07T16:42:24","slug":"pide-calma-a-damnificados-y-afirma-se-trabaja-en-busqueda-de-soluciones","status":"publish","type":"post","link":"https:\/\/diariodominicano.com\/?p=192020","title":{"rendered":"Pide calma a damnificados y afirma se trabaja en b\u00fasqueda de soluciones"},"content":{"rendered":"<p><body><\/p>\n<p align=\"justify\" class=\"titulogrande1\">Pide  calma a damnificados y afirma se trabaja en b\u00fasqueda de soluciones<\/p>\n<p>&#13;<\/p>\n<p align=\"justify\" class=\"text1noticias\"><strong>Santo Domingo.-<\/strong> El Gobierno  exhort\u00f3 a los damnificados de la  tormenta tropical Noel a tener paciencia y guardar un comportamiento c\u00edvico,  mientras se procura resolver su situaci\u00f3n.<\/p>\n<p>&#13;<\/p>\n<p align=\"justify\" class=\"text1noticias\">Rafael N\u00fa\u00f1ez, director de  Informaci\u00f3n, Prensa y Publicidad de la Presidencia dijo el gobierno emprender\u00e1 un plan  nacional de viviendas para las familias que quedaron sin techo.<\/p>\n<p>&#13;<\/p>\n<p align=\"justify\" class=\"text1noticias\">Pidi\u00f3 a los afectados no  desesperarse debido a que el gobierno que encabeza el doctor Leonel Fern\u00e1ndez  est\u00e1 trabajando en la b\u00fasqueda de salidas que ayuden a mejorar las condiciones  existenciales de los afectados.<\/p>\n<p>&#13;<\/p>\n<p align=\"justify\" class=\"text1noticias\">Precis\u00f3 que en ese orden los  medios de comunicaci\u00f3n juegan un papel de vital importancia en la orientaci\u00f3n y  educaci\u00f3n de las personas que se encuentran en condiciones de damnificados en  los refugios que fueron habilitados para tales fines.<\/p>\n<p>&#13;<\/p>\n<p align=\"justify\" class=\"text1noticias\">Se\u00f1al\u00f3 el ejemplo de que el  Instituto Nacional de la   Vivienda (INVI) ya inici\u00f3 un programa de construcci\u00f3n y reconstrucci\u00f3n  de casas que beneficiar\u00e1 a las personas que quedaron sin techo como  consecuencia del fen\u00f3meno atmosf\u00e9rico.<\/p>\n<p>&#13;<\/p>\n<p align=\"justify\" class=\"text1noticias\">Dijo esperar que las  viviendas pre-fabricadas que fueron donadas por el gobierno de Venezuela  lleguen cuanto antes para ser levantadas en zonas previamente identificadas y  entregadas a los refugiados.<\/p>\n<p>&#13;<\/p>\n<p align=\"justify\" class=\"text1noticias\">Expres\u00f3 que el Jefe de Estado  ha estado recibiendo todos los informes que sobre la situaci\u00f3n solicit\u00f3 a las  instituciones que tienen que ver con mitigaci\u00f3n de desastre.<\/p>\n<p>&#13;<\/p>\n<p align=\"justify\" class=\"text1noticias\">Dijo que en ese informe que  le fuera rendido al presidente de la Rep\u00fablica, se cuantifican los da\u00f1os ocurridos en  los sectores agr\u00edcola, v\u00edas terrestres y viviendas.\u00a0 <\/p>\n<p>&#13;<\/p>\n<h6> 2007-11-07 16:42:24 <\/h6>\n<p><!--\n<link rel=\"stylesheet\" href=\"css\/bootstrap.min.css\">\n\n\n<ul class=\"pagination\">\n\t    \n\t\n\n<li >\n\t<a href='?page_no=34767'>Previous<\/a>\n\t<\/li>\n\n\n       \n    \n\n<li><a href='?page_no=1'>1<\/a><\/li>\n\n\n\n<li><a href='?page_no=2'>2<\/a><\/li>\n\n\n\n<li><a>...<\/a><\/li>\n\n\n\n<li><a href='?page_no=34766'>34766<\/a><\/li>\n\n\n\n<li><a href='?page_no=34767'>34767<\/a><\/li>\n\n\n\n<li class='active'><a>34768<\/a><\/li>\n\n\n\n<li><a href='?page_no=34769'>34769<\/a><\/li>\n\n\n\n<li><a href='?page_no=34770'>34770<\/a><\/li>\n\n\n\n<li><a>...<\/a><\/li>\n\n\n\n<li><a href='?page_no=36999'>36999<\/a><\/li>\n\n\n\n<li><a href='?page_no=37000'>37000<\/a><\/li>\n\n    \n\t\n\n<li >\n\t<a href='?page_no=34769'>Next<\/a>\n\t<\/li>\n\n\n    \n\n<li><a href='?page_no=37000'>Last &rsaquo;&rsaquo;<\/a><\/li>\n\n<\/ul>\n\n\n--><br \/>\n<\/body><\/p>\n","protected":false},"excerpt":{"rendered":"<p>Pide calma a damnificados y afirma se trabaja en b\u00fasqueda de soluciones &#13; Santo Domingo.- El Gobierno exhort\u00f3 a los damnificados de la tormenta tropical Noel a tener paciencia y guardar un comportamiento c\u00edvico, mientras se procura resolver su situaci\u00f3n. &#13; Rafael N\u00fa\u00f1ez, director de Informaci\u00f3n, Prensa y Publicidad de la Presidencia dijo el gobierno [&hellip;]<\/p>\n","protected":false},"author":3,"featured_media":0,"comment_status":"open","ping_status":"open","sticky":false,"template":"","format":"standard","meta":{"footnotes":""},"categories":[22],"tags":[],"class_list":["post-192020","post","type-post","status-publish","format-standard","hentry","category-politica"],"_links":{"self":[{"href":"https:\/\/diariodominicano.com\/index.php?rest_route=\/wp\/v2\/posts\/192020","targetHints":{"allow":["GET"]}}],"collection":[{"href":"https:\/\/diariodominicano.com\/index.php?rest_route=\/wp\/v2\/posts"}],"about":[{"href":"https:\/\/diariodominicano.com\/index.php?rest_route=\/wp\/v2\/types\/post"}],"author":[{"embeddable":true,"href":"https:\/\/diariodominicano.com\/index.php?rest_route=\/wp\/v2\/users\/3"}],"replies":[{"embeddable":true,"href":"https:\/\/diariodominicano.com\/index.php?rest_route=%2Fwp%2Fv2%2Fcomments&post=192020"}],"version-history":[{"count":0,"href":"https:\/\/diariodominicano.com\/index.php?rest_route=\/wp\/v2\/posts\/192020\/revisions"}],"wp:attachment":[{"href":"https:\/\/diariodominicano.com\/index.php?rest_route=%2Fwp%2Fv2%2Fmedia&parent=192020"}],"wp:term":[{"taxonomy":"category","embeddable":true,"href":"https:\/\/diariodominicano.com\/index.php?rest_route=%2Fwp%2Fv2%2Fcategories&post=192020"},{"taxonomy":"post_tag","embeddable":true,"href":"https:\/\/diariodominicano.com\/index.php?rest_route=%2Fwp%2Fv2%2Ftags&post=192020"}],"curies":[{"name":"wp","href":"https:\/\/api.w.org\/{rel}","templated":true}]}}