{"id":192019,"date":"2007-11-08T13:24:09","date_gmt":"2007-11-08T13:24:09","guid":{"rendered":"http:\/\/diariodominicano.ddns.net\/?p=192019"},"modified":"2007-11-08T13:24:09","modified_gmt":"2007-11-08T13:24:09","slug":"amable-aristy-castro-no-le-confiere-importancia-a-renuncias-de-reformistas","status":"publish","type":"post","link":"https:\/\/diariodominicano.com\/?p=192019","title":{"rendered":"Amable Aristy Castro no le confiere importancia a renuncias de reformistas"},"content":{"rendered":"<p><body><\/p>\n<p align=\"justify\" class=\"titulogrande1\">Amable Aristy Castro no le confiere importancia a  renuncias de reformistas <\/p>\n<p>&#13;<\/p>\n<p align=\"justify\" class=\"text1noticias\"><strong><span class=\"titulogrande1\"><strong><img loading=\"lazy\" decoding=\"async\" src=\"http:\/\/localhost:8080\/pictures\/amable en santiago.jpg\" width=\"269\" height=\"170\" hspace=\"4\" align=\"left\" \/><\/strong><\/span>SANTIAGO.-<\/strong> El candidato presidencial del Partido Reformista Social  Cristiano (PRSC), Amable Aristy Castro,\u00a0resto importancia en esta ciudad a las \u00faltimas renuncias de \u00a0\u00a0dirigentes de la organizaci\u00f3n que se han  registrado en La Vega  y Cotui.<\/p>\n<p>&#13;<\/p>\n<p align=\"justify\" class=\"text1noticias\">Al encabezar un recorrido por diversos sectores populosos de esta  ciudad ayer tarde, Aristy Castro aseguro que esas renuncias en nada afectan su  proyecto presidencial. <\/p>\n<p>&#13;<\/p>\n<p align=\"justify\" class=\"text1noticias\">Se refiri\u00f3, espec\u00edficamente, al anuncio del senador por la  provincia S\u00e1nchez Ram\u00edrez, F\u00e9lix V\u00e1squez, y del dirigente reformista vegano  Reynaldo Lora\u00a0 de que abandonaban las  filas del partido colorado porque alegadamente navegaba sin rumbo, sin oferta y  sin futuro.<\/p>\n<p>&#13;<\/p>\n<p align=\"justify\" class=\"text1noticias\">Al ser cuestionado por los periodistas de esta ciudad en torno a  esta actitud de V\u00e1squez y Lora, el aspirante presidencial por el PRSC respondi\u00f3  expl\u00edcitamente que no le merec\u00eda ning\u00fan comentario.<\/p>\n<p>&#13;<\/p>\n<p align=\"justify\" class=\"text1noticias\">\u201cMi candidatura presidencial seguir\u00e1 indetenible, poni\u00e9ndole el o\u00eddo  y el coraz\u00f3n a las necesidades del pueblo\u201d, destaco Aristy Castro tras indicar  que es el \u00fanico candidato que en estos momentos experimenta crecimiento dentro  del electorado nacional.<\/p>\n<p>&#13;<\/p>\n<p align=\"justify\" class=\"text1noticias\">Aristy Castro fue acompa\u00f1ado durante su caminata, que abarco  varios sectores entre ellos El Ejido, La Yaguita, Ensanche Bol\u00edvar, Los Ciruelitos y  otros, por el jefe de campana en esta zona Jos\u00e9 Enrique Sued.<\/p>\n<p>&#13;<\/p>\n<p align=\"justify\" class=\"text1noticias\">En otro sentido, el candidato reformista volvi\u00f3 a criticar la  actitud del gobierno frente al grado de emergencia que viven miles de familias  que resultaron afectadas por los embates de la Tormenta Noel.<\/p>\n<p>&#13;<\/p>\n<p align=\"justify\" class=\"text1noticias\">Consider\u00f3 \u00a0que las  autoridades gubernamentales no se han dejado sentir con la debida prontitud que  ameritan los damnificados dejados por este fen\u00f3meno.<\/p>\n<p>&#13;<\/p>\n<p align=\"justify\" class=\"text1noticias\">Aplic\u00f3 como es caracter\u00edstica en cada actividad de campana su plan  de asistencia consistente en la donaci\u00f3n de productos alimenticios, enseres  para el hogar y dinero en efectivo.<\/p>\n<p>&#13;<\/p>\n<p align=\"justify\" class=\"text1noticias\">Residentes en los sectores visitados se lanzaron a la calle para vitorear  o saludar al candidato presidencial reformista, exhibiendo sabanas, pa\u00f1os y  banderas coloradas, as\u00ed como cacerolas vac\u00edas.<\/p>\n<p>&#13;<\/p>\n<h6> 2007-11-08 13:24:09 <\/h6>\n<p><!--\n<link rel=\"stylesheet\" href=\"css\/bootstrap.min.css\">\n\n\n<ul class=\"pagination\">\n\t    \n\t\n\n<li >\n\t<a href='?page_no=34766'>Previous<\/a>\n\t<\/li>\n\n\n       \n    \n\n<li><a href='?page_no=1'>1<\/a><\/li>\n\n\n\n<li><a href='?page_no=2'>2<\/a><\/li>\n\n\n\n<li><a>...<\/a><\/li>\n\n\n\n<li><a href='?page_no=34765'>34765<\/a><\/li>\n\n\n\n<li><a href='?page_no=34766'>34766<\/a><\/li>\n\n\n\n<li class='active'><a>34767<\/a><\/li>\n\n\n\n<li><a href='?page_no=34768'>34768<\/a><\/li>\n\n\n\n<li><a href='?page_no=34769'>34769<\/a><\/li>\n\n\n\n<li><a>...<\/a><\/li>\n\n\n\n<li><a href='?page_no=36999'>36999<\/a><\/li>\n\n\n\n<li><a href='?page_no=37000'>37000<\/a><\/li>\n\n    \n\t\n\n<li >\n\t<a href='?page_no=34768'>Next<\/a>\n\t<\/li>\n\n\n    \n\n<li><a href='?page_no=37000'>Last &rsaquo;&rsaquo;<\/a><\/li>\n\n<\/ul>\n\n\n--><br \/>\n<\/body><\/p>\n","protected":false},"excerpt":{"rendered":"<p>Amable Aristy Castro no le confiere importancia a renuncias de reformistas &#13; SANTIAGO.- El candidato presidencial del Partido Reformista Social Cristiano (PRSC), Amable Aristy Castro,\u00a0resto importancia en esta ciudad a las \u00faltimas renuncias de \u00a0\u00a0dirigentes de la organizaci\u00f3n que se han registrado en La Vega y Cotui. &#13; Al encabezar un recorrido por diversos sectores [&hellip;]<\/p>\n","protected":false},"author":3,"featured_media":0,"comment_status":"open","ping_status":"open","sticky":false,"template":"","format":"standard","meta":{"footnotes":""},"categories":[22],"tags":[],"class_list":["post-192019","post","type-post","status-publish","format-standard","hentry","category-politica"],"_links":{"self":[{"href":"https:\/\/diariodominicano.com\/index.php?rest_route=\/wp\/v2\/posts\/192019","targetHints":{"allow":["GET"]}}],"collection":[{"href":"https:\/\/diariodominicano.com\/index.php?rest_route=\/wp\/v2\/posts"}],"about":[{"href":"https:\/\/diariodominicano.com\/index.php?rest_route=\/wp\/v2\/types\/post"}],"author":[{"embeddable":true,"href":"https:\/\/diariodominicano.com\/index.php?rest_route=\/wp\/v2\/users\/3"}],"replies":[{"embeddable":true,"href":"https:\/\/diariodominicano.com\/index.php?rest_route=%2Fwp%2Fv2%2Fcomments&post=192019"}],"version-history":[{"count":0,"href":"https:\/\/diariodominicano.com\/index.php?rest_route=\/wp\/v2\/posts\/192019\/revisions"}],"wp:attachment":[{"href":"https:\/\/diariodominicano.com\/index.php?rest_route=%2Fwp%2Fv2%2Fmedia&parent=192019"}],"wp:term":[{"taxonomy":"category","embeddable":true,"href":"https:\/\/diariodominicano.com\/index.php?rest_route=%2Fwp%2Fv2%2Fcategories&post=192019"},{"taxonomy":"post_tag","embeddable":true,"href":"https:\/\/diariodominicano.com\/index.php?rest_route=%2Fwp%2Fv2%2Ftags&post=192019"}],"curies":[{"name":"wp","href":"https:\/\/api.w.org\/{rel}","templated":true}]}}