{"id":192017,"date":"2007-11-08T19:06:28","date_gmt":"2007-11-08T19:06:28","guid":{"rendered":"http:\/\/diariodominicano.ddns.net\/?p=192017"},"modified":"2007-11-08T19:06:28","modified_gmt":"2007-11-08T19:06:28","slug":"ptd-propone-plan-de-recuperacion-nacional","status":"publish","type":"post","link":"https:\/\/diariodominicano.com\/?p=192017","title":{"rendered":"PTD propone plan de recuperaci\u00f3n nacional"},"content":{"rendered":"<p><body><\/p>\n<p align=\"justify\"><span class=\"titulogrande1\">PTD  propone plan de recuperaci\u00f3n nacional<\/span><br \/>&#13;<br \/>\n  <br \/>&#13;<br \/>\n    <span class=\"text1noticias\"><strong>SANTO  DOMINGO.-<\/strong> El Partido de los Trabajadores Dominicanos (PTD) propuso la ejecuci\u00f3n  de un \u201cPlan Inmediato de Recuperaci\u00f3n Nacional\u201d, para la normalizaci\u00f3n de la  vida econ\u00f3mica y social del pa\u00eds y la rehabilitaci\u00f3n del aparato productivo,  seriamente afectado por la tormenta Noel. <br \/>&#13;<br \/>\n    <br \/>&#13;<br \/>\n    En  un documento titulado \u201cCompromiso Solidario Para Recuperar el Pa\u00eds\u201d, el PTD  propone 12 medidas para enfrentar las consecuencias de Noel, incluyendo la  vuelta a sus hogares de los damnificados y la agilizaci\u00f3n de la reconstrucci\u00f3n  de la infraestructura vial de comunicaci\u00f3n primaria, secundaria y terciaria. <br \/>&#13;<br \/>\n    <br \/>&#13;<br \/>\n    Considera  como alentador que ante esta tragedia, el Presidente Leonel Fern\u00e1ndez acude a  los lugares afectados disponiendo la atenci\u00f3n a las necesidades de la gente. <br \/>&#13;<br \/>\n    <br \/>&#13;<br \/>\n    El  PTD propone asegurar el abasto alimentario de la poblaci\u00f3n, mediante pol\u00edticas  eficientes de apoyo a la producci\u00f3n agr\u00edcola y pecuaria con \u00e9nfasis en los  cultivos de ciclo corto. <br \/>&#13;<br \/>\n    <br \/>&#13;<br \/>\n    Asimismo,  intensificar los esfuerzos gubernamentales y municipales para la puesta en  operaci\u00f3n, cuanto antes, de los numerosos acueductos que quedaron fuera de  servicio y redoblar las campa\u00f1as educativas para la adecuada purificaci\u00f3n del  agua potable. <br \/>&#13;<br \/>\n    <br \/>&#13;<br \/>\n    Otras  medidas sugeridas son actuar r\u00e1pidamente para la recuperaci\u00f3n del sistema de  canales y de las instalaciones complementarias del proceso de riego y drenaje,  y garantizar el suministro y distribuci\u00f3n eficiente de energ\u00eda el\u00e9ctrica,  evitando el alza de la tarifa y cualquier prop\u00f3sito especulativo de las  empresas del sector el\u00e9ctrico. <br \/>&#13;<br \/>\n    <br \/>&#13;<br \/>\n\u201cEn  el marco del plan de recuperaci\u00f3n, la cuesti\u00f3n de la vivienda saludable y  segura ocupa un lugar de primer orden. En tal sentido, deben aplicarse  rigurosamente las disposiciones legales que regulan los asentamientos en  lugares de alto riesgo\u201d, plantea.<br \/>&#13;<br \/>\n<br \/>&#13;<br \/>\nEn  torno a la ola especulativa con los precios de los art\u00edculos de primera  necesidad que se ha producido luego de la tormenta, el PTD propone aplicar con  severidad las disposiciones que sancionan el acaparamiento y la especulaci\u00f3n. <br \/>&#13;<br \/>\n<br \/>&#13;<br \/>\n\u201cEl  Congreso Nacional y el Poder Ejecutivo, en uso de sus facultades  constitucionales deben disponer la asignaci\u00f3n de recursos necesarios para  garantizar el cumplimiento de los objetivos propuestos y recabar la cooperaci\u00f3n  internacional solidaria sin condicionamiento ideol\u00f3gico ni de geopolitica\u201d,  dice.<br \/>&#13;<br \/>\n<br \/>&#13;<br \/>\nIndica  \u00a0que para garantizar el \u00e9xito del  programa de recuperaci\u00f3n que necesita el pa\u00eds, conviene unificar las  orientaciones y los mandos para que las actuaciones de los mecanismos institucionales  operativos sean \u00e1giles y flexibles, con una amplia participaci\u00f3n de los  ciudadanos y ciudadanas, sin exclusi\u00f3n. <\/span><\/p>\n<p>&#13;<\/p>\n<h6> 2007-11-08 19:06:28 <\/h6>\n<p><!--\n<link rel=\"stylesheet\" href=\"css\/bootstrap.min.css\">\n\n\n<ul class=\"pagination\">\n\t    \n\t\n\n<li >\n\t<a href='?page_no=34764'>Previous<\/a>\n\t<\/li>\n\n\n       \n    \n\n<li><a href='?page_no=1'>1<\/a><\/li>\n\n\n\n<li><a href='?page_no=2'>2<\/a><\/li>\n\n\n\n<li><a>...<\/a><\/li>\n\n\n\n<li><a href='?page_no=34763'>34763<\/a><\/li>\n\n\n\n<li><a href='?page_no=34764'>34764<\/a><\/li>\n\n\n\n<li class='active'><a>34765<\/a><\/li>\n\n\n\n<li><a href='?page_no=34766'>34766<\/a><\/li>\n\n\n\n<li><a href='?page_no=34767'>34767<\/a><\/li>\n\n\n\n<li><a>...<\/a><\/li>\n\n\n\n<li><a href='?page_no=36999'>36999<\/a><\/li>\n\n\n\n<li><a href='?page_no=37000'>37000<\/a><\/li>\n\n    \n\t\n\n<li >\n\t<a href='?page_no=34766'>Next<\/a>\n\t<\/li>\n\n\n    \n\n<li><a href='?page_no=37000'>Last &rsaquo;&rsaquo;<\/a><\/li>\n\n<\/ul>\n\n\n--><br \/>\n<\/body><\/p>\n","protected":false},"excerpt":{"rendered":"<p>PTD propone plan de recuperaci\u00f3n nacional&#13; &#13; SANTO DOMINGO.- El Partido de los Trabajadores Dominicanos (PTD) propuso la ejecuci\u00f3n de un \u201cPlan Inmediato de Recuperaci\u00f3n Nacional\u201d, para la normalizaci\u00f3n de la vida econ\u00f3mica y social del pa\u00eds y la rehabilitaci\u00f3n del aparato productivo, seriamente afectado por la tormenta Noel. &#13; &#13; En un documento titulado [&hellip;]<\/p>\n","protected":false},"author":3,"featured_media":0,"comment_status":"open","ping_status":"open","sticky":false,"template":"","format":"standard","meta":{"footnotes":""},"categories":[22],"tags":[],"class_list":["post-192017","post","type-post","status-publish","format-standard","hentry","category-politica"],"_links":{"self":[{"href":"https:\/\/diariodominicano.com\/index.php?rest_route=\/wp\/v2\/posts\/192017","targetHints":{"allow":["GET"]}}],"collection":[{"href":"https:\/\/diariodominicano.com\/index.php?rest_route=\/wp\/v2\/posts"}],"about":[{"href":"https:\/\/diariodominicano.com\/index.php?rest_route=\/wp\/v2\/types\/post"}],"author":[{"embeddable":true,"href":"https:\/\/diariodominicano.com\/index.php?rest_route=\/wp\/v2\/users\/3"}],"replies":[{"embeddable":true,"href":"https:\/\/diariodominicano.com\/index.php?rest_route=%2Fwp%2Fv2%2Fcomments&post=192017"}],"version-history":[{"count":0,"href":"https:\/\/diariodominicano.com\/index.php?rest_route=\/wp\/v2\/posts\/192017\/revisions"}],"wp:attachment":[{"href":"https:\/\/diariodominicano.com\/index.php?rest_route=%2Fwp%2Fv2%2Fmedia&parent=192017"}],"wp:term":[{"taxonomy":"category","embeddable":true,"href":"https:\/\/diariodominicano.com\/index.php?rest_route=%2Fwp%2Fv2%2Fcategories&post=192017"},{"taxonomy":"post_tag","embeddable":true,"href":"https:\/\/diariodominicano.com\/index.php?rest_route=%2Fwp%2Fv2%2Ftags&post=192017"}],"curies":[{"name":"wp","href":"https:\/\/api.w.org\/{rel}","templated":true}]}}