{"id":192016,"date":"2007-11-08T19:10:20","date_gmt":"2007-11-08T19:10:20","guid":{"rendered":"http:\/\/diariodominicano.ddns.net\/?p=192016"},"modified":"2007-11-08T19:10:20","modified_gmt":"2007-11-08T19:10:20","slug":"radhames-camacho-ve-atinada-decision-aplazar-acto-proclamacion-leonel-fernandez","status":"publish","type":"post","link":"https:\/\/diariodominicano.com\/?p=192016","title":{"rendered":"Radham\u00e9s Camacho ve atinada decisi\u00f3n aplazar acto proclamaci\u00f3n Leonel Fern\u00e1ndez"},"content":{"rendered":"<p><body><\/p>\n<p align=\"justify\" class=\"titulogrande1\">Radham\u00e9s  Camacho ve atinada decisi\u00f3n aplazar acto  proclamaci\u00f3n Leonel Fern\u00e1ndez<\/p>\n<p>&#13;<\/p>\n<p align=\"justify\" class=\"text1noticias\"><strong>Santo Domingo.-<\/strong> Radham\u00e9s  Camacho, miembro del Comit\u00e9 Pol\u00edtico del Partido de la Liberaci\u00f3n Dominicana  (PLD), confirm\u00f3 que dado el tramo dif\u00edcil, que vive la naci\u00f3n es atinada la  decisi\u00f3n de aplazar el acto de proclamaci\u00f3n del Doctor\u00a0 Leonel Fern\u00e1ndez, presidente de la Republica y del PLD,  como candidato presidencial de esa organizaci\u00f3n. <\/p>\n<p>&#13;<\/p>\n<p align=\"justify\" class=\"text1noticias\">Expres\u00f3 que \u00abnos parece  que el tiempo es corto, porque este tramo es bastante dif\u00edcil\u00bb. <\/p>\n<p>&#13;<\/p>\n<p align=\"justify\" class=\"text1noticias\">Critic\u00f3 que se est\u00e9  buscando\u00a0 culpables de los males que  gener\u00f3 la tormenta Noel, al tiempo que favorece, el que se de una labor de  naci\u00f3n para que en momentos como estos, cada persona conozca el rol que le  corresponda. <\/p>\n<p>&#13;<\/p>\n<p align=\"justify\" class=\"text1noticias\">A\u00f1adi\u00f3 que \u00abpor ejemplo, en Cuba, cuando  se da una alerta roja todo el mundo sabe que comportamiento adoptar porque se  han preparado para los fen\u00f3menos atmosf\u00e9ricos y nosotros que estamos colocado  en el centro de la ruta de los huracanes debemos tomar medidas\u00bb. <\/p>\n<p>&#13;<\/p>\n<p align=\"justify\" class=\"text1noticias\">Manifest\u00f3 que la visi\u00f3n de  naci\u00f3n no es s\u00f3lo en el plano educativo sino de presupuesto, asistencia y  capitalizaci\u00f3n de los organismos de socorro. <\/p>\n<p>&#13;<\/p>\n<p align=\"justify\" class=\"text1noticias\">Adujo que \u00abel COE no  tenga que depender de que si se hace un marat\u00f3n para que tengan s\u00e1bana, para  que tengan votes, para que tengan yolas\u00bb. <\/p>\n<p>&#13;<\/p>\n<p align=\"justify\" class=\"text1noticias\">Dijo que el tema de las  cat\u00e1strofes debe prest\u00e1rsele m\u00e1s atenci\u00f3n sobre todo en estos momentos en el  que se conoce del calentamiento de la atm\u00f3sfera en el mundo. <\/p>\n<p>&#13;<\/p>\n<p align=\"justify\" class=\"text1noticias\">\u00abDebe incorporarse incluso en t\u00e9rmino del  curr\u00edculo la materia de c\u00f3mo prevenir los efectos de los fen\u00f3menos  atmosf\u00e9ricos\u00bb, insisti\u00f3 el dirigente pol\u00edtico. <\/p>\n<p>&#13;<\/p>\n<p align=\"justify\" class=\"text1noticias\">Reiter\u00f3 que el aplazamiento de la proclamaci\u00f3n  de la candidatura del presidente de la Rep\u00fablica y del PLD, doctor Leonel Fern\u00e1ndez es  porque el momento que vive el pa\u00eds se presta para el servicio, como lo  inculcara el fundador del partido, el Profesor Juan Bosch. <\/p>\n<p>&#13;<\/p>\n<p align=\"justify\" class=\"text1noticias\">\u00abDon Juan nos ense\u00f1\u00f3 que el que no vive  para servir no sirve para vivir, entonces de alguna manera el presidente ha  estado asumiendo su rol de presidente de la Rep\u00fablica y de  Presidente del Partido\u00bb, sostuvo el dirigente del PLD. <\/p>\n<p>&#13;<\/p>\n<h6> 2007-11-08 19:10:20 <\/h6>\n<p><!--\n<link rel=\"stylesheet\" href=\"css\/bootstrap.min.css\">\n\n\n<ul class=\"pagination\">\n\t    \n\t\n\n<li >\n\t<a href='?page_no=34763'>Previous<\/a>\n\t<\/li>\n\n\n       \n    \n\n<li><a href='?page_no=1'>1<\/a><\/li>\n\n\n\n<li><a href='?page_no=2'>2<\/a><\/li>\n\n\n\n<li><a>...<\/a><\/li>\n\n\n\n<li><a href='?page_no=34762'>34762<\/a><\/li>\n\n\n\n<li><a href='?page_no=34763'>34763<\/a><\/li>\n\n\n\n<li class='active'><a>34764<\/a><\/li>\n\n\n\n<li><a href='?page_no=34765'>34765<\/a><\/li>\n\n\n\n<li><a href='?page_no=34766'>34766<\/a><\/li>\n\n\n\n<li><a>...<\/a><\/li>\n\n\n\n<li><a href='?page_no=36999'>36999<\/a><\/li>\n\n\n\n<li><a href='?page_no=37000'>37000<\/a><\/li>\n\n    \n\t\n\n<li >\n\t<a href='?page_no=34765'>Next<\/a>\n\t<\/li>\n\n\n    \n\n<li><a href='?page_no=37000'>Last &rsaquo;&rsaquo;<\/a><\/li>\n\n<\/ul>\n\n\n--><br \/>\n<\/body><\/p>\n","protected":false},"excerpt":{"rendered":"<p>Radham\u00e9s Camacho ve atinada decisi\u00f3n aplazar acto proclamaci\u00f3n Leonel Fern\u00e1ndez &#13; Santo Domingo.- Radham\u00e9s Camacho, miembro del Comit\u00e9 Pol\u00edtico del Partido de la Liberaci\u00f3n Dominicana (PLD), confirm\u00f3 que dado el tramo dif\u00edcil, que vive la naci\u00f3n es atinada la decisi\u00f3n de aplazar el acto de proclamaci\u00f3n del Doctor\u00a0 Leonel Fern\u00e1ndez, presidente de la Republica y [&hellip;]<\/p>\n","protected":false},"author":3,"featured_media":0,"comment_status":"open","ping_status":"open","sticky":false,"template":"","format":"standard","meta":{"footnotes":""},"categories":[22],"tags":[],"class_list":["post-192016","post","type-post","status-publish","format-standard","hentry","category-politica"],"_links":{"self":[{"href":"https:\/\/diariodominicano.com\/index.php?rest_route=\/wp\/v2\/posts\/192016","targetHints":{"allow":["GET"]}}],"collection":[{"href":"https:\/\/diariodominicano.com\/index.php?rest_route=\/wp\/v2\/posts"}],"about":[{"href":"https:\/\/diariodominicano.com\/index.php?rest_route=\/wp\/v2\/types\/post"}],"author":[{"embeddable":true,"href":"https:\/\/diariodominicano.com\/index.php?rest_route=\/wp\/v2\/users\/3"}],"replies":[{"embeddable":true,"href":"https:\/\/diariodominicano.com\/index.php?rest_route=%2Fwp%2Fv2%2Fcomments&post=192016"}],"version-history":[{"count":0,"href":"https:\/\/diariodominicano.com\/index.php?rest_route=\/wp\/v2\/posts\/192016\/revisions"}],"wp:attachment":[{"href":"https:\/\/diariodominicano.com\/index.php?rest_route=%2Fwp%2Fv2%2Fmedia&parent=192016"}],"wp:term":[{"taxonomy":"category","embeddable":true,"href":"https:\/\/diariodominicano.com\/index.php?rest_route=%2Fwp%2Fv2%2Fcategories&post=192016"},{"taxonomy":"post_tag","embeddable":true,"href":"https:\/\/diariodominicano.com\/index.php?rest_route=%2Fwp%2Fv2%2Ftags&post=192016"}],"curies":[{"name":"wp","href":"https:\/\/api.w.org\/{rel}","templated":true}]}}