{"id":192015,"date":"2007-11-08T19:14:21","date_gmt":"2007-11-08T19:14:21","guid":{"rendered":"http:\/\/diariodominicano.ddns.net\/?p=192015"},"modified":"2007-11-08T19:14:21","modified_gmt":"2007-11-08T19:14:21","slug":"expectativa-por-alocucion-del-presidente","status":"publish","type":"post","link":"https:\/\/diariodominicano.com\/?p=192015","title":{"rendered":"Expectativa por alocuci\u00f3n del Presidente"},"content":{"rendered":"<p><body><\/p>\n<p class=\"titulogrande1\"><strong>Expectativa por alocuci\u00f3n del Presidente \u00a0<\/strong> <\/p>\n<p>&#13;<\/p>\n<p><strong>Se espera anuncie plan de reconstrucci\u00f3n nacional <\/strong> <\/p>\n<p>&#13;<\/p>\n<p align=\"justify\" class=\"text1noticias\"><strong>Santo Domingo.-<\/strong> Gran expectativa ha creado en el pa\u00eds  la alocuci\u00f3n del presidente Leonel Fern\u00e1ndez este jueves\u00a0 en medio del  gran desastre y la desolaci\u00f3n que dej\u00f3 en el \u00a0pa\u00eds el paso de la tormenta tropical Noel. <br \/>&#13;<br \/>\n  <br \/>&#13;<br \/>\n  El Jefe del Estado \u00a0rendir\u00e1 un informe sobre los da\u00f1os provocados  por la tormenta Noel y anunciar\u00e1 el plan para la reconstrucci\u00f3n del pa\u00eds.<br \/>&#13;<br \/>\n  <br \/>&#13;<br \/>\n  Se espera que  Fern\u00e1ndez tambi\u00e9n se referir\u00eda al plan de ahorro de combustibles, tema que  estaba en agenda pero que fue aplazado por el paso del fen\u00f3meno natural. Cuando  el gobernante se reuni\u00f3 con un grupo de sindicalistas en el Palacio Nacional  expres\u00f3 su temor a \u201cla tormenta\u201d del aumento del precio del petr\u00f3leo en el  mercado internacional y su incidencia en el pa\u00eds. <br \/>&#13;<br \/>\n  <br \/>&#13;<br \/>\n  Un tema que se espera que se refiera el mandatario es  sobre un plan de construcci\u00f3n de viviendas y la forma como el Estado dar\u00e1  asistencia a los damnificados y a los campesinos que perdieron su cosecha. <br \/>&#13;<br \/>\n  <br \/>&#13;<br \/>\n  Sin embargo, Prensa de la Presidencia no ha  informado oficialmente cuales son los temas que tocar\u00e1 el Presidente o si  hablar\u00e1 del plan de ahorro de energ\u00eda. <br \/>&#13;<br \/>\n  <br \/>&#13;<br \/>\n  Fern\u00e1ndez  pronunciar\u00e1 su discurso a las 10: 00 de la noche por una cadena de radio y  televisi\u00f3n, luego de recibir un informe pormenorizado de la Comisi\u00f3n Nacional  de Emergencia (COE) sobre los da\u00f1os dejado en el pa\u00eds por la tormenta. Adem\u00e1s  del informe general, el presidente ha recibido un informe de cada dependencia  del Gobierno, como la   Secretar\u00eda de Agricultura, Obras P\u00fablicas, Salud P\u00fablicas,  Instituto Nacional de la   Vivienda (Invi), Polic\u00eda Nacional, Fuerzas Armadas y el  Instituto de Recursos Hidr\u00e1ulicos. \u00a0\u00a0<br \/>&#13;<br \/>\n  \u00a0\u00a0 <br \/>&#13;<br \/>\n  La tormenta comenz\u00f3 a causar da\u00f1os al pa\u00eds la noche del pasado domingo 30  de octubre. El mandatario inici\u00f3 un recorrido por todo el pa\u00eds para contactar  la condici\u00f3n en que qued\u00f3 la naci\u00f3n. El mandatario deber\u00e1 hablar del proceso de  recuperaci\u00f3n de puentes, carreteras, viviendas y de las plantaciones agr\u00edcolas.  \u00a0 <br \/>&#13;<br \/>\n  <br \/>&#13;<br \/>\n  Fern\u00e1ndez  suspendi\u00f3 el viaje que ten\u00eda previsto realizar a Chile, donde participar\u00eda en la Cumbre Iberoamericana  de gobernantes. <br \/>&#13;<br \/>\n  <br \/>&#13;<br \/>\n  Se  espera que en la alocuci\u00f3n que pronunciar\u00e1 este jueves el presidente Fern\u00e1ndez  le presente al pa\u00eds un plan que incluya, entre otros aspectos, medidas de  atenci\u00f3n permanente a las \u00e1reas vulnerables y la vigilancia adecuada para  evitar la exposici\u00f3n de las familias al peligro en asentamientos en lugares de  riesgo. <br \/>&#13;<br \/>\n  <br \/>&#13;<br \/>\n  Despu\u00e9s  de la tormenta, las distintas actividades del pa\u00eds se han estado normalizando  paulatinamente y con mucho optimismo. <br \/>&#13;<br \/>\n  <br \/>&#13;<br \/>\n  El  discurso del presidente ser\u00e1 probablemente un apoyo adicional a esa actitud  constructiva de los dominicanos. <br \/>&#13;<br \/>\n  <br \/>&#13;<br \/>\n  La Cumbre de  las Izquierdas organizada para este mes por el Partido de la Liberaci\u00f3n Dominicana  (PLD), con la participaci\u00f3n de varios jefes de Estado del continente,\u00a0 fue  suspendida por los desastres dejados por la tormenta Noel.\u00a0 <br \/>&#13;<br \/>\n  <br \/>&#13;<br \/>\n  Reinaldo Pared  P\u00e9rez, secretario general del PLD, anunci\u00f3 que la decisi\u00f3n se tom\u00f3 \u00a0en la  reuni\u00f3n extraordinaria del Comit\u00e9 Pol\u00edtico del PLD, celebrada en la Oficina Presidencial  situada en la zona universitaria. <\/p>\n<p>&#13;<\/p>\n<h6> 2007-11-08 19:14:21 <\/h6>\n<p><!--\n<link rel=\"stylesheet\" href=\"css\/bootstrap.min.css\">\n\n\n<ul class=\"pagination\">\n\t    \n\t\n\n<li >\n\t<a href='?page_no=34762'>Previous<\/a>\n\t<\/li>\n\n\n       \n    \n\n<li><a href='?page_no=1'>1<\/a><\/li>\n\n\n\n<li><a href='?page_no=2'>2<\/a><\/li>\n\n\n\n<li><a>...<\/a><\/li>\n\n\n\n<li><a href='?page_no=34761'>34761<\/a><\/li>\n\n\n\n<li><a href='?page_no=34762'>34762<\/a><\/li>\n\n\n\n<li class='active'><a>34763<\/a><\/li>\n\n\n\n<li><a href='?page_no=34764'>34764<\/a><\/li>\n\n\n\n<li><a href='?page_no=34765'>34765<\/a><\/li>\n\n\n\n<li><a>...<\/a><\/li>\n\n\n\n<li><a href='?page_no=36999'>36999<\/a><\/li>\n\n\n\n<li><a href='?page_no=37000'>37000<\/a><\/li>\n\n    \n\t\n\n<li >\n\t<a href='?page_no=34764'>Next<\/a>\n\t<\/li>\n\n\n    \n\n<li><a href='?page_no=37000'>Last &rsaquo;&rsaquo;<\/a><\/li>\n\n<\/ul>\n\n\n--><br \/>\n<\/body><\/p>\n","protected":false},"excerpt":{"rendered":"<p>Expectativa por alocuci\u00f3n del Presidente \u00a0 &#13; Se espera anuncie plan de reconstrucci\u00f3n nacional &#13; Santo Domingo.- Gran expectativa ha creado en el pa\u00eds la alocuci\u00f3n del presidente Leonel Fern\u00e1ndez este jueves\u00a0 en medio del gran desastre y la desolaci\u00f3n que dej\u00f3 en el \u00a0pa\u00eds el paso de la tormenta tropical Noel. &#13; &#13; El [&hellip;]<\/p>\n","protected":false},"author":3,"featured_media":0,"comment_status":"open","ping_status":"open","sticky":false,"template":"","format":"standard","meta":{"footnotes":""},"categories":[22],"tags":[],"class_list":["post-192015","post","type-post","status-publish","format-standard","hentry","category-politica"],"_links":{"self":[{"href":"https:\/\/diariodominicano.com\/index.php?rest_route=\/wp\/v2\/posts\/192015","targetHints":{"allow":["GET"]}}],"collection":[{"href":"https:\/\/diariodominicano.com\/index.php?rest_route=\/wp\/v2\/posts"}],"about":[{"href":"https:\/\/diariodominicano.com\/index.php?rest_route=\/wp\/v2\/types\/post"}],"author":[{"embeddable":true,"href":"https:\/\/diariodominicano.com\/index.php?rest_route=\/wp\/v2\/users\/3"}],"replies":[{"embeddable":true,"href":"https:\/\/diariodominicano.com\/index.php?rest_route=%2Fwp%2Fv2%2Fcomments&post=192015"}],"version-history":[{"count":0,"href":"https:\/\/diariodominicano.com\/index.php?rest_route=\/wp\/v2\/posts\/192015\/revisions"}],"wp:attachment":[{"href":"https:\/\/diariodominicano.com\/index.php?rest_route=%2Fwp%2Fv2%2Fmedia&parent=192015"}],"wp:term":[{"taxonomy":"category","embeddable":true,"href":"https:\/\/diariodominicano.com\/index.php?rest_route=%2Fwp%2Fv2%2Fcategories&post=192015"},{"taxonomy":"post_tag","embeddable":true,"href":"https:\/\/diariodominicano.com\/index.php?rest_route=%2Fwp%2Fv2%2Ftags&post=192015"}],"curies":[{"name":"wp","href":"https:\/\/api.w.org\/{rel}","templated":true}]}}