{"id":192014,"date":"2007-11-08T19:18:17","date_gmt":"2007-11-08T19:18:17","guid":{"rendered":"http:\/\/diariodominicano.ddns.net\/?p=192014"},"modified":"2007-11-08T19:18:17","modified_gmt":"2007-11-08T19:18:17","slug":"inaugurada-la-plaza-de-la-constitucion-en-santiago","status":"publish","type":"post","link":"https:\/\/diariodominicano.com\/?p=192014","title":{"rendered":"Inaugurada la Plaza de la Constituci\u00f3n, en Santiago"},"content":{"rendered":"<p><body><\/p>\n<p class=\"titulogrande1\">Inaugurada la Plaza de la Constituci\u00f3n, en  Santiago<\/p>\n<p>&#13;<\/p>\n<p align=\"justify\" class=\"text1noticias\"><strong>Santiago<\/strong>.- Con un \u00a0llamado del s\u00edndico Jos\u00e9 Enrique Sued a  rescatar los s\u00edmbolos patrios y de que se respete la Carta Sustantiva  del pa\u00eds, qued\u00f3 inaugurada la   Plaza de la   Constituci\u00f3n, la cual tuvo una inversi\u00f3n de 6.5 millones de  pesos.<\/p>\n<p>&#13;<\/p>\n<p align=\"justify\" class=\"text1noticias\">Es  otro espacio con que cuentan, a partir de ahora, los sectores locales para  acudir a recrearse y para realizar actividades culturales y art\u00edsticas, ya que  el lugar tiene los elementos necesarios para acoger c\u00f3modamente a una buena  cantidad de personas.<\/p>\n<p>&#13;<\/p>\n<p align=\"justify\" class=\"text1noticias\">La   Banda Municipal de  M\u00fasica, dirigida por el maestro V\u00edctor Batista, marc\u00f3 el inicio de la ceremonia  con la interpretaci\u00f3n del Himno Nacional y luego el padre Fray David V\u00e1squez,  acompa\u00f1ado del di\u00e1cono Pr\u00edamo Reyes, bendijo la obra.<\/p>\n<p>&#13;<\/p>\n<p align=\"justify\" class=\"text1noticias\">Luego  intervino \u00e9l sindico Sued, quien dio paso a la charla- conversatorio del  historiador, periodista y director del peri\u00f3dico La Informaci\u00f3n, \u00a0Fernando P\u00e9rez Mem\u00e9n, quien enfatiz\u00f3 en la  necesidad de fomentar el respeto a nuestra Constituci\u00f3n.<\/p>\n<p>&#13;<\/p>\n<p align=\"justify\" class=\"text1noticias\">Al  final, hubo un develizamiento escultural alusivo a la Constituci\u00f3n de la Rep\u00fablica de parte del  s\u00edndico y los invitados. Se trata de una imagen de la Rep\u00fablica Dominicana  con el escudo en el centro y m\u00e1s abajo el de la Biblia con las palabras de Dios,  Patria y Libertad.<\/p>\n<p>&#13;<\/p>\n<p align=\"justify\" class=\"text1noticias\">El  s\u00edndico Sued consider\u00f3 como necesario que se revaloricen nuestros s\u00edmbolos  patrios y que haya respeto por parte\u00a0 de  gobernantes y\u00a0 gobernados, la Carta Magna de la Naci\u00f3n, que es la raz\u00f3n de  existir de cualquier patria del mundo.<\/p>\n<p>&#13;<\/p>\n<p align=\"justify\" class=\"text1noticias\">Record\u00f3  que, con relaci\u00f3n a Santiago,\u00a0 desde el  gobierno se ha violado descaradamente nuestra Constituci\u00f3n,\u00a0 principalmente con la creaci\u00f3n del municipio  de Pu\u00f1al y con la retenci\u00f3n del 10 por ciento del presupuesto nacional a los  ayuntamientos del pa\u00eds.<\/p>\n<p>&#13;<\/p>\n<p align=\"justify\" class=\"text1noticias\">Sued  dedic\u00f3 parte de su intervenci\u00f3n para respaldar un editorial del peri\u00f3dico La Informaci\u00f3n en el que  lamentaba la p\u00e9rdida del patriotismo en nuestra naci\u00f3n,\u00a0 ya que en fechas importantes de nuestra  historia ni siquiera la bandera es colocada en los frentes de las viviendas,  \u201clo que es imperdonable\u201d.<\/p>\n<p>&#13;<\/p>\n<p align=\"justify\" class=\"text1noticias\">P\u00e9rez  Mem\u00e9n, en cambio, tuvo una interesante participaci\u00f3n al hablar amplia y  profundamente sobre la   Constituci\u00f3n, sentando c\u00e1tedras en este sentido, resaltando,  entre otras cosas, luego de algunas comparaciones, que nuestro pa\u00eds necesita  una Carta Sustantiva que sea genuinamente la expresi\u00f3n del pueblo.<\/p>\n<p>&#13;<\/p>\n<p align=\"justify\" class=\"text1noticias\">A  la ceremonia asistieron funcionarios municipales, regidores, representantes de  instituciones art\u00edsticas y culturales, de juntas de vecinos, personalidades de  la vida civil y personas del pueblo. La Banda Municipal de  M\u00fasica interpret\u00f3 al principio y al final de la actividad\u00a0 las notas del Himno Nacional, d\u00e1ndole un  toque de solemnidad al ambiente.<\/p>\n<p>&#13;<\/p>\n<h6> 2007-11-08 19:18:17 <\/h6>\n<p><!--\n<link rel=\"stylesheet\" href=\"css\/bootstrap.min.css\">\n\n\n<ul class=\"pagination\">\n\t    \n\t\n\n<li >\n\t<a href='?page_no=34761'>Previous<\/a>\n\t<\/li>\n\n\n       \n    \n\n<li><a href='?page_no=1'>1<\/a><\/li>\n\n\n\n<li><a href='?page_no=2'>2<\/a><\/li>\n\n\n\n<li><a>...<\/a><\/li>\n\n\n\n<li><a href='?page_no=34760'>34760<\/a><\/li>\n\n\n\n<li><a href='?page_no=34761'>34761<\/a><\/li>\n\n\n\n<li class='active'><a>34762<\/a><\/li>\n\n\n\n<li><a href='?page_no=34763'>34763<\/a><\/li>\n\n\n\n<li><a href='?page_no=34764'>34764<\/a><\/li>\n\n\n\n<li><a>...<\/a><\/li>\n\n\n\n<li><a href='?page_no=36999'>36999<\/a><\/li>\n\n\n\n<li><a href='?page_no=37000'>37000<\/a><\/li>\n\n    \n\t\n\n<li >\n\t<a href='?page_no=34763'>Next<\/a>\n\t<\/li>\n\n\n    \n\n<li><a href='?page_no=37000'>Last &rsaquo;&rsaquo;<\/a><\/li>\n\n<\/ul>\n\n\n--><br \/>\n<\/body><\/p>\n","protected":false},"excerpt":{"rendered":"<p>Inaugurada la Plaza de la Constituci\u00f3n, en Santiago &#13; Santiago.- Con un \u00a0llamado del s\u00edndico Jos\u00e9 Enrique Sued a rescatar los s\u00edmbolos patrios y de que se respete la Carta Sustantiva del pa\u00eds, qued\u00f3 inaugurada la Plaza de la Constituci\u00f3n, la cual tuvo una inversi\u00f3n de 6.5 millones de pesos. &#13; Es otro espacio con [&hellip;]<\/p>\n","protected":false},"author":3,"featured_media":0,"comment_status":"open","ping_status":"open","sticky":false,"template":"","format":"standard","meta":{"footnotes":""},"categories":[22],"tags":[],"class_list":["post-192014","post","type-post","status-publish","format-standard","hentry","category-politica"],"_links":{"self":[{"href":"https:\/\/diariodominicano.com\/index.php?rest_route=\/wp\/v2\/posts\/192014","targetHints":{"allow":["GET"]}}],"collection":[{"href":"https:\/\/diariodominicano.com\/index.php?rest_route=\/wp\/v2\/posts"}],"about":[{"href":"https:\/\/diariodominicano.com\/index.php?rest_route=\/wp\/v2\/types\/post"}],"author":[{"embeddable":true,"href":"https:\/\/diariodominicano.com\/index.php?rest_route=\/wp\/v2\/users\/3"}],"replies":[{"embeddable":true,"href":"https:\/\/diariodominicano.com\/index.php?rest_route=%2Fwp%2Fv2%2Fcomments&post=192014"}],"version-history":[{"count":0,"href":"https:\/\/diariodominicano.com\/index.php?rest_route=\/wp\/v2\/posts\/192014\/revisions"}],"wp:attachment":[{"href":"https:\/\/diariodominicano.com\/index.php?rest_route=%2Fwp%2Fv2%2Fmedia&parent=192014"}],"wp:term":[{"taxonomy":"category","embeddable":true,"href":"https:\/\/diariodominicano.com\/index.php?rest_route=%2Fwp%2Fv2%2Fcategories&post=192014"},{"taxonomy":"post_tag","embeddable":true,"href":"https:\/\/diariodominicano.com\/index.php?rest_route=%2Fwp%2Fv2%2Ftags&post=192014"}],"curies":[{"name":"wp","href":"https:\/\/api.w.org\/{rel}","templated":true}]}}