{"id":192013,"date":"2007-11-08T19:28:28","date_gmt":"2007-11-08T19:28:28","guid":{"rendered":"http:\/\/diariodominicano.ddns.net\/?p=192013"},"modified":"2007-11-08T19:28:28","modified_gmt":"2007-11-08T19:28:28","slug":"amable-aristy-dice-malos-gobiernos-prd-y-pld-convierten-pais-en-gran-refugio-de-damnificados-permanentes","status":"publish","type":"post","link":"https:\/\/diariodominicano.com\/?p=192013","title":{"rendered":"Amable Aristy dice malos gobiernos PRD y PLD convierten pa\u00eds en gran refugio de damnificados permanentes"},"content":{"rendered":"<p><body><\/p>\n<p align=\"justify\" class=\"titulogrande1\"><strong> Amable Aristy dice malos gobiernos PRD y PLD  convierten pa\u00eds en gran refugio de damnificados permanentes<\/strong><\/p>\n<p>&#13;<\/p>\n<p align=\"justify\" class=\"text1noticias\"><strong><img loading=\"lazy\" decoding=\"async\" src=\"http:\/\/localhost:8080\/pictures\/amable en villa.jpg\" width=\"269\" height=\"551\" hspace=\"4\" align=\"left\" \/>Santo  Domingo.-<\/strong> El candidato presidencial reformista, Amable Aristy, acus\u00f3 a los  gobiernos de los partidos Revolucionario Dominicano (PRD) y\u00a0 de la Liberaci\u00f3n Dominicana  (PLD) de convertir la Republica Dominicana  en un \u201cgran refugio\u201d de damnificados permanentes, por haber empujado a la  pobreza y pobreza extrema al 80 por ciento de la poblaci\u00f3n.<\/p>\n<p>&#13;<\/p>\n<p align=\"justify\" class=\"text1noticias\">Dijo  que \u201cel pa\u00eds est\u00e1 repleto de pobres por culpa de las malas administraciones del  PRD y el PLD\u201d, dijo Aristy Castro al encabezar un \u201ccacerolazo contra la  pobreza\u201d en el populoso sector de Maquiteria, de Villa Duarte, donde recibi\u00f3 un  amplio respaldo de miles de personas que le acompa\u00f1aron en su caravana con  calderos vac\u00edos y cucharones que hac\u00edan sonar repetidamente.<\/p>\n<p>&#13;<\/p>\n<p align=\"justify\" class=\"text1noticias\">Asegur\u00f3  que el gobierno de los pobres que encabezar\u00e1 a partir del 16 de agosto del  pr\u00f3ximo a\u00f1o tras su triunfo en las elecciones venideras, convertir\u00e1 a millones  de dominicanos que viven en la miseria en ciudadanos con derechos y deberes,  garantiz\u00e1ndole salud, educaci\u00f3n, agua potable, electricidad, transporte,  empleos, viviendas y seguridad.<\/p>\n<p>&#13;<\/p>\n<p align=\"justify\" class=\"text1noticias\">Resalt\u00f3  que los pobres dejar\u00e1n de ser ciudadanos con muchos deberes y sin ning\u00fan  derecho, \u201ccomo han vivido en los gobiernos perredeista y peledeista, porque en  nuestra administraci\u00f3n los pobres ser\u00e1n los primeros\u201d.<\/p>\n<p>&#13;<\/p>\n<p align=\"justify\" class=\"text1noticias\">Dijo  que en el pa\u00eds hay ocho millones de pobres y que la pobreza no solo se limita a  la indigencia y la carencia de servicios, \u201csino que hay muchos tipos de pobres,  por un lado los indigentes y profesionales sin trabajo que no pueden pagar luz,  tel\u00e9fono, vivienda y los estudios de sus hijos\u201d.<\/p>\n<p>&#13;<\/p>\n<p align=\"justify\" class=\"text1noticias\">Apunt\u00f3  que \u201ctambi\u00e9n hay muchos pobres peque\u00f1os comerciantes quebrados por la voracidad  fiscal del gobierno y la falta de financiamiento, ch\u00f3feres quebrados por el  alto costo de los combustibles y empleados p\u00fablicos, que ganan sueldos de  miseria\u201d.<\/p>\n<p>&#13;<\/p>\n<p align=\"justify\" class=\"text1noticias\">Durante  la marcha, que inici\u00f3 poco despu\u00e9s de las once de la ma\u00f1ana y se extendi\u00f3 cerca  de las dos de la tarde, se escuchaban temas musicales alusivos a la candidatura  de Amable Aristy interpretados por destacados merengueros. Igualmente se  lanzaban consignas como \u201cAmable es la soluci\u00f3n de los pobres\u201d y \u201cAmable es  quien enciende los fogones de los pobres\u201d.<\/p>\n<p>&#13;<\/p>\n<p align=\"justify\" class=\"text1noticias\">El  candidato presidencial reformista aprovech\u00f3 la actividad para distribuir  gallinas, salami, estufas, tanques de gas, pl\u00e1tanos, mosquiteros, colchones y  frazadas y se desarrollaron dos operativos m\u00e9dicos, donde se atendieron a miles  de personas, en su mayor\u00eda ni\u00f1os y ancianos,\u00a0que padecen de diferentes enfermedades.<\/p>\n<p>&#13;<\/p>\n<p align=\"justify\" class=\"text1noticias\">Aristy  estuvo acompa\u00f1ado del vocero de la bancada reformista en el Senado, Adriano  S\u00e1nchez Roa; el ex presidente del Senado, Jos\u00e9 Osvaldo Leger; Johnny Jones, a  ex secretaria del presidente Joaqu\u00edn Balaguer, Rosa Dom\u00ednguez; el regidor del  Ayuntamiento Santo Domingo Este, Placido Domingo, y el director ejecutivo de  campa\u00f1a, Sergio Cede\u00f1o, y el subdirector de campa\u00f1a, Ram\u00f3n Rogelio Genao, entre  otros.<\/p>\n<p>&#13;<\/p>\n<h6> 2007-11-08 19:28:28 <\/h6>\n<p><!--\n<link rel=\"stylesheet\" href=\"css\/bootstrap.min.css\">\n\n\n<ul class=\"pagination\">\n\t    \n\t\n\n<li >\n\t<a href='?page_no=34760'>Previous<\/a>\n\t<\/li>\n\n\n       \n    \n\n<li><a href='?page_no=1'>1<\/a><\/li>\n\n\n\n<li><a href='?page_no=2'>2<\/a><\/li>\n\n\n\n<li><a>...<\/a><\/li>\n\n\n\n<li><a href='?page_no=34759'>34759<\/a><\/li>\n\n\n\n<li><a href='?page_no=34760'>34760<\/a><\/li>\n\n\n\n<li class='active'><a>34761<\/a><\/li>\n\n\n\n<li><a href='?page_no=34762'>34762<\/a><\/li>\n\n\n\n<li><a href='?page_no=34763'>34763<\/a><\/li>\n\n\n\n<li><a>...<\/a><\/li>\n\n\n\n<li><a href='?page_no=36999'>36999<\/a><\/li>\n\n\n\n<li><a href='?page_no=37000'>37000<\/a><\/li>\n\n    \n\t\n\n<li >\n\t<a href='?page_no=34762'>Next<\/a>\n\t<\/li>\n\n\n    \n\n<li><a href='?page_no=37000'>Last &rsaquo;&rsaquo;<\/a><\/li>\n\n<\/ul>\n\n\n--><br \/>\n<\/body><\/p>\n","protected":false},"excerpt":{"rendered":"<p>Amable Aristy dice malos gobiernos PRD y PLD convierten pa\u00eds en gran refugio de damnificados permanentes &#13; Santo Domingo.- El candidato presidencial reformista, Amable Aristy, acus\u00f3 a los gobiernos de los partidos Revolucionario Dominicano (PRD) y\u00a0 de la Liberaci\u00f3n Dominicana (PLD) de convertir la Republica Dominicana en un \u201cgran refugio\u201d de damnificados permanentes, por haber [&hellip;]<\/p>\n","protected":false},"author":3,"featured_media":0,"comment_status":"open","ping_status":"open","sticky":false,"template":"","format":"standard","meta":{"footnotes":""},"categories":[22],"tags":[],"class_list":["post-192013","post","type-post","status-publish","format-standard","hentry","category-politica"],"_links":{"self":[{"href":"https:\/\/diariodominicano.com\/index.php?rest_route=\/wp\/v2\/posts\/192013","targetHints":{"allow":["GET"]}}],"collection":[{"href":"https:\/\/diariodominicano.com\/index.php?rest_route=\/wp\/v2\/posts"}],"about":[{"href":"https:\/\/diariodominicano.com\/index.php?rest_route=\/wp\/v2\/types\/post"}],"author":[{"embeddable":true,"href":"https:\/\/diariodominicano.com\/index.php?rest_route=\/wp\/v2\/users\/3"}],"replies":[{"embeddable":true,"href":"https:\/\/diariodominicano.com\/index.php?rest_route=%2Fwp%2Fv2%2Fcomments&post=192013"}],"version-history":[{"count":0,"href":"https:\/\/diariodominicano.com\/index.php?rest_route=\/wp\/v2\/posts\/192013\/revisions"}],"wp:attachment":[{"href":"https:\/\/diariodominicano.com\/index.php?rest_route=%2Fwp%2Fv2%2Fmedia&parent=192013"}],"wp:term":[{"taxonomy":"category","embeddable":true,"href":"https:\/\/diariodominicano.com\/index.php?rest_route=%2Fwp%2Fv2%2Fcategories&post=192013"},{"taxonomy":"post_tag","embeddable":true,"href":"https:\/\/diariodominicano.com\/index.php?rest_route=%2Fwp%2Fv2%2Ftags&post=192013"}],"curies":[{"name":"wp","href":"https:\/\/api.w.org\/{rel}","templated":true}]}}