{"id":192011,"date":"2007-11-09T12:49:44","date_gmt":"2007-11-09T12:49:44","guid":{"rendered":"http:\/\/diariodominicano.ddns.net\/?p=192011"},"modified":"2007-11-09T12:49:44","modified_gmt":"2007-11-09T12:49:44","slug":"jce-entregara-cedulas-a-adolescentes-embarazadas-o-paridas","status":"publish","type":"post","link":"https:\/\/diariodominicano.com\/?p=192011","title":{"rendered":"JCE entregar\u00e1 c\u00e9dulas a adolescentes embarazadas o paridas"},"content":{"rendered":"<p><body><\/p>\n<p class=\"titulogrande1\">JCE  entregar\u00e1 c\u00e9dulas a adolescentes embarazadas o paridas<\/p>\n<p>&#13;<\/p>\n<p align=\"justify\" class=\"text1noticias\"><strong>SANTO DOMINGO.-<\/strong> La Junta Central  Electoral aprob\u00f3 dotar de c\u00e9dulas a las adolescentes embarazadas y paridas para  que puedan declarar a sus hijos.<\/p>\n<p>&#13;<\/p>\n<p align=\"justify\" class=\"text1noticias\">La disposici\u00f3n establece que s\u00f3lo las madres y embarazadas de esa  edad podr\u00e1n adquirir el documento.<\/p>\n<p>&#13;<\/p>\n<p align=\"justify\" class=\"text1noticias\">El pleno acogi\u00f3 la propuesta  del juez Jos\u00e9 \u00c1ngel Aquino y emiti\u00f3 una resoluci\u00f3n aprobando la medida- <\/p>\n<p>&#13;<\/p>\n<p align=\"justify\" class=\"text1noticias\">Pese a la cantidad de adolescentes que tienen hijos o est\u00e1n  embarazadas en el pa\u00eds, \u00e9stas no pod\u00edan declarar a sus criaturas hasta que cumplieran 16 a\u00f1os por la falta de c\u00e9dula de  identidad, aunque en los hospitales se emite la partida de nacimiento antes de  salir del centro de salud. <\/p>\n<p>&#13;<\/p>\n<h6> 2007-11-09 12:49:44 <\/h6>\n<p><!--\n<link rel=\"stylesheet\" href=\"css\/bootstrap.min.css\">\n\n\n<ul class=\"pagination\">\n\t    \n\t\n\n<li >\n\t<a href='?page_no=34758'>Previous<\/a>\n\t<\/li>\n\n\n       \n    \n\n<li><a href='?page_no=1'>1<\/a><\/li>\n\n\n\n<li><a href='?page_no=2'>2<\/a><\/li>\n\n\n\n<li><a>...<\/a><\/li>\n\n\n\n<li><a href='?page_no=34757'>34757<\/a><\/li>\n\n\n\n<li><a href='?page_no=34758'>34758<\/a><\/li>\n\n\n\n<li class='active'><a>34759<\/a><\/li>\n\n\n\n<li><a href='?page_no=34760'>34760<\/a><\/li>\n\n\n\n<li><a href='?page_no=34761'>34761<\/a><\/li>\n\n\n\n<li><a>...<\/a><\/li>\n\n\n\n<li><a href='?page_no=36999'>36999<\/a><\/li>\n\n\n\n<li><a href='?page_no=37000'>37000<\/a><\/li>\n\n    \n\t\n\n<li >\n\t<a href='?page_no=34760'>Next<\/a>\n\t<\/li>\n\n\n    \n\n<li><a href='?page_no=37000'>Last &rsaquo;&rsaquo;<\/a><\/li>\n\n<\/ul>\n\n\n--><br \/>\n<\/body><\/p>\n","protected":false},"excerpt":{"rendered":"<p>JCE entregar\u00e1 c\u00e9dulas a adolescentes embarazadas o paridas &#13; SANTO DOMINGO.- La Junta Central Electoral aprob\u00f3 dotar de c\u00e9dulas a las adolescentes embarazadas y paridas para que puedan declarar a sus hijos. &#13; La disposici\u00f3n establece que s\u00f3lo las madres y embarazadas de esa edad podr\u00e1n adquirir el documento. &#13; El pleno acogi\u00f3 la propuesta [&hellip;]<\/p>\n","protected":false},"author":3,"featured_media":0,"comment_status":"open","ping_status":"open","sticky":false,"template":"","format":"standard","meta":{"footnotes":""},"categories":[22],"tags":[],"class_list":["post-192011","post","type-post","status-publish","format-standard","hentry","category-politica"],"_links":{"self":[{"href":"https:\/\/diariodominicano.com\/index.php?rest_route=\/wp\/v2\/posts\/192011","targetHints":{"allow":["GET"]}}],"collection":[{"href":"https:\/\/diariodominicano.com\/index.php?rest_route=\/wp\/v2\/posts"}],"about":[{"href":"https:\/\/diariodominicano.com\/index.php?rest_route=\/wp\/v2\/types\/post"}],"author":[{"embeddable":true,"href":"https:\/\/diariodominicano.com\/index.php?rest_route=\/wp\/v2\/users\/3"}],"replies":[{"embeddable":true,"href":"https:\/\/diariodominicano.com\/index.php?rest_route=%2Fwp%2Fv2%2Fcomments&post=192011"}],"version-history":[{"count":0,"href":"https:\/\/diariodominicano.com\/index.php?rest_route=\/wp\/v2\/posts\/192011\/revisions"}],"wp:attachment":[{"href":"https:\/\/diariodominicano.com\/index.php?rest_route=%2Fwp%2Fv2%2Fmedia&parent=192011"}],"wp:term":[{"taxonomy":"category","embeddable":true,"href":"https:\/\/diariodominicano.com\/index.php?rest_route=%2Fwp%2Fv2%2Fcategories&post=192011"},{"taxonomy":"post_tag","embeddable":true,"href":"https:\/\/diariodominicano.com\/index.php?rest_route=%2Fwp%2Fv2%2Ftags&post=192011"}],"curies":[{"name":"wp","href":"https:\/\/api.w.org\/{rel}","templated":true}]}}