{"id":192009,"date":"2007-11-09T19:18:39","date_gmt":"2007-11-09T19:18:39","guid":{"rendered":"http:\/\/diariodominicano.ddns.net\/?p=192009"},"modified":"2007-11-09T19:18:39","modified_gmt":"2007-11-09T19:18:39","slug":"jce-decide-sacar-de-medios-campana-de-partidos-politicos","status":"publish","type":"post","link":"https:\/\/diariodominicano.com\/?p=192009","title":{"rendered":"JCE decide sacar de medios campa\u00f1a de partidos pol\u00edticos"},"content":{"rendered":"<p><body><\/p>\n<p class=\"titulogrande1\"><strong>JCE decide sacar  de medios campa\u00f1a de partidos pol\u00edticos<\/strong><\/p>\n<p>&#13;<\/p>\n<p align=\"justify\" class=\"text1noticias\"><strong>SANTO DOMINGO.-<\/strong> La   Junta Central Electoral (JCE) decidi\u00f3 sacar de los medios de  comunicaci\u00f3n\u00a0\u00a0 los anuncios  publicitarios de los partidos pol\u00edticos, argumentando que ese tribunal todav\u00eda  no ha hecho la proclama oficial que abre la campa\u00f1a.<br \/>&#13;<br \/>\n  <br \/>&#13;<br \/>\nEntre  los mensajes que fueron sacados est\u00e1\u00a0 el  spot del Partido de la   Liberaci\u00f3n Dominicana (PLD) donde aparece un actor ex  teniente del Ejercito Nacional, recordando la  crisis que sufri\u00f3 el pa\u00eds en la pasada administraci\u00f3n del PRD.<br \/>&#13;<br \/>\n<br \/>&#13;<br \/>\nLa decisi\u00f3n fue adoptada \u00a0en una reuni\u00f3n del pleno que termin\u00f3 la  madrugada de este viernes.<br \/>&#13;<br \/>\n<br \/>&#13;<br \/>\nEl pleno argument\u00f3 que con el referido  spot\u00a0 publicitario se\u00a0 viola la Constituci\u00f3n de la Rep\u00fablica, la Ley Electoral y los  reglamentos de las Fuerzas Armadas. \u00a0<br \/>&#13;<br \/>\n<br \/>&#13;<br \/>\nEn cuanto a la campa\u00f1a de los partidos, la Ley Electoral  establece que la proclama de la campa\u00f1a debe hacerse tres meses antes de las  elecciones del 16 de mayo, es decir a partir del 16 de marzo.<\/p>\n<p>&#13;<\/p>\n<h6> 2007-11-09 19:18:39 <\/h6>\n<p><!--\n<link rel=\"stylesheet\" href=\"css\/bootstrap.min.css\">\n\n\n<ul class=\"pagination\">\n\t    \n\t\n\n<li >\n\t<a href='?page_no=34756'>Previous<\/a>\n\t<\/li>\n\n\n       \n    \n\n<li><a href='?page_no=1'>1<\/a><\/li>\n\n\n\n<li><a href='?page_no=2'>2<\/a><\/li>\n\n\n\n<li><a>...<\/a><\/li>\n\n\n\n<li><a href='?page_no=34755'>34755<\/a><\/li>\n\n\n\n<li><a href='?page_no=34756'>34756<\/a><\/li>\n\n\n\n<li class='active'><a>34757<\/a><\/li>\n\n\n\n<li><a href='?page_no=34758'>34758<\/a><\/li>\n\n\n\n<li><a href='?page_no=34759'>34759<\/a><\/li>\n\n\n\n<li><a>...<\/a><\/li>\n\n\n\n<li><a href='?page_no=36999'>36999<\/a><\/li>\n\n\n\n<li><a href='?page_no=37000'>37000<\/a><\/li>\n\n    \n\t\n\n<li >\n\t<a href='?page_no=34758'>Next<\/a>\n\t<\/li>\n\n\n    \n\n<li><a href='?page_no=37000'>Last &rsaquo;&rsaquo;<\/a><\/li>\n\n<\/ul>\n\n\n--><br \/>\n<\/body><\/p>\n","protected":false},"excerpt":{"rendered":"<p>JCE decide sacar de medios campa\u00f1a de partidos pol\u00edticos &#13; SANTO DOMINGO.- La Junta Central Electoral (JCE) decidi\u00f3 sacar de los medios de comunicaci\u00f3n\u00a0\u00a0 los anuncios publicitarios de los partidos pol\u00edticos, argumentando que ese tribunal todav\u00eda no ha hecho la proclama oficial que abre la campa\u00f1a.&#13; &#13; Entre los mensajes que fueron sacados est\u00e1\u00a0 el [&hellip;]<\/p>\n","protected":false},"author":3,"featured_media":0,"comment_status":"open","ping_status":"open","sticky":false,"template":"","format":"standard","meta":{"footnotes":""},"categories":[22],"tags":[],"class_list":["post-192009","post","type-post","status-publish","format-standard","hentry","category-politica"],"_links":{"self":[{"href":"https:\/\/diariodominicano.com\/index.php?rest_route=\/wp\/v2\/posts\/192009","targetHints":{"allow":["GET"]}}],"collection":[{"href":"https:\/\/diariodominicano.com\/index.php?rest_route=\/wp\/v2\/posts"}],"about":[{"href":"https:\/\/diariodominicano.com\/index.php?rest_route=\/wp\/v2\/types\/post"}],"author":[{"embeddable":true,"href":"https:\/\/diariodominicano.com\/index.php?rest_route=\/wp\/v2\/users\/3"}],"replies":[{"embeddable":true,"href":"https:\/\/diariodominicano.com\/index.php?rest_route=%2Fwp%2Fv2%2Fcomments&post=192009"}],"version-history":[{"count":0,"href":"https:\/\/diariodominicano.com\/index.php?rest_route=\/wp\/v2\/posts\/192009\/revisions"}],"wp:attachment":[{"href":"https:\/\/diariodominicano.com\/index.php?rest_route=%2Fwp%2Fv2%2Fmedia&parent=192009"}],"wp:term":[{"taxonomy":"category","embeddable":true,"href":"https:\/\/diariodominicano.com\/index.php?rest_route=%2Fwp%2Fv2%2Fcategories&post=192009"},{"taxonomy":"post_tag","embeddable":true,"href":"https:\/\/diariodominicano.com\/index.php?rest_route=%2Fwp%2Fv2%2Ftags&post=192009"}],"curies":[{"name":"wp","href":"https:\/\/api.w.org\/{rel}","templated":true}]}}