{"id":192006,"date":"2007-11-10T03:05:49","date_gmt":"2007-11-10T03:05:49","guid":{"rendered":"http:\/\/diariodominicano.ddns.net\/?p=192006"},"modified":"2007-11-10T03:05:49","modified_gmt":"2007-11-10T03:05:49","slug":"vice-alburquerque-senala-importancia-de-los-programas-de-inclusion-social-en-combate-de-la-pobreza","status":"publish","type":"post","link":"https:\/\/diariodominicano.com\/?p=192006","title":{"rendered":"Vice Alburquerque se\u00f1ala importancia de los programas de inclusi\u00f3n social en combate de la pobreza"},"content":{"rendered":"<p><body><\/p>\n<p align=\"justify\" class=\"titulogrande1\">Vice  Alburquerque se\u00f1ala importancia de los programas de inclusi\u00f3n social en combate de la  pobreza <\/p>\n<p>&#13;<\/p>\n<p align=\"justify\" class=\"text1noticias\">Rafael Alburquerque  destac\u00f3 los programas de Integraci\u00f3n a las Tecnolog\u00edas de la Informaci\u00f3n y  Comunicaci\u00f3n, de Reducci\u00f3n de la Edad Escolar, Repitencia y Deserci\u00f3n, los cuales  dijo, ha permitido lograr una de la cobertura m\u00e1s amplia de los \u00faltimos a\u00f1os,  en el sistema de educaci\u00f3n inicial de su pa\u00eds, logrando de esta manera una  mayor calidad en la ense\u00f1anza y reduciendo la deserci\u00f3n escolar. <br \/>&#13;<br \/>\n  <br \/>&#13;<br \/>\n    <strong><img loading=\"lazy\" decoding=\"async\" src=\"http:\/\/localhost:8080\/pictures\/alburquerque en chile.jpg\" width=\"269\" height=\"361\" hspace=\"4\" align=\"left\" \/>SANTIAGO,  Chile.-<\/strong> El vicepresidente de la   Rep\u00fablica, \u00a0Rafael  Alburquerque, asegur\u00f3 aqu\u00ed que la Rep\u00fablica Dominicana  desarrolla programas sociales que buscan reducir la deuda social acumulada y  promover el desarrollo teniendo como base la educaci\u00f3n.<br \/>&#13;<br \/>\n    <br \/>&#13;<br \/>\n  \u00abEn la Republica Dominicana  estamos desarrollando una serie de programa en esta direcci\u00f3n, con la finalidad  de reducir al m\u00ednimo la ensanchada brecha de la pobreza\u00bb, afirm\u00f3  Alburquerque durante su participaci\u00f3n en la plenaria de la XVll Cumbre  Iberoamericana que reuni\u00f3 a 22 jefes de Estados y gobiernos en esta ciudad,  para analizar el tema de la   Cohesi\u00f3n Social y las Pol\u00edticas Sociales. <br \/>&#13;<br \/>\n  <br \/>&#13;<br \/>\n  Dijo \u00a0que los pueblos iberoamericanos s\u00f3lo saldr\u00e1n  del lastre de la pobreza cuando sus l\u00edderes y gobernantes pongan en marcha  programas que permitan la inclusi\u00f3n social en favor de los sectores pobres,  como mecanismo de oportunidad para potencializar su desarrollo educativo,  econ\u00f3mico y social. <br \/>&#13;<br \/>\n  <br \/>&#13;<br \/>\n  Alburquerque  destac\u00f3 los programas de Integraci\u00f3n a las Tecnolog\u00edas de la Informaci\u00f3n y  Comunicaci\u00f3n, de Reducci\u00f3n de la Edad Escolar, Repitencia y Deserci\u00f3n, los cuales  dijo, ha permitido lograr una de la cobertura m\u00e1s amplia de los \u00faltimos a\u00f1os,  en el sistema de educaci\u00f3n inicial de su pa\u00eds, logrando de esta manera una  mayor calidad en la ense\u00f1anza y reduciendo la deserci\u00f3n escolar. <br \/>&#13;<br \/>\n  <br \/>&#13;<br \/>\n  Refiri\u00f3 \u00a0que entre otros de los programas que  desarrolla el Gobierno en el \u00e1rea educativa, figuran el del Sistema de  Fortalecimiento de la   Evaluaci\u00f3n de la   Calidad y el establecimiento en el pa\u00eds de los Centros de  Excelencia de la   Educaci\u00f3n Media. <br \/>&#13;<br \/>\n  <br \/>&#13;<br \/>\n  Sostuvo \u00a0que en el \u00e1rea de la salud el gobierno del  Presidente Leonel Fern\u00e1ndez ha puesto en marcha una estrategia que permitir\u00e1,  en el corto plazo, la cobertura universal de los programas de salud, basadas en  la ampliaci\u00f3n de las Unidades de Atenci\u00f3n Primaria (UAP), as\u00ed como el  mejoramiento, accesibilidad y calidad de los medicamentos, a trav\u00e9s de Las  llamadas \u00abFarmacias del Pueblo\u00bb. <br \/>&#13;<br \/>\n  <br \/>&#13;<br \/>\n  Indic\u00f3 \u00a0que con la puesta en marcha del Seguro  Familiar de Salud (SFS), como \u00fanico paquete de servicios m\u00e9dicos para toda la  poblaci\u00f3n, dividido en tres reg\u00edmenes de afiliaci\u00f3n: subsidiado,  contributivo-subsidiado y contributivo, han logrado, en poco menos de tres  a\u00f1os, aumentar la afiliaci\u00f3n al sistema de salud de los m\u00e1s pobres en un 75 por  ciento.<br \/>&#13;<br \/>\n  <br \/>&#13;<br \/>\n  Destac\u00f3  adem\u00e1s, que la inclusi\u00f3n de m\u00e1s de 300 mil hogares al sistema de la Sistema Dominicano  de la Seguridad   Social, se logr\u00f3 como resultado de la puesta en marcha de  pol\u00edticas p\u00fablicas en favor de la Cohesi\u00f3n Social, fundamentadas en la generaci\u00f3n  de mecanismos solidarios que permiten el financiamiento de la Protecci\u00f3n Social. <br \/>&#13;<br \/>\n  <br \/>&#13;<br \/>\n  Resalt\u00f3  tambi\u00e9n el programa \u00abJuventud y Empleo\u00bb, el cual dijo ha permitido la  formaci\u00f3n de miles de t\u00e9cnicos j\u00f3venes en todos el pa\u00eds, quienes han logrado  formarse en distintos oficios t\u00e9cnicos, y hoy est\u00e1n integrado a la actividad  productiva. <br \/>&#13;<br \/>\n  <br \/>&#13;<br \/>\n  \u00abBasado  en la creaci\u00f3n de mecanismos de financiaci\u00f3n m\u00e1s solidarios y la ampliaci\u00f3n de  los programas de transferencias condicionadas a la poblaci\u00f3n pobre hemos  logrado una mayor Cohesi\u00f3n Social en los \u00faltimos 3 a\u00f1os en Rep\u00fablica  Dominicana\u00bb, afirm\u00f3 Alburquerque. <br \/>&#13;<br \/>\n  <br \/>&#13;<br \/>\n  Luego de la  plenaria los Jefes de Estados y Gobierno se retiraron a almorzar y  posteriormente se trasladaron al \u00abCerro San Crist\u00f3bal\u00bb, donde cada uno  de ellos plant\u00f3 un albor como s\u00edmbolo del compromiso que contrajeron en a fin  de impulsar en sus respectivas naciones la cohesi\u00f3n social. <br \/>&#13;<br \/>\n  <br \/>&#13;<br \/>\n  <strong>Mandatarios expresan solidaridad con RD<\/strong> <br \/>&#13;<br \/>\n  <br \/>&#13;<br \/>\n  El secretario  general de las Cumbres de las Naciones Iberoamericanas, \u00a0Enrique Iglesias, expres\u00f3 su solidaridad con  el pueblo y el gobierno de la Rep\u00fablica Dominicana, por los efectos dejados  tras el paso por el pa\u00eds de la tormenta Noel. <br \/>&#13;<br \/>\n  <br \/>&#13;<br \/>\n  \u00abQuiero  expresar mi solidaridad y el p\u00e9same a las familias de las personas que  fallecieron durante el paso de este fen\u00f3menos atmosf\u00e9rico\u00bb, dijo Iglesias,  durante su discurso inaugurar en la D\u00e9cimo S\u00e9ptima Cumbre Iberoamericana de Jefes de  Estados y de Gobierno. <br \/>&#13;<br \/>\n  <br \/>&#13;<br \/>\n  Asimismo el  presidente Rafael Correa, de Ecuador, as\u00ed como otros presidentes, jefes de  misiones y delegaciones le expresaron su solidaridad al vicepresidente Rafael  Alburquerque. <\/p>\n<p>&#13;<\/p>\n<h6> 2007-11-10 03:05:49 <\/h6>\n<p><!--\n<link rel=\"stylesheet\" href=\"css\/bootstrap.min.css\">\n\n\n<ul class=\"pagination\">\n\t    \n\t\n\n<li >\n\t<a href='?page_no=34753'>Previous<\/a>\n\t<\/li>\n\n\n       \n    \n\n<li><a href='?page_no=1'>1<\/a><\/li>\n\n\n\n<li><a href='?page_no=2'>2<\/a><\/li>\n\n\n\n<li><a>...<\/a><\/li>\n\n\n\n<li><a href='?page_no=34752'>34752<\/a><\/li>\n\n\n\n<li><a href='?page_no=34753'>34753<\/a><\/li>\n\n\n\n<li class='active'><a>34754<\/a><\/li>\n\n\n\n<li><a href='?page_no=34755'>34755<\/a><\/li>\n\n\n\n<li><a href='?page_no=34756'>34756<\/a><\/li>\n\n\n\n<li><a>...<\/a><\/li>\n\n\n\n<li><a href='?page_no=36999'>36999<\/a><\/li>\n\n\n\n<li><a href='?page_no=37000'>37000<\/a><\/li>\n\n    \n\t\n\n<li >\n\t<a href='?page_no=34755'>Next<\/a>\n\t<\/li>\n\n\n    \n\n<li><a href='?page_no=37000'>Last &rsaquo;&rsaquo;<\/a><\/li>\n\n<\/ul>\n\n\n--><br \/>\n<\/body><\/p>\n","protected":false},"excerpt":{"rendered":"<p>Vice Alburquerque se\u00f1ala importancia de los programas de inclusi\u00f3n social en combate de la pobreza &#13; Rafael Alburquerque destac\u00f3 los programas de Integraci\u00f3n a las Tecnolog\u00edas de la Informaci\u00f3n y Comunicaci\u00f3n, de Reducci\u00f3n de la Edad Escolar, Repitencia y Deserci\u00f3n, los cuales dijo, ha permitido lograr una de la cobertura m\u00e1s amplia de los \u00faltimos [&hellip;]<\/p>\n","protected":false},"author":3,"featured_media":0,"comment_status":"open","ping_status":"open","sticky":false,"template":"","format":"standard","meta":{"footnotes":""},"categories":[22],"tags":[],"class_list":["post-192006","post","type-post","status-publish","format-standard","hentry","category-politica"],"_links":{"self":[{"href":"https:\/\/diariodominicano.com\/index.php?rest_route=\/wp\/v2\/posts\/192006","targetHints":{"allow":["GET"]}}],"collection":[{"href":"https:\/\/diariodominicano.com\/index.php?rest_route=\/wp\/v2\/posts"}],"about":[{"href":"https:\/\/diariodominicano.com\/index.php?rest_route=\/wp\/v2\/types\/post"}],"author":[{"embeddable":true,"href":"https:\/\/diariodominicano.com\/index.php?rest_route=\/wp\/v2\/users\/3"}],"replies":[{"embeddable":true,"href":"https:\/\/diariodominicano.com\/index.php?rest_route=%2Fwp%2Fv2%2Fcomments&post=192006"}],"version-history":[{"count":0,"href":"https:\/\/diariodominicano.com\/index.php?rest_route=\/wp\/v2\/posts\/192006\/revisions"}],"wp:attachment":[{"href":"https:\/\/diariodominicano.com\/index.php?rest_route=%2Fwp%2Fv2%2Fmedia&parent=192006"}],"wp:term":[{"taxonomy":"category","embeddable":true,"href":"https:\/\/diariodominicano.com\/index.php?rest_route=%2Fwp%2Fv2%2Fcategories&post=192006"},{"taxonomy":"post_tag","embeddable":true,"href":"https:\/\/diariodominicano.com\/index.php?rest_route=%2Fwp%2Fv2%2Ftags&post=192006"}],"curies":[{"name":"wp","href":"https:\/\/api.w.org\/{rel}","templated":true}]}}