{"id":192005,"date":"2007-11-10T03:18:47","date_gmt":"2007-11-10T03:18:47","guid":{"rendered":"http:\/\/diariodominicano.ddns.net\/?p=192005"},"modified":"2007-11-10T03:18:47","modified_gmt":"2007-11-10T03:18:47","slug":"miguel-vargas-considera-el-presidente-decepciona-al-pais","status":"publish","type":"post","link":"https:\/\/diariodominicano.com\/?p=192005","title":{"rendered":"Miguel Vargas considera el Presidente decepciona al pa\u00eds"},"content":{"rendered":"<p><body><\/p>\n<p class=\"titulogrande1\">Miguel Vargas considera  el Presidente decepciona al pa\u00eds<\/p>\n<p>&#13;<\/p>\n<p align=\"justify\" class=\"text1noticias\">A juicio del candidato  presidencial perredeista,\u00a0 el discurso  le\u00eddo por el presidente Fern\u00e1ndez se inscribe dentro de su conocido estilo  propagand\u00edstico, queriendo jugar con los sentimientos y emociones de la gente.<\/p>\n<p>&#13;<\/p>\n<p align=\"justify\" class=\"text1noticias\"><strong><img loading=\"lazy\" decoding=\"async\" src=\"http:\/\/localhost:8080\/pictures\/vargas maldonado pic.jpg\" width=\"269\" height=\"330\" hspace=\"4\" align=\"left\" \/>Santo Domingo.-<\/strong> El candidato  presidencial del Partido Revolucionario Dominicano (PRD) Miguel Vargas  Maldonado \u00a0consider\u00f3 \u00a0que el presidente de la Rep\u00fablica ha decepcionado  al pa\u00eds tras pronunciar \u00a0su discurso a la Naci\u00f3n, donde a su juicio,  el mandatario intent\u00f3 evadir su responsabilidad en la prevenci\u00f3n de centenares  de muertes, simulando ser un protector de los afectados por la tormenta Noel,  \u00ababusando del dolor ajeno y el luto de la familia dominicana\u00bb.<\/p>\n<p>&#13;<\/p>\n<p align=\"justify\" class=\"text1noticias\">A juicio del candidato presidencial  perredeista,\u00a0 el discurso le\u00eddo por el  presidente Fern\u00e1ndez se inscribe dentro de su conocido estilo propagand\u00edstico,  queriendo jugar con los sentimientos y emociones de la gente.<\/p>\n<p>&#13;<\/p>\n<p align=\"justify\" class=\"text1noticias\">Opin\u00f3 \u00a0que el candidato-presidente reeleccionista  pudo haberse ahorrado el p\u00e9same si hubiese informado a tiempo al pa\u00eds, sobre  todo a los residentes en\u00a0 comunidades o  zonas riesgosas y vulnerables antes de la llegada de la tormenta tropical Noel.<\/p>\n<p>&#13;<\/p>\n<p align=\"justify\" class=\"text1noticias\">\u201cEl candidato-presidente  reeleccionista narr\u00f3 la situaci\u00f3n como un cronista ajeno a la tragedia. <br \/>&#13;<br \/>\n  <br \/>&#13;<br \/>\nNo  reconoci\u00f3 que el presidente de la   Rep\u00fablica es el principal responsable de poner en marcha  medidas de protecci\u00f3n de la poblaci\u00f3n ante la eventualidad del impacto de  cualquier fen\u00f3meno natural, de conformidad a lo que establece la Ley 147-02 sobre Gesti\u00f3n de  Riesgos\u201d, dijo.<\/p>\n<p>&#13;<\/p>\n<p align=\"justify\" class=\"text1noticias\">Dijo que el director de la Estrategia Internacional  de Reducci\u00f3n de Desastres de la   ONU afirm\u00f3 hace apenas unos d\u00edas, que las muertes causadas  por la tormenta Noel en la Rep\u00fablica Dominicana se pudieron evitar con  medidas relativamente sencillas y f\u00e1ciles de aplicar. Los casos de Cuba,  Jamaica y Bahamas; tambi\u00e9n afectadas por dicha tormenta, as\u00ed lo demuestran.<\/p>\n<p>&#13;<\/p>\n<p align=\"justify\" class=\"text1noticias\">Seg\u00fan el criterio de Vargas  Maldonado,\u00a0 \u00a0las medidas anunciadas por el presidente de la Rep\u00fablica son decepcionantes  y no llenaron las expectativas de los dominicanos, as\u00ed como tampoco del sector  agropecuario y el resto de los sectores productivos de la Naci\u00f3n.<\/p>\n<p>&#13;<\/p>\n<p align=\"justify\" class=\"text1noticias\">Indic\u00f3 que Fern\u00e1ndez tiene un  historial de incumplimientos y cuyo discurso frene al pa\u00eds es una reiteraci\u00f3n  de que sus palabras pretenden sustituir los hechos.<\/p>\n<p>&#13;<\/p>\n<p align=\"justify\" class=\"text1noticias\">Sostuvo que es tiempo de  acci\u00f3n, no de palabras, \u201cel pueblo est\u00e1 cansado de discursos vac\u00edos, la gente  reclama comida, agua potable, medicamentos, ropa y viviendas\u201d.<\/p>\n<p>&#13;<\/p>\n<p align=\"justify\" class=\"text1noticias\">Dijo asimismo, que las comunidades  necesitan que se reconstruyan las v\u00edas de acceso y se recuperen las actividades  productivas, empero manifest\u00f3, de que estamos frente a un presidente que no  resuelve, que s\u00f3lo promete y nunca cumple.<\/p>\n<p>&#13;<\/p>\n<p align=\"justify\" class=\"text1noticias\">En opini\u00f3n del candidato  presidencial del PRD, durante su discurso el mandatario no realiz\u00f3 ninguna  propuesta de recorte ni priorizaci\u00f3n de gastos, ya que aparentemente no conoce  d\u00f3nde est\u00e1n los recursos que provienen de Verizon, Petrocaribe, el 1% para  desastres naturales, el 5% de manejo discrecional de la presidencia y el  presupuesto complementario del primer semestre, que totalizan 11 mil millones  de pesos.<\/p>\n<p>&#13;<\/p>\n<p align=\"justify\" class=\"text1noticias\">Consider\u00f3 que el pueblo se  qued\u00f3 esperando un verdadero Plan de Recuperaci\u00f3n Nacional, tal como \u00e9l lo  expusiera mediante documento p\u00fablico de las 25 medidas fundamentales a tomar,  las cuales ser\u00edan financiadas con recursos internos sin necesidad de endeudar  m\u00e1s al pueblo dominicano.<\/p>\n<p>&#13;<\/p>\n<h6> 2007-11-10 03:18:47 <\/h6>\n<p><!--\n<link rel=\"stylesheet\" href=\"css\/bootstrap.min.css\">\n\n\n<ul class=\"pagination\">\n\t    \n\t\n\n<li >\n\t<a href='?page_no=34752'>Previous<\/a>\n\t<\/li>\n\n\n       \n    \n\n<li><a href='?page_no=1'>1<\/a><\/li>\n\n\n\n<li><a href='?page_no=2'>2<\/a><\/li>\n\n\n\n<li><a>...<\/a><\/li>\n\n\n\n<li><a href='?page_no=34751'>34751<\/a><\/li>\n\n\n\n<li><a href='?page_no=34752'>34752<\/a><\/li>\n\n\n\n<li class='active'><a>34753<\/a><\/li>\n\n\n\n<li><a href='?page_no=34754'>34754<\/a><\/li>\n\n\n\n<li><a href='?page_no=34755'>34755<\/a><\/li>\n\n\n\n<li><a>...<\/a><\/li>\n\n\n\n<li><a href='?page_no=36999'>36999<\/a><\/li>\n\n\n\n<li><a href='?page_no=37000'>37000<\/a><\/li>\n\n    \n\t\n\n<li >\n\t<a href='?page_no=34754'>Next<\/a>\n\t<\/li>\n\n\n    \n\n<li><a href='?page_no=37000'>Last &rsaquo;&rsaquo;<\/a><\/li>\n\n<\/ul>\n\n\n--><br \/>\n<\/body><\/p>\n","protected":false},"excerpt":{"rendered":"<p>Miguel Vargas considera el Presidente decepciona al pa\u00eds &#13; A juicio del candidato presidencial perredeista,\u00a0 el discurso le\u00eddo por el presidente Fern\u00e1ndez se inscribe dentro de su conocido estilo propagand\u00edstico, queriendo jugar con los sentimientos y emociones de la gente. &#13; Santo Domingo.- El candidato presidencial del Partido Revolucionario Dominicano (PRD) Miguel Vargas Maldonado \u00a0consider\u00f3 [&hellip;]<\/p>\n","protected":false},"author":3,"featured_media":0,"comment_status":"open","ping_status":"open","sticky":false,"template":"","format":"standard","meta":{"footnotes":""},"categories":[22],"tags":[],"class_list":["post-192005","post","type-post","status-publish","format-standard","hentry","category-politica"],"_links":{"self":[{"href":"https:\/\/diariodominicano.com\/index.php?rest_route=\/wp\/v2\/posts\/192005","targetHints":{"allow":["GET"]}}],"collection":[{"href":"https:\/\/diariodominicano.com\/index.php?rest_route=\/wp\/v2\/posts"}],"about":[{"href":"https:\/\/diariodominicano.com\/index.php?rest_route=\/wp\/v2\/types\/post"}],"author":[{"embeddable":true,"href":"https:\/\/diariodominicano.com\/index.php?rest_route=\/wp\/v2\/users\/3"}],"replies":[{"embeddable":true,"href":"https:\/\/diariodominicano.com\/index.php?rest_route=%2Fwp%2Fv2%2Fcomments&post=192005"}],"version-history":[{"count":0,"href":"https:\/\/diariodominicano.com\/index.php?rest_route=\/wp\/v2\/posts\/192005\/revisions"}],"wp:attachment":[{"href":"https:\/\/diariodominicano.com\/index.php?rest_route=%2Fwp%2Fv2%2Fmedia&parent=192005"}],"wp:term":[{"taxonomy":"category","embeddable":true,"href":"https:\/\/diariodominicano.com\/index.php?rest_route=%2Fwp%2Fv2%2Fcategories&post=192005"},{"taxonomy":"post_tag","embeddable":true,"href":"https:\/\/diariodominicano.com\/index.php?rest_route=%2Fwp%2Fv2%2Ftags&post=192005"}],"curies":[{"name":"wp","href":"https:\/\/api.w.org\/{rel}","templated":true}]}}