{"id":192004,"date":"2007-11-10T03:39:25","date_gmt":"2007-11-10T03:39:25","guid":{"rendered":"http:\/\/diariodominicano.ddns.net\/?p=192004"},"modified":"2007-11-10T03:39:25","modified_gmt":"2007-11-10T03:39:25","slug":"amable-considera-insuficiente-el-plan-nacional-de-reconstruccion","status":"publish","type":"post","link":"https:\/\/diariodominicano.com\/?p=192004","title":{"rendered":"Amable considera insuficiente el Plan Nacional de Reconstrucci\u00f3n"},"content":{"rendered":"<p><body><\/p>\n<p class=\"titulogrande1\"><strong>Amable considera  insuficiente el<\/strong> <strong>Plan Nacional de  Reconstrucci\u00f3n<\/strong><\/p>\n<p>&#13;<\/p>\n<p align=\"justify\" class=\"text1noticias\"><strong><img loading=\"lazy\" decoding=\"async\" src=\"http:\/\/localhost:8080\/pictures\/amable salami.jpg\" width=\"269\" height=\"180\" hspace=\"4\" align=\"left\" \/>SAN CRISTOBAL.-<\/strong> El candidato presidencial del Partido  Reformista Social Cristiano (PRSC) consider\u00f3 como \u201cinsuficiente y mal enfocado\u201d  el Plan Nacional de Reconstrucci\u00f3n anunciado por el presidente Leonel Fern\u00e1ndez  para enfrentar los da\u00f1os ocasionados por la tormenta Noel, por lo que pidi\u00f3 que  sean condonadas las deudas de los agricultores con el Banco Agr\u00edcola y la banca  privada.<\/p>\n<p>&#13;<\/p>\n<p align=\"justify\" class=\"text1noticias\">Amable Aristy Castro sostuvo que la mora de seis meses  a los agricultores, parceleros y empresarios agropecuarios\u00a0 que tienen prestamos con el Banco Agr\u00edcola  \u201cno resuelve nada\u201d, porque esa instituci\u00f3n oficial apenas financia el 20% de la  cartera de pr\u00e9stamos del sector agropecuario.<\/p>\n<p>&#13;<\/p>\n<p align=\"justify\" class=\"text1noticias\">\u201cCon esta medida del presidente Fern\u00e1ndez, se quedar\u00e1n  sin ayuda o facilidades la mayor\u00eda de los productores que perdieron sus  cosechas con las inundaciones, porque no tienen pr\u00e9stamos con el Banco Agr\u00edcola  sino con entidades financieras privadas, y eso es una injusticia\u201d, dijo.<\/p>\n<p>&#13;<\/p>\n<p align=\"justify\" class=\"text1noticias\">Explic\u00f3 que los  rubros que resultaron m\u00e1s afectados son de ciclos largos, no de ciclos cortos,  \u201co sea que el tiempo de cosecha supera los seis meses y en algunos casos el  a\u00f1o\u201d.<\/p>\n<p>&#13;<\/p>\n<p align=\"justify\" class=\"text1noticias\">\u201cLo que manda en estos momentos de cat\u00e1strofe nacional  es perdonarle las deudas que tienen los bancos y financieras los agricultores  afectados por las inundaciones. Y no limitarlo al que tiene en pr\u00e9stamos con el  Banco Agr\u00edcola\u201d, agreg\u00f3.<\/p>\n<p>&#13;<\/p>\n<p align=\"justify\" class=\"text1noticias\">Amable record\u00f3 que situaciones similares a la que vive  el pa\u00eds hoy con los da\u00f1os provocados por el fen\u00f3meno atmosf\u00e9rico, \u201cen los  gobiernos reformistas encabezados por el doctor Joaqu\u00edn Balaguer se condonaban  las deudas a los agricultores para estimularlo a seguir trabajando la tierra\u201d.<\/p>\n<p>&#13;<\/p>\n<p align=\"justify\" class=\"text1noticias\">\u201cUna mora de seis meses es insuficiente, porque con  las p\u00e9rdidas de las cosechas se quedaron endeudados hasta los tu\u00e9tanos y muchos  no podr\u00e1n buscar dinero para volver a condicionar sus predios para ponerle en  condiciones de producir\u201d, resalt\u00f3.<\/p>\n<p>&#13;<\/p>\n<p align=\"justify\" class=\"text1noticias\">Amable Aristy habl\u00f3 durante un \u201ccacerolazo contra la  pobreza\u201d en San Crist\u00f3bal, donde recorri\u00f3 los barrios Los Molina, Las Flores y  Jeringa, entre otros, donde distribuy\u00f3 gallinas, salami, sillas de ruedas,  mosquiteros y\u00a0 colchones, canastillas y  dinero en efectivo. Estuvo acompa\u00f1ado del coordinador provincial, ingeniero  Ram\u00f3n P\u00e9rez Mart\u00ednez, integrante de la Comisi\u00f3n Pol\u00edtica  del PRSC.<\/p>\n<p>&#13;<\/p>\n<p align=\"justify\" class=\"text1noticias\">Dijo que de alcanzar la Presidencia de la Rep\u00fablica en agosto del  pr\u00f3ximo a\u00f1o, destinar\u00e1 los recursos para la construcci\u00f3n las presas de Guaigu\u00ed,  en La Vega, y la  del Alto Yuna, que a su juicio son de gran importancia para el desarrollo del  pa\u00eds.<\/p>\n<p>&#13;<\/p>\n<p align=\"justify\" class=\"text1noticias\">\u201cIgualmente, vamos disponer de fondos necesarios para  los organismos de prevenci\u00f3n y socorro para que estos establezcan de un  verdadero sistema de prevenci\u00f3n y manejo de desastre y no vuelvan a ocurrir  tragedia como la de Noel\u201d, destac\u00f3 finalmente el candidato presidencial  reformista.<\/p>\n<p>&#13;<\/p>\n<h6> 2007-11-10 03:39:25 <\/h6>\n<p><!--\n<link rel=\"stylesheet\" href=\"css\/bootstrap.min.css\">\n\n\n<ul class=\"pagination\">\n\t    \n\t\n\n<li >\n\t<a href='?page_no=34751'>Previous<\/a>\n\t<\/li>\n\n\n       \n    \n\n<li><a href='?page_no=1'>1<\/a><\/li>\n\n\n\n<li><a href='?page_no=2'>2<\/a><\/li>\n\n\n\n<li><a>...<\/a><\/li>\n\n\n\n<li><a href='?page_no=34750'>34750<\/a><\/li>\n\n\n\n<li><a href='?page_no=34751'>34751<\/a><\/li>\n\n\n\n<li class='active'><a>34752<\/a><\/li>\n\n\n\n<li><a href='?page_no=34753'>34753<\/a><\/li>\n\n\n\n<li><a href='?page_no=34754'>34754<\/a><\/li>\n\n\n\n<li><a>...<\/a><\/li>\n\n\n\n<li><a href='?page_no=36999'>36999<\/a><\/li>\n\n\n\n<li><a href='?page_no=37000'>37000<\/a><\/li>\n\n    \n\t\n\n<li >\n\t<a href='?page_no=34753'>Next<\/a>\n\t<\/li>\n\n\n    \n\n<li><a href='?page_no=37000'>Last &rsaquo;&rsaquo;<\/a><\/li>\n\n<\/ul>\n\n\n--><br \/>\n<\/body><\/p>\n","protected":false},"excerpt":{"rendered":"<p>Amable considera insuficiente el Plan Nacional de Reconstrucci\u00f3n &#13; SAN CRISTOBAL.- El candidato presidencial del Partido Reformista Social Cristiano (PRSC) consider\u00f3 como \u201cinsuficiente y mal enfocado\u201d el Plan Nacional de Reconstrucci\u00f3n anunciado por el presidente Leonel Fern\u00e1ndez para enfrentar los da\u00f1os ocasionados por la tormenta Noel, por lo que pidi\u00f3 que sean condonadas las deudas [&hellip;]<\/p>\n","protected":false},"author":3,"featured_media":0,"comment_status":"open","ping_status":"open","sticky":false,"template":"","format":"standard","meta":{"footnotes":""},"categories":[22],"tags":[],"class_list":["post-192004","post","type-post","status-publish","format-standard","hentry","category-politica"],"_links":{"self":[{"href":"https:\/\/diariodominicano.com\/index.php?rest_route=\/wp\/v2\/posts\/192004","targetHints":{"allow":["GET"]}}],"collection":[{"href":"https:\/\/diariodominicano.com\/index.php?rest_route=\/wp\/v2\/posts"}],"about":[{"href":"https:\/\/diariodominicano.com\/index.php?rest_route=\/wp\/v2\/types\/post"}],"author":[{"embeddable":true,"href":"https:\/\/diariodominicano.com\/index.php?rest_route=\/wp\/v2\/users\/3"}],"replies":[{"embeddable":true,"href":"https:\/\/diariodominicano.com\/index.php?rest_route=%2Fwp%2Fv2%2Fcomments&post=192004"}],"version-history":[{"count":0,"href":"https:\/\/diariodominicano.com\/index.php?rest_route=\/wp\/v2\/posts\/192004\/revisions"}],"wp:attachment":[{"href":"https:\/\/diariodominicano.com\/index.php?rest_route=%2Fwp%2Fv2%2Fmedia&parent=192004"}],"wp:term":[{"taxonomy":"category","embeddable":true,"href":"https:\/\/diariodominicano.com\/index.php?rest_route=%2Fwp%2Fv2%2Fcategories&post=192004"},{"taxonomy":"post_tag","embeddable":true,"href":"https:\/\/diariodominicano.com\/index.php?rest_route=%2Fwp%2Fv2%2Ftags&post=192004"}],"curies":[{"name":"wp","href":"https:\/\/api.w.org\/{rel}","templated":true}]}}