{"id":192003,"date":"2007-11-11T23:25:30","date_gmt":"2007-11-11T23:25:30","guid":{"rendered":"http:\/\/diariodominicano.ddns.net\/?p=192003"},"modified":"2007-11-11T23:25:30","modified_gmt":"2007-11-11T23:25:30","slug":"impacta-en-el-pld-abrazo-del-presidente-leonel-fernandez-y-danilo-medina","status":"publish","type":"post","link":"https:\/\/diariodominicano.com\/?p=192003","title":{"rendered":"Impacta en el PLD abrazo del presidente Leonel Fern\u00e1ndez y Danilo Medina"},"content":{"rendered":"<p><body><\/p>\n<p align=\"justify\" class=\"titulogrande1\">Impacta en el PLD abrazo del presidente Leonel Fern\u00e1ndez y Danilo  Medina<\/p>\n<p>&#13;<\/p>\n<p align=\"justify\" class=\"text1noticias\"><strong><img loading=\"lazy\" decoding=\"async\" src=\"http:\/\/localhost:8080\/pictures\/leonel abrazo.jpg\" width=\"269\" height=\"204\" hspace=\"4\" align=\"left\" \/>SANTO DOMINGO.-<\/strong> El reencuentro del Presidente Leonel Fern\u00e1ndez y Danilo Medina, miembro del  Comit\u00e9 Pol\u00edtico en una misa en honor a Javier Gonz\u00e1les, miembro del Comit\u00e9  Central, fallecido, compa\u00f1ero y amigo de ambos, constituy\u00f3 una significaba  expresi\u00f3n de regocijo para la dirigencia y militancia de la organizaci\u00f3n  pol\u00edtica. <\/p>\n<p>&#13;<\/p>\n<p align=\"justify\" class=\"text1noticias\">El abrazo entre ambos dirigentes, quienes compitieron en el  proceso electoral interno de mayo \u00faltimo, robustece la unidad interna de la  organizaci\u00f3n, destacan las cr\u00f3nicas y an\u00e1lisis period\u00edsticos sobre este  encuentro. <\/p>\n<p>&#13;<\/p>\n<p align=\"justify\" class=\"text1noticias\">La dirigencia y militancia del Partido de la Liberaci\u00f3n Dominicana  expres\u00f3 su regocijo por el abrazo de sus dirigentes con un fuerte aplauso que  detuvo por instante el ritual de la misa de Cuerpo Presente, oficiada por los  sacerdotes Gregorio Garc\u00eda y Te\u00f3filo Castillo en la Iglesia Sagrado  Coraz\u00f3n de Jes\u00fas de Moca, Provincia Espaillat, se destaca en un\u00a0\u00a0 parte de la Secretar\u00eda de  Comunicaciones del PLD. <\/p>\n<p>&#13;<\/p>\n<p align=\"justify\" class=\"text1noticias\">El saludo entre\u00a0\u00a0 Danilo  Medina y el Presidente Leonel Fern\u00e1ndez se produjo en\u00a0 el momento en que el padre Te\u00f3filo Castillo,  director de la   Comunidad Salesiana en Mao,\u00a0 pidi\u00f3 a los presentes darse  el abrazo de la paz, posteriormente el\u00a0  mismo sacerdote llamaba a continuar con la ceremonia de la eucarist\u00eda. <\/p>\n<p>&#13;<\/p>\n<p align=\"justify\" class=\"text1noticias\">Reinaldo Pared P\u00e9rez, Secretario General del Partido de la Liberaci\u00f3n Dominicana  y Presidente del Senado de la   Republica, Margarita Cede\u00f1o de Fern\u00e1ndez, Primera Dama de la Republica y la Se\u00f1ora Claribel  Mel\u00e9ndez, viuda Gonz\u00e1les, fueron los m\u00e1s cercanos al momento del abrazo, con  ellos miembros y militantes del Partido de la Liberaci\u00f3n Dominicana,  los Sacerdotes concelebrantes, los representantes de los medios de comunicaci\u00f3n  con sus c\u00e1maras y libretas y una gran parte de los feligreses. <\/p>\n<p>&#13;<\/p>\n<p align=\"justify\" class=\"text1noticias\">Tanto el Presidente Leonel Fern\u00e1ndez y su esposa, la Primera Dama  Margarita Cede\u00f1o de Fern\u00e1ndez saludaron tambi\u00e9n a Candy Montilla, esposa de  Danilo Medina, quien le acompa\u00f1\u00f3 al acto del sepelio de Javier Gonz\u00e1les,  miembro del Comit\u00e9 Central del PLD. <\/p>\n<p>&#13;<\/p>\n<p align=\"justify\" class=\"text1noticias\">De la misa concluida hora y media despu\u00e9s parti\u00f3 el cortejo  f\u00fanebre hacia el cementerio distante de la iglesia, traves\u00eda que se hizo a pie  alrededor del Carro f\u00fanebre.\u00a0 <br \/>&#13;<br \/>\n  <br \/>&#13;<br \/>\n  En la calle Coraz\u00f3n de Jes\u00fas, del barrio Pueblo Abajo en la casa  donde naci\u00f3 Gonz\u00e1lez y, en una breve ceremonia el s\u00edndico Guarocuya Cabral y el  concejo de regidores mocanos entregaron a los parientes del fenecido la  resoluci\u00f3n donde se declara de duelo local los d\u00edas 10, 11 y 12 de este mes y  la declaratoria p\u00f3stuma a Gonz\u00e1les como\u00a0  mun\u00edcipe distinguido.<br \/> &#13;<br \/>\n  <br \/>&#13;<br \/>\n  Tanto el Presidente de la Republica, la primera dama, los dirigentes del  PLD y los participantes del sepelio hicieron el recorrido por las diferentes  calles de Moca las que atravesaron hasta llegar al Cementerio en donde, Carlos  Amarante Baret, miembro del Comit\u00e9 Pol\u00edtico del PLD, pronunci\u00f3 el paneg\u00edrico de  despedida. <br \/>&#13;<br \/>\n  <br \/>&#13;<br \/>\n  Con mucho respeto y solemnidad los barrios de Moca presentaron el  ultimo adi\u00f3s a uno de sus principales propulsores, Javier Gonz\u00e1les, gran defensor\u00a0  del municipio que le vio nacer y donde,\u00a0desde el s\u00e1bado en la noche,\u00a0  descansan sus restos. <\/p>\n<p>&#13;<\/p>\n<h6> 2007-11-11 23:25:30 <\/h6>\n<p><!--\n<link rel=\"stylesheet\" href=\"css\/bootstrap.min.css\">\n\n\n<ul class=\"pagination\">\n\t    \n\t\n\n<li >\n\t<a href='?page_no=34750'>Previous<\/a>\n\t<\/li>\n\n\n       \n    \n\n<li><a href='?page_no=1'>1<\/a><\/li>\n\n\n\n<li><a href='?page_no=2'>2<\/a><\/li>\n\n\n\n<li><a>...<\/a><\/li>\n\n\n\n<li><a href='?page_no=34749'>34749<\/a><\/li>\n\n\n\n<li><a href='?page_no=34750'>34750<\/a><\/li>\n\n\n\n<li class='active'><a>34751<\/a><\/li>\n\n\n\n<li><a href='?page_no=34752'>34752<\/a><\/li>\n\n\n\n<li><a href='?page_no=34753'>34753<\/a><\/li>\n\n\n\n<li><a>...<\/a><\/li>\n\n\n\n<li><a href='?page_no=36999'>36999<\/a><\/li>\n\n\n\n<li><a href='?page_no=37000'>37000<\/a><\/li>\n\n    \n\t\n\n<li >\n\t<a href='?page_no=34752'>Next<\/a>\n\t<\/li>\n\n\n    \n\n<li><a href='?page_no=37000'>Last &rsaquo;&rsaquo;<\/a><\/li>\n\n<\/ul>\n\n\n--><br \/>\n<\/body><\/p>\n","protected":false},"excerpt":{"rendered":"<p>Impacta en el PLD abrazo del presidente Leonel Fern\u00e1ndez y Danilo Medina &#13; SANTO DOMINGO.- El reencuentro del Presidente Leonel Fern\u00e1ndez y Danilo Medina, miembro del Comit\u00e9 Pol\u00edtico en una misa en honor a Javier Gonz\u00e1les, miembro del Comit\u00e9 Central, fallecido, compa\u00f1ero y amigo de ambos, constituy\u00f3 una significaba expresi\u00f3n de regocijo para la dirigencia [&hellip;]<\/p>\n","protected":false},"author":3,"featured_media":0,"comment_status":"open","ping_status":"open","sticky":false,"template":"","format":"standard","meta":{"footnotes":""},"categories":[22],"tags":[],"class_list":["post-192003","post","type-post","status-publish","format-standard","hentry","category-politica"],"_links":{"self":[{"href":"https:\/\/diariodominicano.com\/index.php?rest_route=\/wp\/v2\/posts\/192003","targetHints":{"allow":["GET"]}}],"collection":[{"href":"https:\/\/diariodominicano.com\/index.php?rest_route=\/wp\/v2\/posts"}],"about":[{"href":"https:\/\/diariodominicano.com\/index.php?rest_route=\/wp\/v2\/types\/post"}],"author":[{"embeddable":true,"href":"https:\/\/diariodominicano.com\/index.php?rest_route=\/wp\/v2\/users\/3"}],"replies":[{"embeddable":true,"href":"https:\/\/diariodominicano.com\/index.php?rest_route=%2Fwp%2Fv2%2Fcomments&post=192003"}],"version-history":[{"count":0,"href":"https:\/\/diariodominicano.com\/index.php?rest_route=\/wp\/v2\/posts\/192003\/revisions"}],"wp:attachment":[{"href":"https:\/\/diariodominicano.com\/index.php?rest_route=%2Fwp%2Fv2%2Fmedia&parent=192003"}],"wp:term":[{"taxonomy":"category","embeddable":true,"href":"https:\/\/diariodominicano.com\/index.php?rest_route=%2Fwp%2Fv2%2Fcategories&post=192003"},{"taxonomy":"post_tag","embeddable":true,"href":"https:\/\/diariodominicano.com\/index.php?rest_route=%2Fwp%2Fv2%2Ftags&post=192003"}],"curies":[{"name":"wp","href":"https:\/\/api.w.org\/{rel}","templated":true}]}}