{"id":192002,"date":"2007-11-11T23:33:39","date_gmt":"2007-11-11T23:33:39","guid":{"rendered":"http:\/\/diariodominicano.ddns.net\/?p=192002"},"modified":"2007-11-11T23:33:39","modified_gmt":"2007-11-11T23:33:39","slug":"presidente-leonel-fernandez-destaca-cualidades-de-javier-gonzalez","status":"publish","type":"post","link":"https:\/\/diariodominicano.com\/?p=192002","title":{"rendered":"Presidente Leonel Fern\u00e1ndez destaca cualidades de Javier Gonz\u00e1lez"},"content":{"rendered":"<p><body><\/p>\n<p class=\"titulogrande1\">Presidente Leonel Fern\u00e1ndez destaca  cualidades de Javier Gonz\u00e1lez <\/p>\n<p>&#13;<\/p>\n<p align=\"justify\" class=\"text1noticias\"><strong><img loading=\"lazy\" decoding=\"async\" src=\"http:\/\/localhost:8080\/pictures\/leonel abrazo 2.jpg\" width=\"269\" height=\"202\" hspace=\"4\" align=\"left\" \/>MOCA,  Provincia Espaillat.-<\/strong> El presidente Leonel Fern\u00e1ndez defini\u00f3 al ex c\u00f3nsul en  Miami\u00a0 Javier Gonz\u00e1lez \u00a0como un hombre de bien, un patriota a carta  cabal y un l\u00edder comunitario. <\/p>\n<p>&#13;<\/p>\n<p align=\"justify\" class=\"text1noticias\">El Jefe del  Estado \u00a0habl\u00f3 al agotar un turno  \u00a0durante la misa del cuerpo presente que se le concelebr\u00f3 en la \u00a0iglesia Sagrado Coraz\u00f3n de Jes\u00fas, en la ciudad de Moca.<\/p>\n<p>&#13;<\/p>\n<p align=\"justify\" class=\"text1noticias\">Dijo Fern\u00e1ndez que los compa\u00f1eros del PLD desped\u00edan a un amigo, pero que  siempre permanecer\u00eda en sus corazones y en sus sentimientos, \u00a0porque  \u00a0fue un ejemplo y un modelo como ciudadano\u00a0 y que con sus  actuaciones simboliz\u00f3 lo mejor de la vida.<\/p>\n<p>&#13;<\/p>\n<p align=\"justify\" class=\"text1noticias\">Aseguro que  con su compa\u00f1ero de partido mantuvo una relaci\u00f3n de amistad, cercan\u00eda y respeto  y se\u00f1al\u00f3 que por encima de todo y que siempre se preocupaba por el  bienestar de todos y mostraba una inigualable vocaci\u00f3n de servicio.<\/p>\n<p>&#13;<\/p>\n<p align=\"justify\" class=\"text1noticias\">El  mandatario destac\u00f3 \u00a0que \u00a0Javier Gonz\u00e1lez fue un padre amoroso,  abnegado, un esposo tierno, un amigo generoso y un luchador por la democracia y  toda la sociedad, asegur\u00f3 que siempre recordar\u00e1  que cada vez que  llegaba la ciudad de Miami el primer rostro que ve\u00eda era el de Javier Gonz\u00e1lez.<\/p>\n<p>&#13;<\/p>\n<p align=\"justify\" class=\"text1noticias\"> El  presidente Fern\u00e1ndez estuvo acompa\u00f1ado de la Primera dama Margarita Cede\u00f1o de Fern\u00e1ndez, su  madre Yolanda Reyna, as\u00ed como por sus hijos Nicole y Omar Fern\u00e1ndez, adem\u00e1s de  miembros del gabinete. <\/p>\n<p>&#13;<\/p>\n<p align=\"justify\" class=\"text1noticias\"> Tambi\u00e9n  estuvieron presentes en la misa el miembro del Comit\u00e9 Politico del PLD Danilo  Medina, el secretario general y presidente del senado  del PLD Reynaldo  Pared P\u00e9rez, el jefe del Departamento Nacional de Investigaciones (DNI)  almirante Sigfrido Parez P\u00e9rez, el secretario de Agricultura, Chio Jim\u00e9nez y el  vicepresidente de la Corporaci\u00f3n   Dominicana de Empresas El\u00e9ctricas Estatales, Radham\u00e9s Segura,  entre otros.<\/p>\n<p>&#13;<\/p>\n<h6> 2007-11-11 23:33:39 <\/h6>\n<p><!--\n<link rel=\"stylesheet\" href=\"css\/bootstrap.min.css\">\n\n\n<ul class=\"pagination\">\n\t    \n\t\n\n<li >\n\t<a href='?page_no=34749'>Previous<\/a>\n\t<\/li>\n\n\n       \n    \n\n<li><a href='?page_no=1'>1<\/a><\/li>\n\n\n\n<li><a href='?page_no=2'>2<\/a><\/li>\n\n\n\n<li><a>...<\/a><\/li>\n\n\n\n<li><a href='?page_no=34748'>34748<\/a><\/li>\n\n\n\n<li><a href='?page_no=34749'>34749<\/a><\/li>\n\n\n\n<li class='active'><a>34750<\/a><\/li>\n\n\n\n<li><a href='?page_no=34751'>34751<\/a><\/li>\n\n\n\n<li><a href='?page_no=34752'>34752<\/a><\/li>\n\n\n\n<li><a>...<\/a><\/li>\n\n\n\n<li><a href='?page_no=36999'>36999<\/a><\/li>\n\n\n\n<li><a href='?page_no=37000'>37000<\/a><\/li>\n\n    \n\t\n\n<li >\n\t<a href='?page_no=34751'>Next<\/a>\n\t<\/li>\n\n\n    \n\n<li><a href='?page_no=37000'>Last &rsaquo;&rsaquo;<\/a><\/li>\n\n<\/ul>\n\n\n--><br \/>\n<\/body><\/p>\n","protected":false},"excerpt":{"rendered":"<p>Presidente Leonel Fern\u00e1ndez destaca cualidades de Javier Gonz\u00e1lez &#13; MOCA, Provincia Espaillat.- El presidente Leonel Fern\u00e1ndez defini\u00f3 al ex c\u00f3nsul en Miami\u00a0 Javier Gonz\u00e1lez \u00a0como un hombre de bien, un patriota a carta cabal y un l\u00edder comunitario. &#13; El Jefe del Estado \u00a0habl\u00f3 al agotar un turno \u00a0durante la misa del cuerpo presente que [&hellip;]<\/p>\n","protected":false},"author":3,"featured_media":0,"comment_status":"open","ping_status":"open","sticky":false,"template":"","format":"standard","meta":{"footnotes":""},"categories":[22],"tags":[],"class_list":["post-192002","post","type-post","status-publish","format-standard","hentry","category-politica"],"_links":{"self":[{"href":"https:\/\/diariodominicano.com\/index.php?rest_route=\/wp\/v2\/posts\/192002","targetHints":{"allow":["GET"]}}],"collection":[{"href":"https:\/\/diariodominicano.com\/index.php?rest_route=\/wp\/v2\/posts"}],"about":[{"href":"https:\/\/diariodominicano.com\/index.php?rest_route=\/wp\/v2\/types\/post"}],"author":[{"embeddable":true,"href":"https:\/\/diariodominicano.com\/index.php?rest_route=\/wp\/v2\/users\/3"}],"replies":[{"embeddable":true,"href":"https:\/\/diariodominicano.com\/index.php?rest_route=%2Fwp%2Fv2%2Fcomments&post=192002"}],"version-history":[{"count":0,"href":"https:\/\/diariodominicano.com\/index.php?rest_route=\/wp\/v2\/posts\/192002\/revisions"}],"wp:attachment":[{"href":"https:\/\/diariodominicano.com\/index.php?rest_route=%2Fwp%2Fv2%2Fmedia&parent=192002"}],"wp:term":[{"taxonomy":"category","embeddable":true,"href":"https:\/\/diariodominicano.com\/index.php?rest_route=%2Fwp%2Fv2%2Fcategories&post=192002"},{"taxonomy":"post_tag","embeddable":true,"href":"https:\/\/diariodominicano.com\/index.php?rest_route=%2Fwp%2Fv2%2Ftags&post=192002"}],"curies":[{"name":"wp","href":"https:\/\/api.w.org\/{rel}","templated":true}]}}