{"id":191997,"date":"2007-11-13T12:41:20","date_gmt":"2007-11-13T12:41:20","guid":{"rendered":"http:\/\/diariodominicano.ddns.net\/?p=191997"},"modified":"2007-11-13T12:41:20","modified_gmt":"2007-11-13T12:41:20","slug":"amable-aristy-responsabiliza-al-gobierno-de-tragedia-noel","status":"publish","type":"post","link":"https:\/\/diariodominicano.com\/?p=191997","title":{"rendered":"Amable Aristy responsabiliza al Gobierno de tragedia Noel"},"content":{"rendered":"<p><body><\/p>\n<p class=\"titulogrande1\">Amable Aristy responsabiliza al Gobierno de tragedia Noel<\/p>\n<p>&#13;<\/p>\n<p align=\"justify\" class=\"text1noticias\"><strong><img loading=\"lazy\" decoding=\"async\" src=\"http:\/\/localhost:8080\/pictures\/amable aristy en.jpg\" width=\"269\" height=\"180\" hspace=\"4\" align=\"left\" \/>SANTIAGO.- <\/strong>El candidato presidencial del Partido Reformista Social  Cristiano (PRSC) responsabiliz\u00f3 al Gobierno de ser el responsable de la  tragedia provocada por la tormenta Noel, que dej\u00f3 cerca de un centenar de  muertes, decenas de desaparecidos y miles de damnificados.<\/p>\n<p>&#13;<\/p>\n<p align=\"justify\" class=\"text1noticias\">Amable Aristy instruy\u00f3 a los legisladores de su partido para que sometan al  Congreso la interpelaci\u00f3n de los directores de\u00a0  Meteorolog\u00eda, Defensa Civil y del Instituto Nacional de Recursos  Hidr\u00e1ulicos (INDRHI), as\u00ed como del presidente del Centro de Operaciones de  Emergencias (COE) \u201cpor ser los culpables de la tragedia provocada por Noel\u201d.<\/p>\n<p>&#13;<\/p>\n<p align=\"justify\" class=\"text1noticias\">\u201cLa tormenta encontr\u00f3 a los dominicanos durmiendo por culpa de la negligencia  del presidente Fern\u00e1ndez y de sus funcionarios\u201d, agreg\u00f3.<\/p>\n<p>&#13;<\/p>\n<p align=\"justify\" class=\"text1noticias\">Denunci\u00f3 asimismo que las ayudas internacionales est\u00e1n siendo desviadas por  los funcionarios para los comit\u00e9s intermedios y de bases del Partido de la Liberaci\u00f3n Dominicana  (PLD) para distribu\u00edrsela entre los dirigentes y cuadros de esa organizaci\u00f3n.<\/p>\n<p>&#13;<\/p>\n<p align=\"justify\" class=\"text1noticias\">Resalt\u00f3 en ese sentido que \u201cest\u00e1n haciendo lo mismo que cuando el hurac\u00e1n  George, que las ayudas fueron aparar a los locales del PLD para repart\u00edrselas  entre los pelede\u00edstas\u201d.<\/p>\n<p>&#13;<\/p>\n<p align=\"justify\" class=\"text1noticias\">\u201cY mientras esto ocurre, miles de familias damnificadas pasan todas las  calamidades, porque no est\u00e1n recibiendo esas ayudas que llegan del exterior\u201d,  resalt\u00f3.<\/p>\n<p>&#13;<\/p>\n<p align=\"justify\" class=\"text1noticias\">Amable Aristy habl\u00f3 durante un marcha denominada \u201ccacerolazo contra la  pobreza\u201d en el populoso sector de Cienfuegos, de Santiago, donde distribuy\u00f3  cien cerdos vivos, pollos, salami, estufas, tanques de gas de cocinar,  colchones, mosquiteros y dinero en efectivo.<br \/>&#13;<br \/>\n  \u00a0<br \/>&#13;<br \/>\n  Dijo que en la v\u00edspera de la tragedia de Noel el presidente de la Rep\u00fablica se encontraba  en Moca encabezando una actividad proselitista, donde ya comenzaba a caer  copiosos aguaceros \u201cy el mandatario para que sus seguidores no se dispersaran  dijo que esa agua era bendita para los pelede\u00edstas\u201d.<\/p>\n<p>&#13;<\/p>\n<p align=\"justify\" class=\"text1noticias\">Amable Aristy  estuvo acompa\u00f1ado del s\u00edndico Jos\u00e9 Enrique Sued, los diputados M\u00e1ximo Castro  Silverio, Marino Collante y V\u00edctor Garc\u00eda Sued y los regidores Paquito Cruz,  \u00c1ngela Ricardo, Sarah Nolasco, Isidro Jim\u00e9nez, Juan de Dios Almonte, El\u00edas  Castro, Mercedes D\u00edaz, Gabriel Batista, Domingo N\u00fa\u00f1ez, as\u00ed como los dirigentes  Beny Sued y Anyolino Germosen\u00a0 y el  coordinador nacional de campa\u00f1a Ram\u00f3n Rogelio Genao.<\/p>\n<p>&#13;<\/p>\n<h6> 2007-11-13 12:41:20 <\/h6>\n<p><!--\n<link rel=\"stylesheet\" href=\"css\/bootstrap.min.css\">\n\n\n<ul class=\"pagination\">\n\t    \n\t\n\n<li >\n\t<a href='?page_no=34744'>Previous<\/a>\n\t<\/li>\n\n\n       \n    \n\n<li><a href='?page_no=1'>1<\/a><\/li>\n\n\n\n<li><a href='?page_no=2'>2<\/a><\/li>\n\n\n\n<li><a>...<\/a><\/li>\n\n\n\n<li><a href='?page_no=34743'>34743<\/a><\/li>\n\n\n\n<li><a href='?page_no=34744'>34744<\/a><\/li>\n\n\n\n<li class='active'><a>34745<\/a><\/li>\n\n\n\n<li><a href='?page_no=34746'>34746<\/a><\/li>\n\n\n\n<li><a href='?page_no=34747'>34747<\/a><\/li>\n\n\n\n<li><a>...<\/a><\/li>\n\n\n\n<li><a href='?page_no=36999'>36999<\/a><\/li>\n\n\n\n<li><a href='?page_no=37000'>37000<\/a><\/li>\n\n    \n\t\n\n<li >\n\t<a href='?page_no=34746'>Next<\/a>\n\t<\/li>\n\n\n    \n\n<li><a href='?page_no=37000'>Last &rsaquo;&rsaquo;<\/a><\/li>\n\n<\/ul>\n\n\n--><br \/>\n<\/body><\/p>\n","protected":false},"excerpt":{"rendered":"<p>Amable Aristy responsabiliza al Gobierno de tragedia Noel &#13; SANTIAGO.- El candidato presidencial del Partido Reformista Social Cristiano (PRSC) responsabiliz\u00f3 al Gobierno de ser el responsable de la tragedia provocada por la tormenta Noel, que dej\u00f3 cerca de un centenar de muertes, decenas de desaparecidos y miles de damnificados. &#13; Amable Aristy instruy\u00f3 a los [&hellip;]<\/p>\n","protected":false},"author":3,"featured_media":0,"comment_status":"open","ping_status":"open","sticky":false,"template":"","format":"standard","meta":{"footnotes":""},"categories":[22],"tags":[],"class_list":["post-191997","post","type-post","status-publish","format-standard","hentry","category-politica"],"_links":{"self":[{"href":"https:\/\/diariodominicano.com\/index.php?rest_route=\/wp\/v2\/posts\/191997","targetHints":{"allow":["GET"]}}],"collection":[{"href":"https:\/\/diariodominicano.com\/index.php?rest_route=\/wp\/v2\/posts"}],"about":[{"href":"https:\/\/diariodominicano.com\/index.php?rest_route=\/wp\/v2\/types\/post"}],"author":[{"embeddable":true,"href":"https:\/\/diariodominicano.com\/index.php?rest_route=\/wp\/v2\/users\/3"}],"replies":[{"embeddable":true,"href":"https:\/\/diariodominicano.com\/index.php?rest_route=%2Fwp%2Fv2%2Fcomments&post=191997"}],"version-history":[{"count":0,"href":"https:\/\/diariodominicano.com\/index.php?rest_route=\/wp\/v2\/posts\/191997\/revisions"}],"wp:attachment":[{"href":"https:\/\/diariodominicano.com\/index.php?rest_route=%2Fwp%2Fv2%2Fmedia&parent=191997"}],"wp:term":[{"taxonomy":"category","embeddable":true,"href":"https:\/\/diariodominicano.com\/index.php?rest_route=%2Fwp%2Fv2%2Fcategories&post=191997"},{"taxonomy":"post_tag","embeddable":true,"href":"https:\/\/diariodominicano.com\/index.php?rest_route=%2Fwp%2Fv2%2Ftags&post=191997"}],"curies":[{"name":"wp","href":"https:\/\/api.w.org\/{rel}","templated":true}]}}